{"id":15727,"date":"2025-06-04T22:27:12","date_gmt":"2025-06-04T22:27:12","guid":{"rendered":"https:\/\/entrenotasyacordes.com\/?p=15727"},"modified":"2025-06-04T22:27:13","modified_gmt":"2025-06-04T22:27:13","slug":"miranda-llega-a-la-plata","status":"publish","type":"post","link":"https:\/\/entrenotasyacordes.com\/?p=15727","title":{"rendered":"MIRANDA! LLEGA A LA PLATA"},"content":{"rendered":"\n<!--more-->\n\n\n<div class=\"wp-block-image\">\n<figure class=\"aligncenter size-full\"><img loading=\"lazy\" decoding=\"async\" width=\"2250\" height=\"2250\" src=\"https:\/\/entrenotasyacordes.com\/wp-content\/uploads\/2025\/06\/1749052417159-miranda_livepass-01.jpg\" alt=\"\" class=\"wp-image-15728\" srcset=\"https:\/\/entrenotasyacordes.com\/wp-content\/uploads\/2025\/06\/1749052417159-miranda_livepass-01.jpg 2250w, https:\/\/entrenotasyacordes.com\/wp-content\/uploads\/2025\/06\/1749052417159-miranda_livepass-01-300x300.jpg 300w, https:\/\/entrenotasyacordes.com\/wp-content\/uploads\/2025\/06\/1749052417159-miranda_livepass-01-1024x1024.jpg 1024w, https:\/\/entrenotasyacordes.com\/wp-content\/uploads\/2025\/06\/1749052417159-miranda_livepass-01-150x150.jpg 150w, https:\/\/entrenotasyacordes.com\/wp-content\/uploads\/2025\/06\/1749052417159-miranda_livepass-01-768x768.jpg 768w, https:\/\/entrenotasyacordes.com\/wp-content\/uploads\/2025\/06\/1749052417159-miranda_livepass-01-1536x1536.jpg 1536w, https:\/\/entrenotasyacordes.com\/wp-content\/uploads\/2025\/06\/1749052417159-miranda_livepass-01-2048x2048.jpg 2048w, https:\/\/entrenotasyacordes.com\/wp-content\/uploads\/2025\/06\/1749052417159-miranda_livepass-01-50x50.jpg 50w\" sizes=\"auto, (max-width: 2250px) 100vw, 2250px\" \/><\/figure>\n<\/div>\n\n\n<p class=\"has-text-align-left\">El d\u00fao pop llegar\u00e1 a la ciudad de&nbsp;<strong>La Plata<\/strong>&nbsp;el<strong>&nbsp;s\u00e1bado 29 de noviembre&nbsp;<\/strong>para presentarse en el&nbsp;<strong>Hip\u00f3dromo<\/strong>&nbsp;con su gira 2025. En el marco del ciclo Noches Capitales, desplegar\u00e1n una propuesta esc\u00e9nica imponente a cielo abierto con todos los hits que consagraron a&nbsp;<strong>Miranda!<\/strong>&nbsp;como referente del pop latinoamericano.<\/p>\n\n\n\n<p>Las entradas se encuentran a la venta por sistema&nbsp;<a href=\"https:\/\/livepass.com.ar\/events\/miranda-en-hipodromo-de-la-plata?utm_source=perfit&amp;utm_medium=email\" rel=\"noreferrer noopener\" target=\"_blank\">Livepass<\/a>&nbsp;y boleteria del Teatro \u00d3pera La Plata.<\/p>\n\n\n\n<p class=\"has-text-align-left\">Comprando con tarjetas Visa y MasterCard del Banco Provincia tenes 4 cuotas sin inter\u00e9s<\/p>\n\n\n<div class=\"wp-block-image\">\n<figure class=\"aligncenter size-full is-resized\"><img loading=\"lazy\" decoding=\"async\" width=\"2560\" height=\"1706\" src=\"https:\/\/entrenotasyacordes.com\/wp-content\/uploads\/2025\/06\/1749052627450-ADR07049-scaled.jpg\" alt=\"\" class=\"wp-image-15729\" style=\"width:668px;height:auto\" srcset=\"https:\/\/entrenotasyacordes.com\/wp-content\/uploads\/2025\/06\/1749052627450-ADR07049-scaled.jpg 2560w, https:\/\/entrenotasyacordes.com\/wp-content\/uploads\/2025\/06\/1749052627450-ADR07049-300x200.jpg 300w, https:\/\/entrenotasyacordes.com\/wp-content\/uploads\/2025\/06\/1749052627450-ADR07049-1024x683.jpg 1024w, https:\/\/entrenotasyacordes.com\/wp-content\/uploads\/2025\/06\/1749052627450-ADR07049-768x512.jpg 768w, https:\/\/entrenotasyacordes.com\/wp-content\/uploads\/2025\/06\/1749052627450-ADR07049-1536x1024.jpg 1536w, https:\/\/entrenotasyacordes.com\/wp-content\/uploads\/2025\/06\/1749052627450-ADR07049-2048x1365.jpg 2048w\" sizes=\"auto, (max-width: 2560px) 100vw, 2560px\" \/><\/figure>\n<\/div>\n\n\n<p>Luego de un 2024 cargado de \u00e9xitos y logros, con el Premio Gardel de Oro incluido,&nbsp;MIRANDA! va por m\u00e1s en este nuevo a\u00f1o. Con una gira internacional y un exitoso nuevo disco, Ale Sergi y Juliana Gattas contin\u00faan&nbsp;demostrando que son los reyes del pop.<\/p>\n\n\n\n<p>El d\u00fao, recientemente, volvi\u00f3 a deslumbrar con su m\u00e1s reciente material \u00a8Nuevo Hotel Miranda!\u00a8,&nbsp; con canciones completamente originales e invitados de la talla de Fito P\u00e1ez, Vicentico, Tini, Nicki Nicole, Conociendo Rusia, Ana Mena, Leo Rizzi, Young Cister, Kenia OS y Abraham Mateo, este nuevo disco ha sido un \u00e9xito rotundo en las plataformas.<\/p>\n\n\n<div class=\"wp-block-image\">\n<figure class=\"aligncenter size-full is-resized\"><img loading=\"lazy\" decoding=\"async\" width=\"2560\" height=\"1707\" src=\"https:\/\/entrenotasyacordes.com\/wp-content\/uploads\/2025\/06\/1749052662463-ADR07959-scaled.jpeg\" alt=\"\" class=\"wp-image-15730\" style=\"width:720px;height:auto\" srcset=\"https:\/\/entrenotasyacordes.com\/wp-content\/uploads\/2025\/06\/1749052662463-ADR07959-scaled.jpeg 2560w, https:\/\/entrenotasyacordes.com\/wp-content\/uploads\/2025\/06\/1749052662463-ADR07959-300x200.jpeg 300w, https:\/\/entrenotasyacordes.com\/wp-content\/uploads\/2025\/06\/1749052662463-ADR07959-1024x683.jpeg 1024w, https:\/\/entrenotasyacordes.com\/wp-content\/uploads\/2025\/06\/1749052662463-ADR07959-768x512.jpeg 768w, https:\/\/entrenotasyacordes.com\/wp-content\/uploads\/2025\/06\/1749052662463-ADR07959-1536x1024.jpeg 1536w, https:\/\/entrenotasyacordes.com\/wp-content\/uploads\/2025\/06\/1749052662463-ADR07959-2048x1366.jpeg 2048w\" sizes=\"auto, (max-width: 2560px) 100vw, 2560px\" \/><\/figure>\n<\/div>\n\n\n<p><strong>Sobre&nbsp;Miranda!<\/strong><\/p>\n\n\n\n<p>Ale Sergi y Juliana Gattas son&nbsp;Miranda!, el d\u00fao pop m\u00e1s importante de Latinoam\u00e9rica. La banda es reconocida por su extravagante presencia en escenario, canciones pegadizas y ritmos que van desde la balada al rock, y lleva m\u00e1s de 20 a\u00f1os haciendo un hit tras otro.<\/p>\n\n\n\n<p>Del under porte\u00f1o a los principales escenarios de Am\u00e9rica Latina y el mundo, pasando por los podios de los m\u00e1s destacados rankings y ganando los premios m\u00e1s importantes,&nbsp;Miranda! logr\u00f3 crear una identidad art\u00edstica \u00fanica.<\/p>\n","protected":false},"excerpt":{"rendered":"","protected":false},"author":5,"featured_media":15728,"comment_status":"open","ping_status":"open","sticky":false,"template":"","format":"standard","meta":{"om_disable_all_campaigns":false,"_uf_show_specific_survey":0,"_uf_disable_surveys":false,"footnotes":""},"categories":[36],"tags":[],"class_list":["post-15727","post","type-post","status-publish","format-standard","has-post-thumbnail","hentry","category-conciertos"],"_links":{"self":[{"href":"https:\/\/entrenotasyacordes.com\/index.php?rest_route=\/wp\/v2\/posts\/15727","targetHints":{"allow":["GET"]}}],"collection":[{"href":"https:\/\/entrenotasyacordes.com\/index.php?rest_route=\/wp\/v2\/posts"}],"about":[{"href":"https:\/\/entrenotasyacordes.com\/index.php?rest_route=\/wp\/v2\/types\/post"}],"author":[{"embeddable":true,"href":"https:\/\/entrenotasyacordes.com\/index.php?rest_route=\/wp\/v2\/users\/5"}],"replies":[{"embeddable":true,"href":"https:\/\/entrenotasyacordes.com\/index.php?rest_route=%2Fwp%2Fv2%2Fcomments&post=15727"}],"version-history":[{"count":1,"href":"https:\/\/entrenotasyacordes.com\/index.php?rest_route=\/wp\/v2\/posts\/15727\/revisions"}],"predecessor-version":[{"id":15731,"href":"https:\/\/entrenotasyacordes.com\/index.php?rest_route=\/wp\/v2\/posts\/15727\/revisions\/15731"}],"wp:featuredmedia":[{"embeddable":true,"href":"https:\/\/entrenotasyacordes.com\/index.php?rest_route=\/wp\/v2\/media\/15728"}],"wp:attachment":[{"href":"https:\/\/entrenotasyacordes.com\/index.php?rest_route=%2Fwp%2Fv2%2Fmedia&parent=15727"}],"wp:term":[{"taxonomy":"category","embeddable":true,"href":"https:\/\/entrenotasyacordes.com\/index.php?rest_route=%2Fwp%2Fv2%2Fcategories&post=15727"},{"taxonomy":"post_tag","embeddable":true,"href":"https:\/\/entrenotasyacordes.com\/index.php?rest_route=%2Fwp%2Fv2%2Ftags&post=15727"}],"curies":[{"name":"wp","href":"https:\/\/api.w.org\/{rel}","templated":true}]}}