{"id":15780,"date":"2025-06-13T00:35:29","date_gmt":"2025-06-13T00:35:29","guid":{"rendered":"https:\/\/entrenotasyacordes.com\/?p=15780"},"modified":"2025-06-13T00:35:31","modified_gmt":"2025-06-13T00:35:31","slug":"emmanuel-horvilleur-llega-al-gran-rex","status":"publish","type":"post","link":"https:\/\/entrenotasyacordes.com\/?p=15780","title":{"rendered":"EMMANUEL HORVILLEUR LLEGA AL GRAN REX"},"content":{"rendered":"\n<!--more-->\n\n\n\n<p class=\"has-text-align-center\"><strong>S\u00e1bado 18 de octubre &#8211; 20 hs.<br>Teatro Gran Rex<\/strong><\/p>\n\n\n\n<p class=\"has-text-align-left\">El s\u00e1bado 18 de octubre, Emmanuel Horvilleur se presentar\u00e1 en el teatro Gran Rex en un show que combina su presente musical con los cl\u00e1sicos de siempre.<\/p>\n\n\n\n<p class=\"has-text-align-center\"><strong>Para clientes de Banco Provincia 4 cuotas sin inter\u00e9s con tarjetas de cr\u00e9dito Visa y Mastercard.<\/strong><\/p>\n\n\n\n<p class=\"has-text-align-center\"><strong>Entradas a la venta<\/strong><br><a href=\"https:\/\/www.tuentrada.com\/eventos\/detalle\/Emmanuel-Horvilleur\/915418265853\" target=\"_blank\" rel=\"noreferrer noopener\"><strong>www.tuentrada.com<\/strong><\/a><br><strong>\u00a0y en boleter\u00edas del teatro.\u00a0<\/strong><\/p>\n\n\n\n<figure class=\"wp-block-image size-full\"><img loading=\"lazy\" decoding=\"async\" width=\"1012\" height=\"1024\" src=\"https:\/\/entrenotasyacordes.com\/wp-content\/uploads\/2025\/06\/Horvilleur-Gran-Rex-1012x1024-1.png\" alt=\"\" class=\"wp-image-15801\" srcset=\"https:\/\/entrenotasyacordes.com\/wp-content\/uploads\/2025\/06\/Horvilleur-Gran-Rex-1012x1024-1.png 1012w, https:\/\/entrenotasyacordes.com\/wp-content\/uploads\/2025\/06\/Horvilleur-Gran-Rex-1012x1024-1-296x300.png 296w, https:\/\/entrenotasyacordes.com\/wp-content\/uploads\/2025\/06\/Horvilleur-Gran-Rex-1012x1024-1-768x777.png 768w, https:\/\/entrenotasyacordes.com\/wp-content\/uploads\/2025\/06\/Horvilleur-Gran-Rex-1012x1024-1-50x50.png 50w\" sizes=\"auto, (max-width: 1012px) 100vw, 1012px\" \/><\/figure>\n\n\n\n<p>El pr\u00f3ximo 18 de octubre, Emmanuel Horvilleur se presentar\u00e1 en el emblem\u00e1tico Teatro Gran Rex de Buenos Aires, en un show que promete ser uno de los grandes momentos musicales del a\u00f1o. Con una trayectoria que lo ubica como referente indiscutido del pop argentino, Horvilleur vuelve al centro de la escena con una propuesta que combina lo mejor de su repertorio, nuevas canciones y una puesta visual de alto impacto.<\/p>\n\n\n\n<p>Este esperado concierto llega en medio del lanzamiento de \u201cEl\u00e1stico\u201d, su nuevo single, ya disponible en todas las plataformas digitales. Se trata del segundo adelanto de su pr\u00f3ximo \u00e1lbum de estudio \u2014actualmente en producci\u00f3n\u2014 y una muestra m\u00e1s del inagotable talento de Emmanuel como m\u00fasico, compositor y creador de universos est\u00e9ticos \u00fanicos.<\/p>\n\n\n\n<p>En \u201cEl\u00e1stico\u201d, Horvilleur profundiza el viaje iniciado con \u201cSupersuave\u201d, desplegando una est\u00e9tica cargada de sensualidad, simbolismo y elegancia. El videoclip, protagonizado por el propio Emmanuel y la actriz Brenda Gandini, funciona como una secuela directa de su antecesor, reafirmando la b\u00fasqueda visual y narrativa que atraviesa esta nueva etapa art\u00edstica.<\/p>\n\n\n<div class=\"wp-block-image\">\n<figure class=\"aligncenter size-large\"><img loading=\"lazy\" decoding=\"async\" width=\"686\" height=\"1024\" src=\"https:\/\/entrenotasyacordes.com\/wp-content\/uploads\/2025\/06\/1749478755825-Captura-de-pantalla-2025-06-09-a-las-11.19.10___a.__m-686x1024.png\" alt=\"\" class=\"wp-image-15797\" srcset=\"https:\/\/entrenotasyacordes.com\/wp-content\/uploads\/2025\/06\/1749478755825-Captura-de-pantalla-2025-06-09-a-las-11.19.10___a.__m-686x1024.png 686w, https:\/\/entrenotasyacordes.com\/wp-content\/uploads\/2025\/06\/1749478755825-Captura-de-pantalla-2025-06-09-a-las-11.19.10___a.__m-201x300.png 201w, https:\/\/entrenotasyacordes.com\/wp-content\/uploads\/2025\/06\/1749478755825-Captura-de-pantalla-2025-06-09-a-las-11.19.10___a.__m-768x1146.png 768w, https:\/\/entrenotasyacordes.com\/wp-content\/uploads\/2025\/06\/1749478755825-Captura-de-pantalla-2025-06-09-a-las-11.19.10___a.__m.png 890w\" sizes=\"auto, (max-width: 686px) 100vw, 686px\" \/><\/figure>\n<\/div>\n\n\n<p>El show en el Gran Rex se suma a un a\u00f1o de gran actividad para Emmanuel, que en febrero volvi\u00f3 a reunirse con Dante Spinetta para un unico&nbsp; explosivo show en Argentina de IKV, reviviendo la energ\u00eda y el legado de una de las bandas m\u00e1s influyentes de la m\u00fasica nacional. Ahora, con nuevo material y una renovada puesta en escena, se prepara para un reencuentro \u00edntimo con su p\u00fablico desde su faceta solista.<\/p>\n\n\n\n<p>Las entradas para el show en el Teatro Gran Rex ya est\u00e1n disponibles a trav\u00e9s de [plataforma de venta] y se espera una alta demanda por tratarse de un reencuentro muy esperado con el artista.<\/p>\n\n\n\n<p><\/p>\n","protected":false},"excerpt":{"rendered":"","protected":false},"author":5,"featured_media":15793,"comment_status":"open","ping_status":"open","sticky":false,"template":"","format":"standard","meta":{"om_disable_all_campaigns":false,"_uf_show_specific_survey":0,"_uf_disable_surveys":false,"footnotes":""},"categories":[36],"tags":[],"class_list":["post-15780","post","type-post","status-publish","format-standard","has-post-thumbnail","hentry","category-conciertos"],"_links":{"self":[{"href":"https:\/\/entrenotasyacordes.com\/index.php?rest_route=\/wp\/v2\/posts\/15780","targetHints":{"allow":["GET"]}}],"collection":[{"href":"https:\/\/entrenotasyacordes.com\/index.php?rest_route=\/wp\/v2\/posts"}],"about":[{"href":"https:\/\/entrenotasyacordes.com\/index.php?rest_route=\/wp\/v2\/types\/post"}],"author":[{"embeddable":true,"href":"https:\/\/entrenotasyacordes.com\/index.php?rest_route=\/wp\/v2\/users\/5"}],"replies":[{"embeddable":true,"href":"https:\/\/entrenotasyacordes.com\/index.php?rest_route=%2Fwp%2Fv2%2Fcomments&post=15780"}],"version-history":[{"count":1,"href":"https:\/\/entrenotasyacordes.com\/index.php?rest_route=\/wp\/v2\/posts\/15780\/revisions"}],"predecessor-version":[{"id":15802,"href":"https:\/\/entrenotasyacordes.com\/index.php?rest_route=\/wp\/v2\/posts\/15780\/revisions\/15802"}],"wp:featuredmedia":[{"embeddable":true,"href":"https:\/\/entrenotasyacordes.com\/index.php?rest_route=\/wp\/v2\/media\/15793"}],"wp:attachment":[{"href":"https:\/\/entrenotasyacordes.com\/index.php?rest_route=%2Fwp%2Fv2%2Fmedia&parent=15780"}],"wp:term":[{"taxonomy":"category","embeddable":true,"href":"https:\/\/entrenotasyacordes.com\/index.php?rest_route=%2Fwp%2Fv2%2Fcategories&post=15780"},{"taxonomy":"post_tag","embeddable":true,"href":"https:\/\/entrenotasyacordes.com\/index.php?rest_route=%2Fwp%2Fv2%2Ftags&post=15780"}],"curies":[{"name":"wp","href":"https:\/\/api.w.org\/{rel}","templated":true}]}}