{"id":15811,"date":"2025-06-13T00:50:21","date_gmt":"2025-06-13T00:50:21","guid":{"rendered":"https:\/\/entrenotasyacordes.com\/?p=15811"},"modified":"2025-06-13T00:50:22","modified_gmt":"2025-06-13T00:50:22","slug":"jesse-malin-en-argentina-viernes-20-de-junio-en-la-tangente-honduras-5317-palermo-entradas-a-la-venta","status":"publish","type":"post","link":"https:\/\/entrenotasyacordes.com\/?p=15811","title":{"rendered":"JESSE MALIN en ARGENTINA: viernes 20 de junio en LA TANGENTE, Honduras 5317, Palermo. Entradas a la venta."},"content":{"rendered":"\n<!--more-->\n\n\n\n<p class=\"has-text-align-left\">El cantautor neoyorquino se presenta por primera vez en Argentina el pr\u00f3ximo&nbsp;<strong>viernes 20<\/strong>&nbsp;de&nbsp;<strong>junio<\/strong>&nbsp;en Buenos Aires. Ser\u00e1 en&nbsp;<strong>La Tangente<\/strong>, Honduras 5317, Palermo. &nbsp;<\/p>\n\n\n\n<p>Las entradas ya se encuentran a la venta: <a href=\"https:\/\/tickets.latangente.com.ar\/musica\/jesse-malin\">https:\/\/tickets.latangente.com.ar\/musica\/jesse-malin<\/a><\/p>\n\n\n<div class=\"wp-block-image\">\n<figure class=\"aligncenter size-full\"><img loading=\"lazy\" decoding=\"async\" width=\"1420\" height=\"596\" src=\"https:\/\/entrenotasyacordes.com\/wp-content\/uploads\/2025\/05\/Jesse_Malin_flyer.jpg\" alt=\"\" class=\"wp-image-15569\" srcset=\"https:\/\/entrenotasyacordes.com\/wp-content\/uploads\/2025\/05\/Jesse_Malin_flyer.jpg 1420w, https:\/\/entrenotasyacordes.com\/wp-content\/uploads\/2025\/05\/Jesse_Malin_flyer-300x126.jpg 300w, https:\/\/entrenotasyacordes.com\/wp-content\/uploads\/2025\/05\/Jesse_Malin_flyer-1024x430.jpg 1024w, https:\/\/entrenotasyacordes.com\/wp-content\/uploads\/2025\/05\/Jesse_Malin_flyer-768x322.jpg 768w\" sizes=\"auto, (max-width: 1420px) 100vw, 1420px\" \/><\/figure>\n<\/div>\n\n\n<p class=\"has-text-align-left\">El a\u00f1o pasado, Jesse escribi\u00f3 una canci\u00f3n sobre nuestro pa\u00eds, es su \u00faltimo single \u201cArgentina\u201d. All\u00ed agradece como fue recibido y cuidado durante un tratamiento m\u00e9dico de alta complejidad, tras un accidente vascular sufrido a mediados de 2023. &nbsp;<\/p>\n\n\n\n<p><strong>Malin<\/strong>&nbsp;fue uno de los m\u00fasicos m\u00e1s admirados por&nbsp;<strong>JOEY RAMONE<\/strong>&nbsp;y&nbsp;<strong>JOE STRUMMER<\/strong>&nbsp;de THE CLASH. Sus bandas fundacionales Heart Attack y D Generation se convirtieron en pilares del hardcore y el glam-punk de Nueva York de los a\u00f1os ochenta y noventa. &nbsp;<\/p>\n\n\n\n<p>Solista desde el 2000, su m\u00fasica vir\u00f3 hacia el rock americano m\u00e1s tradicional, con mucha influencia de los&nbsp;<strong>ROLLING STONES&nbsp;<\/strong>de la d\u00e9cada del \u201870 con ra\u00edces en el blues y el rock tradicional. Le sobran calle y canciones. &nbsp;<\/p>\n\n\n\n<p>Es uno de los \u00faltimos representantes de la camada de punk rockeros con m\u00e1s rock que punk, disc\u00edpulo directo de la escuela de Johnny Thunders, The Replacements o Stiv Bators, y comparti\u00f3 escenario con un \u00edcono como Debbie Harry de&nbsp;<strong>BLONDIE<\/strong>. &nbsp;<\/p>\n\n\n\n<p>Si Nueva York tiene una banda sonora, su legado atraviesa no s\u00f3lo la m\u00fasica de Jesse Malin, sino tambi\u00e9n su visi\u00f3n. Es el mayor baluarte en mantener vivo el pulso y el esp\u00edritu del rock en la ciudad que nunca duerme, ya desde principios de los a\u00f1os \u201890 fue principal protagonista de salas emblem\u00e1ticas como Coney Island High, Niagara y The Bowery Electric.<\/p>\n\n\n\n<p>Recientemente&nbsp;<strong>IGGY POP<\/strong>&nbsp;lo defini\u00f3 como el m\u00e1ximo exponente del verdadero rock neoyorquino incluso por encima de New York Dolls o The Ramones. No fue solo una opini\u00f3n. Es una verdadera medalla. &nbsp;<\/p>\n\n\n\n<p><strong>BRUCE SPRINGSTEEN<\/strong>&nbsp;particip\u00f3 en su single \u201cBroken Radio\u201d y lo invit\u00f3 a cantar en vivo en el Met Life Stadium de Nueva Jersey. &nbsp;<\/p>\n\n\n\n<p>Fue uno de los m\u00fasicos invitados en 2018 para celebrar los 60 a\u00f1os de Shane Mac Gowan de&nbsp;<strong>THE POGUES<\/strong>&nbsp;en un concierto junto al propio MAC GOWAN y artistas como SINEAD O\u2019CONNOR, NICK CAVE y BONO DE U2. &nbsp;<\/p>\n\n\n\n<p>El disco&nbsp;<em>SILVER PATRON SAINTS THE SONGS OF JESSE MALIN<\/em>&nbsp;es un homenaje a beneficio con artistas que versionan buena parte de su carrera. Participan m\u00fasicos amigos como BILLIE JOE de GREEN DAY, ELVIS COSTELLO, TOM MORELLO de RAGE AGAINST THE MACHINE, GOGOL BORDELLO, RANCID, WAYNE KRAMER de MC5, COUNTING CROWS, AGNOSTIC FRONT, JAKOB DYLAN, IAN HUNTER de MOTT THE HOOPLE o DINOSAUR JR. &nbsp;<\/p>\n\n\n\n<p class=\"has-text-align-left\">\u00bfC\u00f3mo no confiar en la calidad musical de un tipo que tiene esos amigos?<\/p>\n\n\n<div class=\"wp-block-image\">\n<figure class=\"aligncenter size-full is-resized\"><img loading=\"lazy\" decoding=\"async\" width=\"800\" height=\"533\" src=\"https:\/\/entrenotasyacordes.com\/wp-content\/uploads\/2025\/05\/Jesse_Malin_foto.jpg\" alt=\"\" class=\"wp-image-15570\" style=\"width:531px;height:auto\" srcset=\"https:\/\/entrenotasyacordes.com\/wp-content\/uploads\/2025\/05\/Jesse_Malin_foto.jpg 800w, https:\/\/entrenotasyacordes.com\/wp-content\/uploads\/2025\/05\/Jesse_Malin_foto-300x200.jpg 300w, https:\/\/entrenotasyacordes.com\/wp-content\/uploads\/2025\/05\/Jesse_Malin_foto-768x512.jpg 768w\" sizes=\"auto, (max-width: 800px) 100vw, 800px\" \/><\/figure>\n<\/div>\n\n\n<p>\u00abArgentina\u00bb &#8211; Videoclip oficial 2024 filmado en Buenos Aires:<\/p>\n\n\n\n<figure class=\"wp-block-embed is-type-video is-provider-youtube wp-block-embed-youtube wp-embed-aspect-16-9 wp-has-aspect-ratio\"><div class=\"wp-block-embed__wrapper\">\n<div class=\"epyt-video-wrapper\"><iframe loading=\"lazy\"  id=\"_ytid_84424\"  width=\"640\" height=\"360\"  data-origwidth=\"640\" data-origheight=\"360\" src=\"https:\/\/www.youtube.com\/embed\/jrgB0X0t7wA?enablejsapi=1&#038;autoplay=0&#038;cc_load_policy=0&#038;cc_lang_pref=&#038;iv_load_policy=1&#038;loop=0&#038;rel=1&#038;fs=1&#038;playsinline=0&#038;autohide=2&#038;theme=dark&#038;color=white&#038;controls=1&#038;\" class=\"__youtube_prefs__  epyt-is-override  no-lazyload\" data-vol=\"50\"  title=\"YouTube player\"  allow=\"fullscreen; accelerometer; autoplay; clipboard-write; encrypted-media; gyroscope; picture-in-picture; web-share\" referrerpolicy=\"strict-origin-when-cross-origin\" allowfullscreen data-no-lazy=\"1\" data-skipgform_ajax_framebjll=\"\"><\/iframe><\/div>\n<\/div><\/figure>\n\n\n\n<p>\u00abBlack Haired Girl\u00bb Billie Joe Armstrong\/Jesse Malin (2024):<\/p>\n\n\n\n<figure class=\"wp-block-embed is-type-video is-provider-youtube wp-block-embed-youtube wp-embed-aspect-16-9 wp-has-aspect-ratio\"><div class=\"wp-block-embed__wrapper\">\n<div class=\"epyt-video-wrapper\"><iframe loading=\"lazy\"  id=\"_ytid_99956\"  width=\"640\" height=\"360\"  data-origwidth=\"640\" data-origheight=\"360\" src=\"https:\/\/www.youtube.com\/embed\/uQrHrwW03KI?enablejsapi=1&#038;autoplay=0&#038;cc_load_policy=0&#038;cc_lang_pref=&#038;iv_load_policy=1&#038;loop=0&#038;rel=1&#038;fs=1&#038;playsinline=0&#038;autohide=2&#038;theme=dark&#038;color=white&#038;controls=1&#038;\" class=\"__youtube_prefs__  epyt-is-override  no-lazyload\" data-vol=\"50\"  title=\"YouTube player\"  allow=\"fullscreen; accelerometer; autoplay; clipboard-write; encrypted-media; gyroscope; picture-in-picture; web-share\" referrerpolicy=\"strict-origin-when-cross-origin\" allowfullscreen data-no-lazy=\"1\" data-skipgform_ajax_framebjll=\"\"><\/iframe><\/div>\n<\/div><\/figure>\n\n\n\n<p>\u00abBroken Radio\u00bb Jesse Malin feat. Bruce Springsteen (2022):<\/p>\n\n\n\n<figure class=\"wp-block-embed is-type-video is-provider-youtube wp-block-embed-youtube wp-embed-aspect-16-9 wp-has-aspect-ratio\"><div class=\"wp-block-embed__wrapper\">\n<div class=\"epyt-video-wrapper\"><iframe loading=\"lazy\"  id=\"_ytid_61964\"  width=\"640\" height=\"360\"  data-origwidth=\"640\" data-origheight=\"360\" src=\"https:\/\/www.youtube.com\/embed\/iPmh_BHJQ_g?enablejsapi=1&#038;autoplay=0&#038;cc_load_policy=0&#038;cc_lang_pref=&#038;iv_load_policy=1&#038;loop=0&#038;rel=1&#038;fs=1&#038;playsinline=0&#038;autohide=2&#038;theme=dark&#038;color=white&#038;controls=1&#038;\" class=\"__youtube_prefs__  epyt-is-override  no-lazyload\" data-vol=\"50\"  title=\"YouTube player\"  allow=\"fullscreen; accelerometer; autoplay; clipboard-write; encrypted-media; gyroscope; picture-in-picture; web-share\" referrerpolicy=\"strict-origin-when-cross-origin\" allowfullscreen data-no-lazy=\"1\" data-skipgform_ajax_framebjll=\"\"><\/iframe><\/div>\n<\/div><\/figure>\n\n\n\n<p>\u00abRoom 13\u00bb Jesse Malin feat. Lucinda Williams (2020):<\/p>\n\n\n\n<figure class=\"wp-block-embed is-type-video is-provider-youtube wp-block-embed-youtube wp-embed-aspect-16-9 wp-has-aspect-ratio\"><div class=\"wp-block-embed__wrapper\">\n<div class=\"epyt-video-wrapper\"><iframe loading=\"lazy\"  id=\"_ytid_49940\"  width=\"640\" height=\"360\"  data-origwidth=\"640\" data-origheight=\"360\" src=\"https:\/\/www.youtube.com\/embed\/Du3KPVQUmLw?enablejsapi=1&#038;autoplay=0&#038;cc_load_policy=0&#038;cc_lang_pref=&#038;iv_load_policy=1&#038;loop=0&#038;rel=1&#038;fs=1&#038;playsinline=0&#038;autohide=2&#038;theme=dark&#038;color=white&#038;controls=1&#038;\" class=\"__youtube_prefs__  epyt-is-override  no-lazyload\" data-vol=\"50\"  title=\"YouTube player\"  allow=\"fullscreen; accelerometer; autoplay; clipboard-write; encrypted-media; gyroscope; picture-in-picture; web-share\" referrerpolicy=\"strict-origin-when-cross-origin\" allowfullscreen data-no-lazy=\"1\" data-skipgform_ajax_framebjll=\"\"><\/iframe><\/div>\n<\/div><\/figure>\n\n\n\n<p>La invitaci\u00f3n es para el&nbsp;<strong>viernes 20<\/strong>&nbsp;de&nbsp;<strong>junio<\/strong>&nbsp;en&nbsp;<strong>La Tangente<\/strong>, Honduras 5317, Palermo. Entradas en venta.<\/p>\n","protected":false},"excerpt":{"rendered":"","protected":false},"author":5,"featured_media":15569,"comment_status":"open","ping_status":"open","sticky":false,"template":"","format":"standard","meta":{"om_disable_all_campaigns":false,"_uf_show_specific_survey":0,"_uf_disable_surveys":false,"footnotes":""},"categories":[36],"tags":[],"class_list":["post-15811","post","type-post","status-publish","format-standard","has-post-thumbnail","hentry","category-conciertos"],"_links":{"self":[{"href":"https:\/\/entrenotasyacordes.com\/index.php?rest_route=\/wp\/v2\/posts\/15811","targetHints":{"allow":["GET"]}}],"collection":[{"href":"https:\/\/entrenotasyacordes.com\/index.php?rest_route=\/wp\/v2\/posts"}],"about":[{"href":"https:\/\/entrenotasyacordes.com\/index.php?rest_route=\/wp\/v2\/types\/post"}],"author":[{"embeddable":true,"href":"https:\/\/entrenotasyacordes.com\/index.php?rest_route=\/wp\/v2\/users\/5"}],"replies":[{"embeddable":true,"href":"https:\/\/entrenotasyacordes.com\/index.php?rest_route=%2Fwp%2Fv2%2Fcomments&post=15811"}],"version-history":[{"count":1,"href":"https:\/\/entrenotasyacordes.com\/index.php?rest_route=\/wp\/v2\/posts\/15811\/revisions"}],"predecessor-version":[{"id":15812,"href":"https:\/\/entrenotasyacordes.com\/index.php?rest_route=\/wp\/v2\/posts\/15811\/revisions\/15812"}],"wp:featuredmedia":[{"embeddable":true,"href":"https:\/\/entrenotasyacordes.com\/index.php?rest_route=\/wp\/v2\/media\/15569"}],"wp:attachment":[{"href":"https:\/\/entrenotasyacordes.com\/index.php?rest_route=%2Fwp%2Fv2%2Fmedia&parent=15811"}],"wp:term":[{"taxonomy":"category","embeddable":true,"href":"https:\/\/entrenotasyacordes.com\/index.php?rest_route=%2Fwp%2Fv2%2Fcategories&post=15811"},{"taxonomy":"post_tag","embeddable":true,"href":"https:\/\/entrenotasyacordes.com\/index.php?rest_route=%2Fwp%2Fv2%2Ftags&post=15811"}],"curies":[{"name":"wp","href":"https:\/\/api.w.org\/{rel}","templated":true}]}}