{"id":15813,"date":"2025-06-13T01:00:28","date_gmt":"2025-06-13T01:00:28","guid":{"rendered":"https:\/\/entrenotasyacordes.com\/?p=15813"},"modified":"2025-06-13T01:04:48","modified_gmt":"2025-06-13T01:04:48","slug":"rata-blanca-celebra-los-35-anos-de-magos-espadas-y-rosas-en-el-movistar-arena","status":"publish","type":"post","link":"https:\/\/entrenotasyacordes.com\/?p=15813","title":{"rendered":"RATA BLANCA CELEBRA LOS 35 A\u00d1OS DE MAGOS, ESPADAS Y ROSAS EN EL MOVISTAR ARENA"},"content":{"rendered":"\n<!--more-->\n\n\n\n<figure class=\"wp-block-image size-full\"><img loading=\"lazy\" decoding=\"async\" width=\"1080\" height=\"1350\" src=\"https:\/\/entrenotasyacordes.com\/wp-content\/uploads\/2025\/06\/1749127371949-1080x1350-2.jpg\" alt=\"\" class=\"wp-image-15817\" srcset=\"https:\/\/entrenotasyacordes.com\/wp-content\/uploads\/2025\/06\/1749127371949-1080x1350-2.jpg 1080w, https:\/\/entrenotasyacordes.com\/wp-content\/uploads\/2025\/06\/1749127371949-1080x1350-2-240x300.jpg 240w, https:\/\/entrenotasyacordes.com\/wp-content\/uploads\/2025\/06\/1749127371949-1080x1350-2-819x1024.jpg 819w, https:\/\/entrenotasyacordes.com\/wp-content\/uploads\/2025\/06\/1749127371949-1080x1350-2-768x960.jpg 768w, https:\/\/entrenotasyacordes.com\/wp-content\/uploads\/2025\/06\/1749127371949-1080x1350-2-1024x1280.jpg 1024w\" sizes=\"auto, (max-width: 1080px) 100vw, 1080px\" \/><\/figure>\n\n\n\n<p class=\"has-text-align-left\">La banda m\u00e1s emblem\u00e1tica del heavy metal argentino,&nbsp;<strong>Rata Blanca<\/strong>, anuncia un<strong>&nbsp;show hist\u00f3rico<\/strong>&nbsp;el pr\u00f3ximo<strong>&nbsp;19 de noviembre<\/strong>&nbsp;en el<strong>&nbsp;Movistar Arena<\/strong>&nbsp;de Buenos Aires, donde celebrar\u00e1 los<strong>&nbsp;35 a\u00f1os de \u00abMagos, espadas y rosas\u00bb<\/strong>&nbsp;, el \u00e1lbum que marc\u00f3 un antes y un despu\u00e9s en la historia del rock en espa\u00f1ol.<\/p>\n\n\n\n<p class=\"has-text-align-left\">\u00abMagos, espadas y rosas\u00bb, lanzado en 1990, es un disco fundamental del g\u00e9nero. Con cl\u00e1sicos como \u00abLa leyenda del hada y el mago\u00bb, \u00abMujer amante\u00bb y \u00abEl camino del sol\u00bb, no s\u00f3lo consagr\u00f3 a la banda liderada por Walter Giardino en Argentina sino que tambi\u00e9n la catapult\u00f3 al reconocimiento en toda Am\u00e9rica Latina y Espa\u00f1a.<\/p>\n\n\n<div class=\"wp-block-image\">\n<figure class=\"aligncenter size-large\"><img loading=\"lazy\" decoding=\"async\" width=\"1024\" height=\"576\" src=\"https:\/\/entrenotasyacordes.com\/wp-content\/uploads\/2025\/06\/1749127469026-ratablanca-1024x576.jpg\" alt=\"\" class=\"wp-image-15815\" srcset=\"https:\/\/entrenotasyacordes.com\/wp-content\/uploads\/2025\/06\/1749127469026-ratablanca-1024x576.jpg 1024w, https:\/\/entrenotasyacordes.com\/wp-content\/uploads\/2025\/06\/1749127469026-ratablanca-300x169.jpg 300w, https:\/\/entrenotasyacordes.com\/wp-content\/uploads\/2025\/06\/1749127469026-ratablanca-768x432.jpg 768w, https:\/\/entrenotasyacordes.com\/wp-content\/uploads\/2025\/06\/1749127469026-ratablanca.jpg 1280w\" sizes=\"auto, (max-width: 1024px) 100vw, 1024px\" \/><\/figure>\n<\/div>\n\n\n<p>El show del 19 de noviembre promete ser inolvidable: un recorrido profundo por este disco m\u00edtico junto a otras joyas de su repertorio. Ser\u00e1 una oportunidad \u00fanica para revivir la magia de uno de los \u00e1lbumes m\u00e1s ic\u00f3nicos del rock metal.<\/p>\n\n\n\n<p><strong>Preventa exclusiva para clientes BBVA desde el viernes 6 de junio a las 10 hs de la ma\u00f1ana.<\/strong><br><strong>Venta general desde el lunes 9 de junio a las 10 hs.<\/strong><br><strong>Las entradas estar\u00e1n disponibles a trav\u00e9s de&nbsp;<a href=\"http:\/\/www.movistararena.com.ar\/?utm_source=perfit&amp;utm_medium=email\" target=\"_blank\" rel=\"noreferrer noopener\">www.movistararena.com.ar<\/a><\/strong><\/p>\n","protected":false},"excerpt":{"rendered":"","protected":false},"author":5,"featured_media":15814,"comment_status":"open","ping_status":"open","sticky":false,"template":"","format":"standard","meta":{"om_disable_all_campaigns":false,"_uf_show_specific_survey":0,"_uf_disable_surveys":false,"footnotes":""},"categories":[36],"tags":[],"class_list":["post-15813","post","type-post","status-publish","format-standard","has-post-thumbnail","hentry","category-conciertos"],"_links":{"self":[{"href":"https:\/\/entrenotasyacordes.com\/index.php?rest_route=\/wp\/v2\/posts\/15813","targetHints":{"allow":["GET"]}}],"collection":[{"href":"https:\/\/entrenotasyacordes.com\/index.php?rest_route=\/wp\/v2\/posts"}],"about":[{"href":"https:\/\/entrenotasyacordes.com\/index.php?rest_route=\/wp\/v2\/types\/post"}],"author":[{"embeddable":true,"href":"https:\/\/entrenotasyacordes.com\/index.php?rest_route=\/wp\/v2\/users\/5"}],"replies":[{"embeddable":true,"href":"https:\/\/entrenotasyacordes.com\/index.php?rest_route=%2Fwp%2Fv2%2Fcomments&post=15813"}],"version-history":[{"count":2,"href":"https:\/\/entrenotasyacordes.com\/index.php?rest_route=\/wp\/v2\/posts\/15813\/revisions"}],"predecessor-version":[{"id":15818,"href":"https:\/\/entrenotasyacordes.com\/index.php?rest_route=\/wp\/v2\/posts\/15813\/revisions\/15818"}],"wp:featuredmedia":[{"embeddable":true,"href":"https:\/\/entrenotasyacordes.com\/index.php?rest_route=\/wp\/v2\/media\/15814"}],"wp:attachment":[{"href":"https:\/\/entrenotasyacordes.com\/index.php?rest_route=%2Fwp%2Fv2%2Fmedia&parent=15813"}],"wp:term":[{"taxonomy":"category","embeddable":true,"href":"https:\/\/entrenotasyacordes.com\/index.php?rest_route=%2Fwp%2Fv2%2Fcategories&post=15813"},{"taxonomy":"post_tag","embeddable":true,"href":"https:\/\/entrenotasyacordes.com\/index.php?rest_route=%2Fwp%2Fv2%2Ftags&post=15813"}],"curies":[{"name":"wp","href":"https:\/\/api.w.org\/{rel}","templated":true}]}}