{"id":15823,"date":"2025-06-13T01:16:25","date_gmt":"2025-06-13T01:16:25","guid":{"rendered":"https:\/\/entrenotasyacordes.com\/?p=15823"},"modified":"2025-06-13T01:16:26","modified_gmt":"2025-06-13T01:16:26","slug":"%e2%9c%ad-buitres-y-lucho-al-attaque-en-niceto-club-%e2%9c%ad-4-de-julio-20-hs-niceto-vega-5510-palermo","status":"publish","type":"post","link":"https:\/\/entrenotasyacordes.com\/?p=15823","title":{"rendered":"\u272d Buitres y Lucho al Attaque en Niceto Club \u272d 4 de julio 20 hs. Niceto Vega 5510 &#8211; Palermo"},"content":{"rendered":"\n<!--more-->\n\n\n\n<p class=\"has-text-align-center\"><strong>LA BANDA FUNDAMENTAL DEL ROCK URUGUAYO PISA EL ESCENARIO DE NICETO CLUB.\u00a0<br><br>4 DE JULIO 20 HS.\u00a0<br>NICETO VEGA 5510 &#8211; PALERMO.<br><br>La banda se presenta junto a Lucho al Attaque.<\/strong><\/p>\n\n\n\n<figure class=\"wp-block-image size-full\"><img loading=\"lazy\" decoding=\"async\" width=\"1400\" height=\"1400\" src=\"https:\/\/entrenotasyacordes.com\/wp-content\/uploads\/2025\/06\/6843017d99ca820267c114e5.jpg\" alt=\"\" class=\"wp-image-15824\" srcset=\"https:\/\/entrenotasyacordes.com\/wp-content\/uploads\/2025\/06\/6843017d99ca820267c114e5.jpg 1400w, https:\/\/entrenotasyacordes.com\/wp-content\/uploads\/2025\/06\/6843017d99ca820267c114e5-300x300.jpg 300w, https:\/\/entrenotasyacordes.com\/wp-content\/uploads\/2025\/06\/6843017d99ca820267c114e5-1024x1024.jpg 1024w, https:\/\/entrenotasyacordes.com\/wp-content\/uploads\/2025\/06\/6843017d99ca820267c114e5-150x150.jpg 150w, https:\/\/entrenotasyacordes.com\/wp-content\/uploads\/2025\/06\/6843017d99ca820267c114e5-768x768.jpg 768w, https:\/\/entrenotasyacordes.com\/wp-content\/uploads\/2025\/06\/6843017d99ca820267c114e5-50x50.jpg 50w\" sizes=\"auto, (max-width: 1400px) 100vw, 1400px\" \/><\/figure>\n\n\n\n<p class=\"has-text-align-left\"><strong>Buitres&nbsp;<\/strong>es una banda de rock uruguaya surgida en 1989, fundada por&nbsp;<strong>Gustavo Parodi (guitarra) y Gabriel Peluffo&nbsp;<\/strong><strong>(voz y arm\u00f3nica<\/strong>), ambos ex integrantes de&nbsp;<strong>Los&nbsp;<\/strong><strong>Est\u00f3magos<\/strong>, junto con&nbsp;<strong>Pepe Rambao&nbsp;<\/strong><strong>(bajo-guitarra)<\/strong>.&nbsp;<\/p>\n\n\n\n<p class=\"has-text-align-left\">A lo largo de su carrera, la banda\u00a0<strong>ha ofrecido diferentes estilos en cada disco<\/strong>, pero dos cosas siempre han estado presentes:\u00a0<strong>la intensidad y potencia de sus creaciones, y la dedicaci\u00f3n como compositores de canciones<\/strong>\u00a0con letras esmeradas y un contenido emocional y vivencial honesto. Esa honestidad los relaciona de una manera especial con el p\u00fablico uruguayo y les permiti\u00f3\u00a0<strong>salir a diferentes pa\u00edses donde se les tiene el mismo aprecio, y en donde ya han cosechado ac\u00e9rrimos seguidores.\u00a0<\/strong><br><br><strong>Buitres<\/strong>\u00a0acaba de realizar\u00a0<strong>una gira por Espa\u00f1a<\/strong>, participando en el festival\u00a0<a href=\"https:\/\/86415.clicks.goto-9.net\/track\/click?u=3784994&amp;p=38363431353a3936313a3739323a303a313a30&amp;s=382b86ce13e85d0a883f0b15140bf095&amp;m=4697\" target=\"_blank\" rel=\"noreferrer noopener\">Vibra Argentina,<\/a>\u00a0compartiendo escenario con\u00a0<strong>Estelares, Los Tipitos, Dos minutos, Los Fabulosos Cadillacs y Los fundamentalistas del Aire Acondicionado.<\/strong>\u00a0<br><br><strong>Este 4 de julio, el p\u00fablico argentino podr\u00e1 disfrutar de un show \u00fanico de Buitres en uno de los escenarios m\u00e1s emblem\u00e1ticos de la ciudad de Buenos Aires: Niceto Club. En vivo, recorrer\u00e1n los cl\u00e1sicos de su vasta discograf\u00eda con una lista de temas que saciar\u00e1 la sed de los fans expectantes.\u00a0<\/strong><br><br>Adem\u00e1s,\u00a0<strong>la banda tiene listo el decimocuarto disco de estudio<\/strong>, grabado en los estudios\u00a0<strong>Woman de Buenos Aires<\/strong>\u00a0y\u00a0<strong>El Burro en Uruguay<\/strong>, con\u00a0<strong>Alejandro V\u00e1zquez<\/strong>\u00a0y\u00a0<strong>Sebasti\u00e1n Teysera<\/strong>\u00a0(La Vela Puerca) como productores.<\/p>\n\n\n\n<figure class=\"wp-block-embed is-type-video is-provider-youtube wp-block-embed-youtube wp-embed-aspect-16-9 wp-has-aspect-ratio\"><div class=\"wp-block-embed__wrapper\">\n<div class=\"epyt-video-wrapper\"><iframe loading=\"lazy\"  id=\"_ytid_15670\"  width=\"640\" height=\"360\"  data-origwidth=\"640\" data-origheight=\"360\" src=\"https:\/\/www.youtube.com\/embed\/Jmz3h3RSWBI?enablejsapi=1&#038;autoplay=0&#038;cc_load_policy=0&#038;cc_lang_pref=&#038;iv_load_policy=1&#038;loop=0&#038;rel=1&#038;fs=1&#038;playsinline=0&#038;autohide=2&#038;theme=dark&#038;color=white&#038;controls=1&#038;\" class=\"__youtube_prefs__  epyt-is-override  no-lazyload\" data-vol=\"50\"  title=\"YouTube player\"  allow=\"fullscreen; accelerometer; autoplay; clipboard-write; encrypted-media; gyroscope; picture-in-picture; web-share\" referrerpolicy=\"strict-origin-when-cross-origin\" allowfullscreen data-no-lazy=\"1\" data-skipgform_ajax_framebjll=\"\"><\/iframe><\/div>\n<\/div><\/figure>\n\n\n\n<p><strong>SOBRE BUITRES&nbsp;<br><br>BUITRES DESPUES DE LA UNA<\/strong>&nbsp;se forma a fines de 1989, a partir de la disoluci\u00f3n del grupo&nbsp;<strong>Los Est\u00f3magos<\/strong>, banda que iniciara un nuevo per\u00edodo del rock uruguayo en 1983. Desde entonces&nbsp;<strong>ha estado en los escenarios sin interrupciones<\/strong>&nbsp;y ha editado<strong>&nbsp;trece \u00e1lbumes de estudio<\/strong>.&nbsp;<br><strong><br>DISCOGRAF\u00cdA DE ESTUDIO:&nbsp;<\/strong>\u00abBuitres despu\u00e9s de la una\u00bb &#8211; \u00abLa bruja\u00bb &#8211; \u00abMaraviya\u00bb &#8211; \u00abDeliciosas criaturas pefumadas\u00bb &#8211; \u00abEl amor te ha hecho idiota\u00bb &#8211; \u00abRantifusa\u00bb &#8211; \u00abBuena suerte&#8230; hasta siempre\u00bb &#8211; \u00abMientras\u00bb &#8211; \u00abPeriplo\u00bb &#8211; \u00abCanci\u00f3n de cuna para vidas en jaur\u00eda\u00bb &#8211; \u00abBailemos\u00bb &#8211; \u00abCanciones de una noche de verano\u00bb &#8211; \u00abMec\u00e1nica popular\u00bb.&nbsp;&nbsp;<strong><br>DISCOGRAF\u00cdA EN VIVO:&nbsp;<\/strong>\u00abBuitres 10 a\u00f1os\u00bb &#8211; \u00abBuitres 17 a\u00f1os\u00bb (con dvd) &#8211; \u00abLas canciones son de verdad\u00bb (con dvd).&nbsp;<strong><br>DOCUMENTALES:&nbsp;<\/strong>\u00abPeriplo\u00bb&nbsp; &#8211; \u00abTratando de ordenar el caos\u00bb (Espa\u00f1a 2008).&nbsp;<strong><br><br><\/strong>Adem\u00e1s cuentan con tres libros editados, siendo uno de ellos la biograf\u00eda oficial desde sus inicios hasta los 25 a\u00f1os de carrera, escrito por Daniel Figares y editado por Planeta.&nbsp;<strong><\/strong><\/p>\n\n\n\n<p>La formaci\u00f3n actual de&nbsp;Buitres&nbsp;es:<\/p>\n\n\n\n<p>&gt; &nbsp;Gustavo Parodi (guitarra, voz).<br>&gt; &nbsp;Gabriel Peluffo (voz).<br>&gt; &nbsp;Pepe Rambao (guitarra y voz).<br>&gt; &nbsp;Orlando Fern\u00e1ndez (bajo y coros).<br>&gt; &nbsp;Federico Bianco (bater\u00eda).<\/p>\n\n\n<div class=\"wp-block-image\">\n<figure class=\"aligncenter size-full\"><img loading=\"lazy\" decoding=\"async\" width=\"640\" height=\"443\" src=\"https:\/\/entrenotasyacordes.com\/wp-content\/uploads\/2025\/06\/68430538ec6dc24b66e40e59.jpg\" alt=\"\" class=\"wp-image-15825\" srcset=\"https:\/\/entrenotasyacordes.com\/wp-content\/uploads\/2025\/06\/68430538ec6dc24b66e40e59.jpg 640w, https:\/\/entrenotasyacordes.com\/wp-content\/uploads\/2025\/06\/68430538ec6dc24b66e40e59-300x208.jpg 300w\" sizes=\"auto, (max-width: 640px) 100vw, 640px\" \/><\/figure>\n<\/div>","protected":false},"excerpt":{"rendered":"","protected":false},"author":5,"featured_media":15824,"comment_status":"open","ping_status":"open","sticky":false,"template":"","format":"standard","meta":{"om_disable_all_campaigns":false,"_uf_show_specific_survey":0,"_uf_disable_surveys":false,"footnotes":""},"categories":[36],"tags":[],"class_list":["post-15823","post","type-post","status-publish","format-standard","has-post-thumbnail","hentry","category-conciertos"],"_links":{"self":[{"href":"https:\/\/entrenotasyacordes.com\/index.php?rest_route=\/wp\/v2\/posts\/15823","targetHints":{"allow":["GET"]}}],"collection":[{"href":"https:\/\/entrenotasyacordes.com\/index.php?rest_route=\/wp\/v2\/posts"}],"about":[{"href":"https:\/\/entrenotasyacordes.com\/index.php?rest_route=\/wp\/v2\/types\/post"}],"author":[{"embeddable":true,"href":"https:\/\/entrenotasyacordes.com\/index.php?rest_route=\/wp\/v2\/users\/5"}],"replies":[{"embeddable":true,"href":"https:\/\/entrenotasyacordes.com\/index.php?rest_route=%2Fwp%2Fv2%2Fcomments&post=15823"}],"version-history":[{"count":1,"href":"https:\/\/entrenotasyacordes.com\/index.php?rest_route=\/wp\/v2\/posts\/15823\/revisions"}],"predecessor-version":[{"id":15826,"href":"https:\/\/entrenotasyacordes.com\/index.php?rest_route=\/wp\/v2\/posts\/15823\/revisions\/15826"}],"wp:featuredmedia":[{"embeddable":true,"href":"https:\/\/entrenotasyacordes.com\/index.php?rest_route=\/wp\/v2\/media\/15824"}],"wp:attachment":[{"href":"https:\/\/entrenotasyacordes.com\/index.php?rest_route=%2Fwp%2Fv2%2Fmedia&parent=15823"}],"wp:term":[{"taxonomy":"category","embeddable":true,"href":"https:\/\/entrenotasyacordes.com\/index.php?rest_route=%2Fwp%2Fv2%2Fcategories&post=15823"},{"taxonomy":"post_tag","embeddable":true,"href":"https:\/\/entrenotasyacordes.com\/index.php?rest_route=%2Fwp%2Fv2%2Ftags&post=15823"}],"curies":[{"name":"wp","href":"https:\/\/api.w.org\/{rel}","templated":true}]}}