{"id":15827,"date":"2025-06-13T01:22:55","date_gmt":"2025-06-13T01:22:55","guid":{"rendered":"https:\/\/entrenotasyacordes.com\/?p=15827"},"modified":"2025-06-13T01:22:56","modified_gmt":"2025-06-13T01:22:56","slug":"pedro-aznar-celebra-50-anos-de-musica-en-el-teatro-argentino","status":"publish","type":"post","link":"https:\/\/entrenotasyacordes.com\/?p=15827","title":{"rendered":"PEDRO AZNAR CELEBRA 50 A\u00d1OS DE M\u00daSICA EN EL TEATRO ARGENTINO"},"content":{"rendered":"\n<!--more-->\n\n\n\n<figure class=\"wp-block-image size-full\"><img loading=\"lazy\" decoding=\"async\" width=\"2250\" height=\"2250\" src=\"https:\/\/entrenotasyacordes.com\/wp-content\/uploads\/2025\/06\/1749135824626-aznar_livepass-01.jpg\" alt=\"\" class=\"wp-image-15828\" srcset=\"https:\/\/entrenotasyacordes.com\/wp-content\/uploads\/2025\/06\/1749135824626-aznar_livepass-01.jpg 2250w, https:\/\/entrenotasyacordes.com\/wp-content\/uploads\/2025\/06\/1749135824626-aznar_livepass-01-300x300.jpg 300w, https:\/\/entrenotasyacordes.com\/wp-content\/uploads\/2025\/06\/1749135824626-aznar_livepass-01-1024x1024.jpg 1024w, https:\/\/entrenotasyacordes.com\/wp-content\/uploads\/2025\/06\/1749135824626-aznar_livepass-01-150x150.jpg 150w, https:\/\/entrenotasyacordes.com\/wp-content\/uploads\/2025\/06\/1749135824626-aznar_livepass-01-768x768.jpg 768w, https:\/\/entrenotasyacordes.com\/wp-content\/uploads\/2025\/06\/1749135824626-aznar_livepass-01-1536x1536.jpg 1536w, https:\/\/entrenotasyacordes.com\/wp-content\/uploads\/2025\/06\/1749135824626-aznar_livepass-01-2048x2048.jpg 2048w, https:\/\/entrenotasyacordes.com\/wp-content\/uploads\/2025\/06\/1749135824626-aznar_livepass-01-50x50.jpg 50w\" sizes=\"auto, (max-width: 2250px) 100vw, 2250px\" \/><\/figure>\n\n\n\n<p class=\"has-text-align-left\"><strong>Pedro Aznar<\/strong>, el consagrado m\u00fasico argentino se encuentra&nbsp;<strong>celebrando medio siglo de carrera&nbsp;<\/strong>con una imponente gira que ya lo ha llevado a recorrer Argentina, Latinoam\u00e9rica y Europa.<\/p>\n\n\n\n<p>En el marco de este tour el artista llega a la&nbsp;<strong>Sala Ginastera del Teatro Argentino<\/strong>&nbsp;de La Plata el&nbsp;<strong>s\u00e1bado 2 de agosto<\/strong>&nbsp;con un repertorio elegido por su p\u00fablico en redes sociales, donde no faltar\u00e1n los grandes \u00e9xitos de su extensa trayectoria.<\/p>\n\n\n\n<p><strong>Entradas a la venta por sistema\u00a0<a href=\"https:\/\/livepass.com.ar\/events\/pedro-aznar-en-la-sala-ginastera-teatro-argentino-la-plata?utm_source=perfit&amp;utm_medium=email\" target=\"_blank\" rel=\"noreferrer noopener\">Livepass<\/a><\/strong><br><strong>Comprando tus tickets con tarjetas Visa y MasterCard del Banco Provincia tenes 4 cuotas sin inter\u00e9s<\/strong><\/p>\n\n\n<div class=\"wp-block-image\">\n<figure class=\"aligncenter size-full\"><img loading=\"lazy\" decoding=\"async\" width=\"1500\" height=\"1000\" src=\"https:\/\/entrenotasyacordes.com\/wp-content\/uploads\/2025\/06\/1749143923528-Pedro-Aznar-.jpg\" alt=\"\" class=\"wp-image-15829\" srcset=\"https:\/\/entrenotasyacordes.com\/wp-content\/uploads\/2025\/06\/1749143923528-Pedro-Aznar-.jpg 1500w, https:\/\/entrenotasyacordes.com\/wp-content\/uploads\/2025\/06\/1749143923528-Pedro-Aznar--300x200.jpg 300w, https:\/\/entrenotasyacordes.com\/wp-content\/uploads\/2025\/06\/1749143923528-Pedro-Aznar--1024x683.jpg 1024w, https:\/\/entrenotasyacordes.com\/wp-content\/uploads\/2025\/06\/1749143923528-Pedro-Aznar--768x512.jpg 768w\" sizes=\"auto, (max-width: 1500px) 100vw, 1500px\" \/><\/figure>\n<\/div>\n\n\n<p>Con su extraordinaria banda formada por Alejandro Oliva en Percusi\u00f3n, Julian Semprini en bater\u00eda, Matias Martino en teclados y Sebasti\u00e1n Henriquez en guitarras, Pedro Aznar est\u00e1 realizando un tour hist\u00f3rico e imperdible reflejando una vida de m\u00fasica que tambi\u00e9n define parte de nuestra identidad en cada canci\u00f3n.<\/p>\n\n\n\n<p>La carrera de Pedro Aznar abarca varias generaciones, que han vivido junto a su repertorio y lo han convertido en un pilar irremplazable de nuestra m\u00fasica popular argentina. Su impacto no s\u00f3lo en el pa\u00eds sino a nivel internacional dan cuenta de un valioso legado que todav\u00eda sigue creciendo.<\/p>\n\n\n\n<p>Este tour \u201cPedro Aznar 5.0 &#8211; 50 A\u00f1os de M\u00fasica\u201d comenz\u00f3 en 2024 y lo llev\u00f3 por las principales ciudades del pa\u00eds, Europa y Latinoam\u00e9rica.<\/p>\n\n\n\n<p>Pedro Aznar fue integrante de los grupos Madre At\u00f3mica, Alas, Seru Giran y Pat Metheny Group.<\/p>\n\n\n\n<p>Fue y es convocado por innumerables artistas con quienes ha grabado, producido y compartido escenario: Luis Alberto Spinetta, Mercedes Sosa, Fito Paez, Leda Valladares, Lila Downs, Pablo Milanes, Caetano Veloso, Jairo, Soda Stereo, Juan Manuel Serrat, Gal Costa, Leon Gieco, Roger Waters y Shakira, por nombrar algunos de ellos.<\/p>\n\n\n\n<p>Ha ganado tres Premios Grammy a la \u201cMejor performance de jazz contempor\u00e1neo\u201d, con el Pat Metheny Group!.&nbsp;<\/p>\n\n\n\n<p>Tambi\u00e9n ha compuesto y grabado m\u00fasica de pel\u00edculas de los directores de cine: Eliseo Subiela, Javier Torre, Beda Docampo Feijoo, Nestor Montalbano entre otros y recibi\u00f3 por estas creaciones varios premios C\u00f3ndor de Plata. Asimismo musicaliz\u00f3 obras de Teatro y danza.&nbsp;<\/p>\n\n\n\n<p>Cuenta con la edici\u00f3n de veintid\u00f3s discos como solista y m\u00e1s de cien con otros artistas.&nbsp;<\/p>\n\n\n\n<p>Con Charly Garcia, grab\u00f3 dos discos: Tango y Tango 4. Grab\u00f3 y co-produjo con Shakira dos canciones para la banda de sonido de la pel\u00edcula \u201cEl amor en tiempos de c\u00f3lera\u201d, basada en el libro hom\u00f3nimo de Gabriel Garc\u00eda M\u00e1rquez.<\/p>\n\n\n\n<p>Grab\u00f3 con Roger Waters una canci\u00f3n para la Fundaci\u00f3n Alas. La grabaci\u00f3n, hecha en los estudios Looking Glass de la ciudad de Nueva York, cuenta tambi\u00e9n con la participaci\u00f3n de Gustavo Cerati y varios artistas invitados.<\/p>\n\n\n\n<p>Tiene dos libros de poemas publicados: Prueba de Fuego y Dos Pasajes a La Noche.<\/p>\n\n\n\n<p>Realiz\u00f3 giras por Argentina, Chile, Brasil, Uruguay, Paraguay, Bolivia, M\u00e9xico, China y&nbsp; Estados Unidos, entre otros destinos.&nbsp;<\/p>\n\n\n\n<p>Recibi\u00f3 la distinci\u00f3n de \u201cPersonalidad Destacada de la Cultura\u201d de la Ciudad de Buenos Aires en el Sal\u00f3n Dorado del Palacio de la Legislatura. Fue reconocido con tres Premios Grammy, varios Premios Gardel, Premio Konex y dos Premios Clar\u00edn.<\/p>\n","protected":false},"excerpt":{"rendered":"","protected":false},"author":5,"featured_media":15828,"comment_status":"open","ping_status":"open","sticky":false,"template":"","format":"standard","meta":{"om_disable_all_campaigns":false,"_uf_show_specific_survey":0,"_uf_disable_surveys":false,"footnotes":""},"categories":[36],"tags":[],"class_list":["post-15827","post","type-post","status-publish","format-standard","has-post-thumbnail","hentry","category-conciertos"],"_links":{"self":[{"href":"https:\/\/entrenotasyacordes.com\/index.php?rest_route=\/wp\/v2\/posts\/15827","targetHints":{"allow":["GET"]}}],"collection":[{"href":"https:\/\/entrenotasyacordes.com\/index.php?rest_route=\/wp\/v2\/posts"}],"about":[{"href":"https:\/\/entrenotasyacordes.com\/index.php?rest_route=\/wp\/v2\/types\/post"}],"author":[{"embeddable":true,"href":"https:\/\/entrenotasyacordes.com\/index.php?rest_route=\/wp\/v2\/users\/5"}],"replies":[{"embeddable":true,"href":"https:\/\/entrenotasyacordes.com\/index.php?rest_route=%2Fwp%2Fv2%2Fcomments&post=15827"}],"version-history":[{"count":1,"href":"https:\/\/entrenotasyacordes.com\/index.php?rest_route=\/wp\/v2\/posts\/15827\/revisions"}],"predecessor-version":[{"id":15830,"href":"https:\/\/entrenotasyacordes.com\/index.php?rest_route=\/wp\/v2\/posts\/15827\/revisions\/15830"}],"wp:featuredmedia":[{"embeddable":true,"href":"https:\/\/entrenotasyacordes.com\/index.php?rest_route=\/wp\/v2\/media\/15828"}],"wp:attachment":[{"href":"https:\/\/entrenotasyacordes.com\/index.php?rest_route=%2Fwp%2Fv2%2Fmedia&parent=15827"}],"wp:term":[{"taxonomy":"category","embeddable":true,"href":"https:\/\/entrenotasyacordes.com\/index.php?rest_route=%2Fwp%2Fv2%2Fcategories&post=15827"},{"taxonomy":"post_tag","embeddable":true,"href":"https:\/\/entrenotasyacordes.com\/index.php?rest_route=%2Fwp%2Fv2%2Ftags&post=15827"}],"curies":[{"name":"wp","href":"https:\/\/api.w.org\/{rel}","templated":true}]}}