{"id":15831,"date":"2025-06-13T01:42:41","date_gmt":"2025-06-13T01:42:41","guid":{"rendered":"https:\/\/entrenotasyacordes.com\/?p=15831"},"modified":"2025-06-13T01:42:42","modified_gmt":"2025-06-13T01:42:42","slug":"el-festival-madrileno-rio-babel-anuncia-horarios-de-su-8a-edicion","status":"publish","type":"post","link":"https:\/\/entrenotasyacordes.com\/?p=15831","title":{"rendered":"El festival madrile\u00f1o R\u00edo Babel anuncia horarios de su 8\u00aa edici\u00f3n"},"content":{"rendered":"\n<!--more-->\n\n\n\n<div class=\"wp-block-columns is-layout-flex wp-container-core-columns-is-layout-28f84493 wp-block-columns-is-layout-flex\">\n<div class=\"wp-block-column is-layout-flow wp-block-column-is-layout-flow\">\n<figure class=\"wp-block-image size-large\"><img loading=\"lazy\" decoding=\"async\" width=\"819\" height=\"1024\" src=\"https:\/\/entrenotasyacordes.com\/wp-content\/uploads\/2025\/06\/RB25-Horarios-4-julio-feed-2-819x1024.jpg\" alt=\"\" class=\"wp-image-15833\" srcset=\"https:\/\/entrenotasyacordes.com\/wp-content\/uploads\/2025\/06\/RB25-Horarios-4-julio-feed-2-819x1024.jpg 819w, https:\/\/entrenotasyacordes.com\/wp-content\/uploads\/2025\/06\/RB25-Horarios-4-julio-feed-2-240x300.jpg 240w, https:\/\/entrenotasyacordes.com\/wp-content\/uploads\/2025\/06\/RB25-Horarios-4-julio-feed-2-768x960.jpg 768w, https:\/\/entrenotasyacordes.com\/wp-content\/uploads\/2025\/06\/RB25-Horarios-4-julio-feed-2-1229x1536.jpg 1229w, https:\/\/entrenotasyacordes.com\/wp-content\/uploads\/2025\/06\/RB25-Horarios-4-julio-feed-2-1638x2048.jpg 1638w, https:\/\/entrenotasyacordes.com\/wp-content\/uploads\/2025\/06\/RB25-Horarios-4-julio-feed-2-1024x1280.jpg 1024w, https:\/\/entrenotasyacordes.com\/wp-content\/uploads\/2025\/06\/RB25-Horarios-4-julio-feed-2.jpg 1920w\" sizes=\"auto, (max-width: 819px) 100vw, 819px\" \/><\/figure>\n<\/div>\n\n\n\n<div class=\"wp-block-column is-layout-flow wp-block-column-is-layout-flow\">\n<figure class=\"wp-block-image size-large\"><img loading=\"lazy\" decoding=\"async\" width=\"819\" height=\"1024\" src=\"https:\/\/entrenotasyacordes.com\/wp-content\/uploads\/2025\/06\/RB25-Horarios-5-julio-feed-3-819x1024.jpg\" alt=\"\" class=\"wp-image-15832\" srcset=\"https:\/\/entrenotasyacordes.com\/wp-content\/uploads\/2025\/06\/RB25-Horarios-5-julio-feed-3-819x1024.jpg 819w, https:\/\/entrenotasyacordes.com\/wp-content\/uploads\/2025\/06\/RB25-Horarios-5-julio-feed-3-240x300.jpg 240w, https:\/\/entrenotasyacordes.com\/wp-content\/uploads\/2025\/06\/RB25-Horarios-5-julio-feed-3-768x960.jpg 768w, https:\/\/entrenotasyacordes.com\/wp-content\/uploads\/2025\/06\/RB25-Horarios-5-julio-feed-3-1229x1536.jpg 1229w, https:\/\/entrenotasyacordes.com\/wp-content\/uploads\/2025\/06\/RB25-Horarios-5-julio-feed-3-1638x2048.jpg 1638w, https:\/\/entrenotasyacordes.com\/wp-content\/uploads\/2025\/06\/RB25-Horarios-5-julio-feed-3-1024x1280.jpg 1024w, https:\/\/entrenotasyacordes.com\/wp-content\/uploads\/2025\/06\/RB25-Horarios-5-julio-feed-3.jpg 1920w\" sizes=\"auto, (max-width: 819px) 100vw, 819px\" \/><\/figure>\n<\/div>\n<\/div>\n\n\n\n<p class=\"has-text-align-left\"><strong>El Festival R\u00edo Babel vuelve en 2025 como la cita imprescindible de la m\u00fasica global y el humor&nbsp;<\/strong><\/p>\n\n\n\n<p>Los d\u00edas&nbsp;<strong>4 y 5 de julio<\/strong>, el&nbsp;<strong>Auditorio Miguel R\u00edos en Rivas-Vaciamadrid<\/strong>&nbsp;se transformar\u00e1 en el epicentro de la m\u00fasica en directo y la comedia m\u00e1s irreverente con una nueva edici\u00f3n del&nbsp;<strong>Festival R\u00edo Babel<\/strong>. El evento madrile\u00f1o consolidado como uno de los festivales m\u00e1s esperados del verano espa\u00f1ol, regresa con un cartel de alto nivel que une ritmos internacionales, talento nacional y una atm\u00f3sfera festiva inigualable.<\/p>\n\n\n\n<p class=\"has-text-align-left\">R\u00edo Babel pondr\u00e1 a disposici\u00f3n un servicio de lanzaderas unidireccional entre Rivas-Vaciamadrid y la estaci\u00f3n Atocha-Almudena Grandes. Los billetes, con un coste de\u00a0<strong>10\u202f\u20ac<\/strong>\u00a0m\u00e1s gastos de gesti\u00f3n, podr\u00e1n adquirirse\u00a0<strong>\u00fanicamente<\/strong>\u00a0a trav\u00e9s de la\u00a0<a href=\"https:\/\/sonde3.acblnk.com\/url\/ver\/808360881\/3232794\/918735d2e01ff13fcc8723a86185b723\" target=\"_blank\" rel=\"noreferrer noopener\">web<\/a>. Las salidas del festival est\u00e1n programadas en tres franjas horarias\u00a0<strong>1:20<\/strong>,\u00a0<strong>2:30<\/strong>\u00a0y\u00a0<strong>3:40<\/strong>\u00a0ambos d\u00edas del festival.<\/p>\n\n\n\n<div class=\"wp-block-columns is-layout-flex wp-container-core-columns-is-layout-28f84493 wp-block-columns-is-layout-flex\">\n<div class=\"wp-block-column is-layout-flow wp-block-column-is-layout-flow\">\n<figure class=\"wp-block-image size-large\"><img loading=\"lazy\" decoding=\"async\" width=\"819\" height=\"1024\" src=\"https:\/\/entrenotasyacordes.com\/wp-content\/uploads\/2025\/06\/RB25-RRSS-Lanzaderas_RB25-Lanzaderas-feed-2-819x1024.jpg\" alt=\"\" class=\"wp-image-15834\" srcset=\"https:\/\/entrenotasyacordes.com\/wp-content\/uploads\/2025\/06\/RB25-RRSS-Lanzaderas_RB25-Lanzaderas-feed-2-819x1024.jpg 819w, https:\/\/entrenotasyacordes.com\/wp-content\/uploads\/2025\/06\/RB25-RRSS-Lanzaderas_RB25-Lanzaderas-feed-2-240x300.jpg 240w, https:\/\/entrenotasyacordes.com\/wp-content\/uploads\/2025\/06\/RB25-RRSS-Lanzaderas_RB25-Lanzaderas-feed-2-768x960.jpg 768w, https:\/\/entrenotasyacordes.com\/wp-content\/uploads\/2025\/06\/RB25-RRSS-Lanzaderas_RB25-Lanzaderas-feed-2-1024x1280.jpg 1024w, https:\/\/entrenotasyacordes.com\/wp-content\/uploads\/2025\/06\/RB25-RRSS-Lanzaderas_RB25-Lanzaderas-feed-2.jpg 1078w\" sizes=\"auto, (max-width: 819px) 100vw, 819px\" \/><\/figure>\n<\/div>\n\n\n\n<div class=\"wp-block-column is-layout-flow wp-block-column-is-layout-flow\">\n<figure class=\"wp-block-image size-large\"><img loading=\"lazy\" decoding=\"async\" width=\"819\" height=\"1024\" src=\"https:\/\/entrenotasyacordes.com\/wp-content\/uploads\/2025\/06\/RB25-RRSS-Lanzaderas_RB25-Lanzaderas-feed-3-819x1024.jpg\" alt=\"\" class=\"wp-image-15835\" srcset=\"https:\/\/entrenotasyacordes.com\/wp-content\/uploads\/2025\/06\/RB25-RRSS-Lanzaderas_RB25-Lanzaderas-feed-3-819x1024.jpg 819w, https:\/\/entrenotasyacordes.com\/wp-content\/uploads\/2025\/06\/RB25-RRSS-Lanzaderas_RB25-Lanzaderas-feed-3-240x300.jpg 240w, https:\/\/entrenotasyacordes.com\/wp-content\/uploads\/2025\/06\/RB25-RRSS-Lanzaderas_RB25-Lanzaderas-feed-3-768x960.jpg 768w, https:\/\/entrenotasyacordes.com\/wp-content\/uploads\/2025\/06\/RB25-RRSS-Lanzaderas_RB25-Lanzaderas-feed-3-1024x1280.jpg 1024w, https:\/\/entrenotasyacordes.com\/wp-content\/uploads\/2025\/06\/RB25-RRSS-Lanzaderas_RB25-Lanzaderas-feed-3.jpg 1077w\" sizes=\"auto, (max-width: 819px) 100vw, 819px\" \/><\/figure>\n<\/div>\n<\/div>\n\n\n\n<p>Con una programaci\u00f3n que mezcla\u00a0<strong>hip hop, reggae, rock, m\u00fasica latina, electr\u00f3nica y fusi\u00f3n mestiza<\/strong>, R\u00edo Babel celebra la diversidad cultural y musical con artistas que hacen vibrar tanto a los o\u00eddos exigentes como al p\u00fablico m\u00e1s festivo.<\/p>\n\n\n\n<p class=\"has-text-align-center\"><strong>\u00a0\u00a0Entradas de d\u00eda y abonos disponibles en\u00a0<a href=\"https:\/\/sonde3.acblnk.com\/url\/ver\/808360881\/3232794\/918735d2e01ff13fcc8723a86185b723\" target=\"_blank\" rel=\"noreferrer noopener\">festivalriobabel.com<\/a><\/strong><\/p>\n\n\n\n<p>La jornada del&nbsp;<strong>4 de julio<\/strong>&nbsp;contar\u00e1 con la presencia de leyendas vivas como&nbsp;<strong>Cypress Hill,<\/strong>&nbsp;con su hip hop incendiario y potente directo, junto a&nbsp;<strong>Kase.O<\/strong>, referente indiscutible del rap en espa\u00f1ol y de ritmas m\u00edticas dentro del hip-hop nacional. Los venezolanos&nbsp;<strong>Rawayana&nbsp;<\/strong>llenar\u00e1n de groove tropical el recinto, mientras que&nbsp;<strong>Caravan Palace<\/strong>&nbsp;desplegar\u00e1 su mezcla de electro swing desde Francia. No faltar\u00e1n&nbsp;<strong>Bacilos&nbsp;<\/strong>con sus buenas vibras, los ritmos bailables de&nbsp;<strong>Mr. Kilombo<\/strong>&nbsp;y la fusi\u00f3n de g\u00e9neros de&nbsp;<strong>Los Amigos Invisibles<\/strong>.&nbsp;<strong>Lia Kali<\/strong>, una de las grandes promesas de la m\u00fasica urbana espa\u00f1ola, irrumpe en el escenario con su poderosa voz y letras cargadas de emociones. Acompa\u00f1ada de&nbsp;<strong>Reyna Tropical&nbsp;<\/strong>caracterizada por sus ritmos afrocaribe\u00f1os y latinos, mezclados con m\u00fasica electr\u00f3nica.&nbsp;<strong>Jag\u00fcayano&nbsp;<\/strong>complementa de gran manera, invitando al baile gracias a sus ritmos tropicales combinados con un sonido electr\u00f3nico. Tambi\u00e9n&nbsp;<strong>\u00c1cido Pantera<\/strong>&nbsp;y su fusi\u00f3n de m\u00fasica electr\u00f3nica con ritmos latinos como la cumbia, todo ello mezclando sintetizadores e instrumentos tradicionales.&nbsp;<\/p>\n\n\n\n<p>A su vez, el otro punto caracter\u00edstico del festival,<strong>&nbsp;Babel Comedy,&nbsp;<\/strong>el espacio habilitado para la comedia.&nbsp;<strong>Joaqu\u00edn Reyes<\/strong>,&nbsp;<strong>Iggy Rub\u00edn<\/strong>,&nbsp;<strong>Laura M\u00e1rquez<\/strong>&nbsp;y&nbsp;<strong>Ernesto Sevilla<\/strong>, son algunos de los nombres que conquistar\u00e1n al p\u00fablico festivalero.<\/p>\n\n\n<div class=\"wp-block-image\">\n<figure class=\"aligncenter size-full\"><img loading=\"lazy\" decoding=\"async\" width=\"1920\" height=\"2400\" src=\"https:\/\/entrenotasyacordes.com\/wp-content\/uploads\/2025\/06\/RB25-CARTEL-feed-1.jpg\" alt=\"\" class=\"wp-image-15836\" srcset=\"https:\/\/entrenotasyacordes.com\/wp-content\/uploads\/2025\/06\/RB25-CARTEL-feed-1.jpg 1920w, https:\/\/entrenotasyacordes.com\/wp-content\/uploads\/2025\/06\/RB25-CARTEL-feed-1-240x300.jpg 240w, https:\/\/entrenotasyacordes.com\/wp-content\/uploads\/2025\/06\/RB25-CARTEL-feed-1-819x1024.jpg 819w, https:\/\/entrenotasyacordes.com\/wp-content\/uploads\/2025\/06\/RB25-CARTEL-feed-1-768x960.jpg 768w, https:\/\/entrenotasyacordes.com\/wp-content\/uploads\/2025\/06\/RB25-CARTEL-feed-1-1229x1536.jpg 1229w, https:\/\/entrenotasyacordes.com\/wp-content\/uploads\/2025\/06\/RB25-CARTEL-feed-1-1638x2048.jpg 1638w, https:\/\/entrenotasyacordes.com\/wp-content\/uploads\/2025\/06\/RB25-CARTEL-feed-1-1024x1280.jpg 1024w\" sizes=\"auto, (max-width: 1920px) 100vw, 1920px\" \/><\/figure>\n<\/div>\n\n\n<p>El&nbsp;<strong>5 de julio<\/strong>, el escenario acoger\u00e1 a una de las bandas m\u00e1s queridas del panorama nacional,&nbsp;<strong>Estopa.<\/strong>&nbsp;Su energ\u00eda incombustible y su cancionero popular unidos con la personalidad del grupo, prometen una actuaci\u00f3n inolvidable. Desde Reino Unido,&nbsp;<strong>Madness<\/strong>&nbsp;traer\u00e1 su m\u00edtico ska y sus cl\u00e1sicos intemporales. La fuerza l\u00edrica de&nbsp;<strong>Bebe<\/strong>, el carisma de&nbsp;<strong>No Te Va Gustar<\/strong>&nbsp;y la sensibilidad de&nbsp;<strong>Yerai Cort\u00e9s<\/strong>&nbsp;dar\u00e1n forma a una jornada donde el mestizaje y la emoci\u00f3n estar\u00e1n presentes en todo momento. Artistas como&nbsp;<strong>Queralt Lahoz<\/strong>,&nbsp;<strong>Alamedadosoulna<\/strong>,&nbsp;<strong>La Ganga Cal\u00e9<\/strong>,&nbsp;<strong>Swing Original Monks,<\/strong>&nbsp;<strong>Sanguijuelas del Guadiana<\/strong>&nbsp;y&nbsp;<strong>GRISO<\/strong>&nbsp;prometen momentos de pura energ\u00eda y conexi\u00f3n con el p\u00fablico.&nbsp;<strong>Babel Comedy<\/strong>, de nuevo, traer\u00e1 los nombres de referencia en el panorama c\u00f3mico espa\u00f1ol.&nbsp;<strong>Andr\u00e9s Fajngold<\/strong>,&nbsp;<strong>Ignatius Farray&nbsp;<\/strong>e&nbsp;<strong>In\u00e9s Hernand<\/strong>, pondr\u00e1n el toque irreverente y sat\u00edrico al cierre del festival.<\/p>\n\n\n\n<p>Los abonos y entradas de d\u00eda para se encuentran a la venta en&nbsp;<strong><a href=\"https:\/\/sonde3.acblnk.com\/url\/ver\/808360881\/3232794\/918735d2e01ff13fcc8723a86185b723\" target=\"_blank\" rel=\"noreferrer noopener\">festivalriobabel.com<\/a><\/strong><\/p>\n\n\n\n<figure class=\"wp-block-embed is-type-video is-provider-youtube wp-block-embed-youtube wp-embed-aspect-16-9 wp-has-aspect-ratio\"><div class=\"wp-block-embed__wrapper\">\n<div class=\"epyt-video-wrapper\"><iframe loading=\"lazy\"  id=\"_ytid_48258\"  width=\"640\" height=\"360\"  data-origwidth=\"640\" data-origheight=\"360\" src=\"https:\/\/www.youtube.com\/embed\/Kai8uOoHNqM?enablejsapi=1&#038;autoplay=0&#038;cc_load_policy=0&#038;cc_lang_pref=&#038;iv_load_policy=1&#038;loop=0&#038;rel=1&#038;fs=1&#038;playsinline=0&#038;autohide=2&#038;theme=dark&#038;color=white&#038;controls=1&#038;\" class=\"__youtube_prefs__  epyt-is-override  no-lazyload\" data-vol=\"50\"  title=\"YouTube player\"  allow=\"fullscreen; accelerometer; autoplay; clipboard-write; encrypted-media; gyroscope; picture-in-picture; web-share\" referrerpolicy=\"strict-origin-when-cross-origin\" allowfullscreen data-no-lazy=\"1\" data-skipgform_ajax_framebjll=\"\"><\/iframe><\/div>\n<\/div><\/figure>\n","protected":false},"excerpt":{"rendered":"","protected":false},"author":5,"featured_media":15836,"comment_status":"open","ping_status":"open","sticky":false,"template":"","format":"standard","meta":{"om_disable_all_campaigns":false,"_uf_show_specific_survey":0,"_uf_disable_surveys":false,"footnotes":""},"categories":[36],"tags":[],"class_list":["post-15831","post","type-post","status-publish","format-standard","has-post-thumbnail","hentry","category-conciertos"],"_links":{"self":[{"href":"https:\/\/entrenotasyacordes.com\/index.php?rest_route=\/wp\/v2\/posts\/15831","targetHints":{"allow":["GET"]}}],"collection":[{"href":"https:\/\/entrenotasyacordes.com\/index.php?rest_route=\/wp\/v2\/posts"}],"about":[{"href":"https:\/\/entrenotasyacordes.com\/index.php?rest_route=\/wp\/v2\/types\/post"}],"author":[{"embeddable":true,"href":"https:\/\/entrenotasyacordes.com\/index.php?rest_route=\/wp\/v2\/users\/5"}],"replies":[{"embeddable":true,"href":"https:\/\/entrenotasyacordes.com\/index.php?rest_route=%2Fwp%2Fv2%2Fcomments&post=15831"}],"version-history":[{"count":1,"href":"https:\/\/entrenotasyacordes.com\/index.php?rest_route=\/wp\/v2\/posts\/15831\/revisions"}],"predecessor-version":[{"id":15837,"href":"https:\/\/entrenotasyacordes.com\/index.php?rest_route=\/wp\/v2\/posts\/15831\/revisions\/15837"}],"wp:featuredmedia":[{"embeddable":true,"href":"https:\/\/entrenotasyacordes.com\/index.php?rest_route=\/wp\/v2\/media\/15836"}],"wp:attachment":[{"href":"https:\/\/entrenotasyacordes.com\/index.php?rest_route=%2Fwp%2Fv2%2Fmedia&parent=15831"}],"wp:term":[{"taxonomy":"category","embeddable":true,"href":"https:\/\/entrenotasyacordes.com\/index.php?rest_route=%2Fwp%2Fv2%2Fcategories&post=15831"},{"taxonomy":"post_tag","embeddable":true,"href":"https:\/\/entrenotasyacordes.com\/index.php?rest_route=%2Fwp%2Fv2%2Ftags&post=15831"}],"curies":[{"name":"wp","href":"https:\/\/api.w.org\/{rel}","templated":true}]}}