{"id":15838,"date":"2025-06-13T01:47:19","date_gmt":"2025-06-13T01:47:19","guid":{"rendered":"https:\/\/entrenotasyacordes.com\/?p=15838"},"modified":"2025-06-13T01:47:20","modified_gmt":"2025-06-13T01:47:20","slug":"sofia-gabanna-en-argentina","status":"publish","type":"post","link":"https:\/\/entrenotasyacordes.com\/?p=15838","title":{"rendered":"SOFIA GABANNA EN ARGENTINA"},"content":{"rendered":"\n<!--more-->\n\n\n<div class=\"wp-block-image\">\n<figure class=\"aligncenter size-full\"><img loading=\"lazy\" decoding=\"async\" width=\"640\" height=\"640\" src=\"https:\/\/entrenotasyacordes.com\/wp-content\/uploads\/2025\/06\/1749394374122-sofia_roxy-04.jpg\" alt=\"\" class=\"wp-image-15839\" srcset=\"https:\/\/entrenotasyacordes.com\/wp-content\/uploads\/2025\/06\/1749394374122-sofia_roxy-04.jpg 640w, https:\/\/entrenotasyacordes.com\/wp-content\/uploads\/2025\/06\/1749394374122-sofia_roxy-04-300x300.jpg 300w, https:\/\/entrenotasyacordes.com\/wp-content\/uploads\/2025\/06\/1749394374122-sofia_roxy-04-150x150.jpg 150w, https:\/\/entrenotasyacordes.com\/wp-content\/uploads\/2025\/06\/1749394374122-sofia_roxy-04-50x50.jpg 50w\" sizes=\"auto, (max-width: 640px) 100vw, 640px\" \/><\/figure>\n<\/div>\n\n\n<p class=\"has-text-align-left\">La talentosa artista espa\u00f1ola-argentina&nbsp;<strong>Sof\u00eda Gabanna<\/strong>&nbsp;regresa al pa\u00eds para presentarse en vivo el<strong>&nbsp;jueves 26 de junio<\/strong>, 19hs, en&nbsp;<strong>The Roxy<\/strong>&nbsp;(Niceto Vega 5542).<\/p>\n\n\n\n<p class=\"has-text-align-left\"><strong>Entradas a la venta por sistema&nbsp;<a href=\"https:\/\/www.allaccess.com.ar\/event\/sofia-gabanna?utm_source=perfit&amp;utm_medium=email\" rel=\"noreferrer noopener\" target=\"_blank\">AllAccess<\/a><\/strong><\/p>\n\n\n\n<p>Sofia Gabanna acaba de lanzar su nuevo single \u00a8YO SOY YO\u00a8 , una canci\u00f3n que guarda mucha identidad. Separando el Yo de cualquier otro yo. Destacando la autenticidad y unicidad de cada persona en donde, adem\u00e1s, deja de lado la comparaci\u00f3n aguardando mucha fuerza. Una canci\u00f3n valiente y melanc\u00f3lica.\u00a0<\/p>\n\n\n\n<figure class=\"wp-block-embed is-type-video is-provider-youtube wp-block-embed-youtube wp-embed-aspect-16-9 wp-has-aspect-ratio\"><div class=\"wp-block-embed__wrapper\">\n<div class=\"epyt-video-wrapper\"><iframe loading=\"lazy\"  id=\"_ytid_45388\"  width=\"640\" height=\"360\"  data-origwidth=\"640\" data-origheight=\"360\" src=\"https:\/\/www.youtube.com\/embed\/Xnndnxd38ko?enablejsapi=1&#038;autoplay=0&#038;cc_load_policy=0&#038;cc_lang_pref=&#038;iv_load_policy=1&#038;loop=0&#038;rel=1&#038;fs=1&#038;playsinline=0&#038;autohide=2&#038;theme=dark&#038;color=white&#038;controls=1&#038;\" class=\"__youtube_prefs__  epyt-is-override  no-lazyload\" data-vol=\"50\"  title=\"YouTube player\"  allow=\"fullscreen; accelerometer; autoplay; clipboard-write; encrypted-media; gyroscope; picture-in-picture; web-share\" referrerpolicy=\"strict-origin-when-cross-origin\" allowfullscreen data-no-lazy=\"1\" data-skipgform_ajax_framebjll=\"\"><\/iframe><\/div>\n<\/div><\/figure>\n\n\n\n<p>Rapera de coraz\u00f3n, bailarina, t\u00edmida a veces y extrovertida siempre, Sofia, canta en la vida. Nacida en Argentina a la edad de 3 a\u00f1os emigr\u00f3 con toda su familia a Espa\u00f1a, y actualmente vive en Barcelona.<\/p>\n\n\n\n<p>Al llegar comenz\u00f3 en una escuela de danza cl\u00e1sica y flamenco, a la que le encantaba asistir. Dedicaba mucho tiempo y ganas, y era feliz haciendo esto. Tambi\u00e9n sol\u00eda estar acompa\u00f1ada de su guitarra, con la que empez\u00f3 a ser cantautora desde peque\u00f1a. Desde peque\u00f1a se hall\u00f3 rodeada de m\u00fasica, desde cl\u00e1sico, rock argentino, flamenco, blues, jazz, hasta hip hop y rap. Nach, Cancerbero, Nas , 2pac, Da Brat, Missy Elliot, Fito Paez, Calamaro, Bersuit Vergarabat y much\u00edsimos m\u00e1s artistas. A ra\u00edz de que descubre el g\u00e9nero del rap, comienza a desarrollar toda su escritura en bases, con instrumentales ya recitarlo de una forma r\u00edtmica. Poco a poco fue encontrando un espacio en la m\u00fasica, que cada vez se hac\u00eda mayor. Despu\u00e9s de algunos a\u00f1os escribiendo, comparte su primer tema &#8216;Fui Silencio&#8217;, 2018. Sus letras representan la libre canalizaci\u00f3n del ser humano y la libertad y la necesidad de expresi\u00f3n. A partir de ah\u00ed enlaza una serie de singles y un EP con mucha repercusi\u00f3n, que la colocan en el centro de muchas miradas y esto hace que colabore tambi\u00e9n con varios artistas de nivel. En\u00a02024 saca su primer \u00e1lbum \u00abSideral\u00bb que ha presentando por todo el territorio.\u00a0\u00a0<\/p>\n","protected":false},"excerpt":{"rendered":"","protected":false},"author":5,"featured_media":15839,"comment_status":"open","ping_status":"open","sticky":false,"template":"","format":"standard","meta":{"om_disable_all_campaigns":false,"_uf_show_specific_survey":0,"_uf_disable_surveys":false,"footnotes":""},"categories":[36],"tags":[],"class_list":["post-15838","post","type-post","status-publish","format-standard","has-post-thumbnail","hentry","category-conciertos"],"_links":{"self":[{"href":"https:\/\/entrenotasyacordes.com\/index.php?rest_route=\/wp\/v2\/posts\/15838","targetHints":{"allow":["GET"]}}],"collection":[{"href":"https:\/\/entrenotasyacordes.com\/index.php?rest_route=\/wp\/v2\/posts"}],"about":[{"href":"https:\/\/entrenotasyacordes.com\/index.php?rest_route=\/wp\/v2\/types\/post"}],"author":[{"embeddable":true,"href":"https:\/\/entrenotasyacordes.com\/index.php?rest_route=\/wp\/v2\/users\/5"}],"replies":[{"embeddable":true,"href":"https:\/\/entrenotasyacordes.com\/index.php?rest_route=%2Fwp%2Fv2%2Fcomments&post=15838"}],"version-history":[{"count":1,"href":"https:\/\/entrenotasyacordes.com\/index.php?rest_route=\/wp\/v2\/posts\/15838\/revisions"}],"predecessor-version":[{"id":15840,"href":"https:\/\/entrenotasyacordes.com\/index.php?rest_route=\/wp\/v2\/posts\/15838\/revisions\/15840"}],"wp:featuredmedia":[{"embeddable":true,"href":"https:\/\/entrenotasyacordes.com\/index.php?rest_route=\/wp\/v2\/media\/15839"}],"wp:attachment":[{"href":"https:\/\/entrenotasyacordes.com\/index.php?rest_route=%2Fwp%2Fv2%2Fmedia&parent=15838"}],"wp:term":[{"taxonomy":"category","embeddable":true,"href":"https:\/\/entrenotasyacordes.com\/index.php?rest_route=%2Fwp%2Fv2%2Fcategories&post=15838"},{"taxonomy":"post_tag","embeddable":true,"href":"https:\/\/entrenotasyacordes.com\/index.php?rest_route=%2Fwp%2Fv2%2Ftags&post=15838"}],"curies":[{"name":"wp","href":"https:\/\/api.w.org\/{rel}","templated":true}]}}