{"id":15845,"date":"2025-06-13T02:03:43","date_gmt":"2025-06-13T02:03:43","guid":{"rendered":"https:\/\/entrenotasyacordes.com\/?p=15845"},"modified":"2025-06-13T02:03:44","modified_gmt":"2025-06-13T02:03:44","slug":"las-pelotas-festeja-sus-36-anos-de-carrera-sabado-18-de-octubre-tecnopolis-gira-nacional-6-x-6","status":"publish","type":"post","link":"https:\/\/entrenotasyacordes.com\/?p=15845","title":{"rendered":"LAS PELOTAS festeja sus 36 a\u00f1os de carrera. S\u00e1bado 18 de octubre &#8211; TECN\u00d3POLIS + GIRA NACIONAL 6 X 6"},"content":{"rendered":"\n<!--more-->\n\n\n<div class=\"wp-block-image\">\n<figure class=\"aligncenter size-full\"><img loading=\"lazy\" decoding=\"async\" width=\"402\" height=\"504\" src=\"https:\/\/entrenotasyacordes.com\/wp-content\/uploads\/2025\/06\/afcbc0ce-8daf-b10d-588c-50eb7195e5aa.jpg\" alt=\"\" class=\"wp-image-15846\" srcset=\"https:\/\/entrenotasyacordes.com\/wp-content\/uploads\/2025\/06\/afcbc0ce-8daf-b10d-588c-50eb7195e5aa.jpg 402w, https:\/\/entrenotasyacordes.com\/wp-content\/uploads\/2025\/06\/afcbc0ce-8daf-b10d-588c-50eb7195e5aa-239x300.jpg 239w\" sizes=\"auto, (max-width: 402px) 100vw, 402px\" \/><\/figure>\n<\/div>\n\n\n<p class=\"has-text-align-left\"><strong>LAS PELOTAS<\/strong>\u00a0festeja sus 36 a\u00f1os de carrera con un show en Tecn\u00f3polis y su gira por todo el pa\u00eds.\u00a0<\/p>\n\n\n\n<p class=\"has-text-align-left\"><strong>LAS PELOTAS<\/strong><br><strong>S\u00c1BADO 18 DE OCTUBRE<\/strong><br><strong>&#8211; T\u00c9CNOPOLIS-<\/strong><br><strong>Preventa Abierta 1\u00a0(cupos limitados)<\/strong><br><strong>disponibe a partir del martes 10 de Junio por\u00a0<a href=\"https:\/\/enigmaticket.com\/\">EnigmaTicket.com<\/a><\/strong><\/p>\n\n\n\n<p class=\"has-text-align-left\">El pr\u00f3ximo s\u00e1bado 18 de octubre, la banda liderada por German Daffunchio se presentar\u00e1 en Tecn\u00f3polis como parte de su gira\u00a0nacional 6 x 6.<\/p>\n\n\n\n<p>Julio 4 y 5 &#8211; Neuquen&nbsp;<br>Julio 19 &#8211; Santa Rosa (La Pampa)&nbsp;<br>Agosto 9- Rosario&nbsp;<br>Agosto 22 &#8211; San Juan&nbsp;<br>Agosto 23 &#8211; Mendoza&nbsp;<br>Septiembre 12 &#8211; C\u00f3rdoba&nbsp;<br>Septiembre 13 &#8211; Rafaela&nbsp;<br>Octubre 3 &#8211; Salta&nbsp;<br>Octubre 4 &#8211; Tucum\u00e1n&nbsp;<br>Octubre 18 &#8211; Tecn\u00f3polis (Buenos Aires)&nbsp;<br>Noviembre 15 &#8211; Posadas&nbsp;<br>Noviembre 16 &#8211; Corrientes&nbsp;<br>Noviembre 29 &#8211; Uruguay&nbsp;<br>&nbsp;<br>&nbsp;<em>M\u00e1s fechas pr\u00f3ximamente<\/em><\/p>\n\n\n\n<p class=\"has-text-align-left\"><em><strong>La banda nos cuenta :\u00a0<\/strong><\/em><br><em><strong>Jam\u00e1s pensamos hasta cu\u00e1ndo \u00edbamos a seguir tocando ..<\/strong><\/em><br><em><strong>36 a\u00f1os arriba de los escenarios hablan de muchas cosas vividas .. Lo m\u00e1s sorprendente es que seguimos siendo felices tocando , componiendo y haciendo m\u00fasica\u00a0<\/strong><\/em><br><em><strong>6 x 6 .. \u00a1Se viene el festejo !\u00a0<\/strong><\/em><br>\u00a0<br>Tras la disoluci\u00f3n de la m\u00edtica banda Sumo, Germ\u00e1n Daffunchio decide darle vida a \u00ab<strong>LAS PELOTAS<\/strong>\u00ab, uno de los grupos que encabez\u00f3 el rumbo de cambio en la historia del Rock Nacional.\u00a0<br>\u00a0<br>Con 36 a\u00f1os de carrera e incontables presentaciones en vivo,\u00a0<strong>LAS PELOTAS<\/strong>\u00a0se convirti\u00f3 \u00a0 en indiscutible referente musical.<br>\u00a0<br><strong>LAS PELOTAS<\/strong>\u00a0se destaca por su inigualable capacidad de entrelazar el rock m\u00e1s puro con grandes canciones donde la l\u00edrica profunda y contundente ocupa un lugar protag\u00f3nico.\u00a0\u00a0<br>\u00a0<br>La banda sigue en carrera. Mientras finalizan la grabaci\u00f3n de lo que ser\u00e1 su pr\u00f3ximo trabajo discogr\u00e1fico, se preparan para un show y una gira\u00a0<\/p>\n\n\n\n<p class=\"has-text-align-left\"><strong>LAS PELOTAS<\/strong><br>German Daffunchio &#8211; Voz, guitarras.<br>Gabriela Martinez &#8211; Bajo, coros.<br>Tom\u00e1s Sussmann\u00a0\u2013\u00a0Guitarras.<br>Sebastian \u00a0Schachtel\u00a0\u2013\u00a0Teclados.<br>Gustavo Jove\u00a0\u2013\u00a0Bater\u00eda.<br>Gaspar Daffunchio &#8211; Guitarras<br>Alejandro Gomez Ferrero &#8211; Trompeta, coros, percusi\u00f3<\/p>\n","protected":false},"excerpt":{"rendered":"","protected":false},"author":5,"featured_media":15846,"comment_status":"open","ping_status":"open","sticky":false,"template":"","format":"standard","meta":{"om_disable_all_campaigns":false,"_uf_show_specific_survey":0,"_uf_disable_surveys":false,"footnotes":""},"categories":[36],"tags":[],"class_list":["post-15845","post","type-post","status-publish","format-standard","has-post-thumbnail","hentry","category-conciertos"],"_links":{"self":[{"href":"https:\/\/entrenotasyacordes.com\/index.php?rest_route=\/wp\/v2\/posts\/15845","targetHints":{"allow":["GET"]}}],"collection":[{"href":"https:\/\/entrenotasyacordes.com\/index.php?rest_route=\/wp\/v2\/posts"}],"about":[{"href":"https:\/\/entrenotasyacordes.com\/index.php?rest_route=\/wp\/v2\/types\/post"}],"author":[{"embeddable":true,"href":"https:\/\/entrenotasyacordes.com\/index.php?rest_route=\/wp\/v2\/users\/5"}],"replies":[{"embeddable":true,"href":"https:\/\/entrenotasyacordes.com\/index.php?rest_route=%2Fwp%2Fv2%2Fcomments&post=15845"}],"version-history":[{"count":1,"href":"https:\/\/entrenotasyacordes.com\/index.php?rest_route=\/wp\/v2\/posts\/15845\/revisions"}],"predecessor-version":[{"id":15847,"href":"https:\/\/entrenotasyacordes.com\/index.php?rest_route=\/wp\/v2\/posts\/15845\/revisions\/15847"}],"wp:featuredmedia":[{"embeddable":true,"href":"https:\/\/entrenotasyacordes.com\/index.php?rest_route=\/wp\/v2\/media\/15846"}],"wp:attachment":[{"href":"https:\/\/entrenotasyacordes.com\/index.php?rest_route=%2Fwp%2Fv2%2Fmedia&parent=15845"}],"wp:term":[{"taxonomy":"category","embeddable":true,"href":"https:\/\/entrenotasyacordes.com\/index.php?rest_route=%2Fwp%2Fv2%2Fcategories&post=15845"},{"taxonomy":"post_tag","embeddable":true,"href":"https:\/\/entrenotasyacordes.com\/index.php?rest_route=%2Fwp%2Fv2%2Ftags&post=15845"}],"curies":[{"name":"wp","href":"https:\/\/api.w.org\/{rel}","templated":true}]}}