{"id":15848,"date":"2025-06-13T02:11:42","date_gmt":"2025-06-13T02:11:42","guid":{"rendered":"https:\/\/entrenotasyacordes.com\/?p=15848"},"modified":"2025-06-13T02:11:43","modified_gmt":"2025-06-13T02:11:43","slug":"fiore-leone-presenta-su-primer-ep-en-la-tangente","status":"publish","type":"post","link":"https:\/\/entrenotasyacordes.com\/?p=15848","title":{"rendered":"FIORE LEONE presenta su primer EP en La Tangente!"},"content":{"rendered":"\n<!--more-->\n\n\n\n<p class=\"has-text-align-center\"><strong>FIORE LEONE<\/strong><br><strong>presenta su primer EP<br>\u00abD\u00c1MELO\u00bb en La Tangente el 31.07!<\/strong><br>\u00a0<br><em>&#8211; Una nueva artista que irrumpe con sonidos rock:<br>cinco canciones que laten como un manifiesto emocional.-<\/em><\/p>\n\n\n\n<figure class=\"wp-block-image size-full\"><img loading=\"lazy\" decoding=\"async\" width=\"2040\" height=\"2560\" src=\"https:\/\/entrenotasyacordes.com\/wp-content\/uploads\/2025\/06\/6c6bdab9-5154-5f01-cc36-bdc47aea5e8c-scaled.jpg\" alt=\"\" class=\"wp-image-15849\" srcset=\"https:\/\/entrenotasyacordes.com\/wp-content\/uploads\/2025\/06\/6c6bdab9-5154-5f01-cc36-bdc47aea5e8c-scaled.jpg 2040w, https:\/\/entrenotasyacordes.com\/wp-content\/uploads\/2025\/06\/6c6bdab9-5154-5f01-cc36-bdc47aea5e8c-239x300.jpg 239w, https:\/\/entrenotasyacordes.com\/wp-content\/uploads\/2025\/06\/6c6bdab9-5154-5f01-cc36-bdc47aea5e8c-816x1024.jpg 816w, https:\/\/entrenotasyacordes.com\/wp-content\/uploads\/2025\/06\/6c6bdab9-5154-5f01-cc36-bdc47aea5e8c-768x964.jpg 768w, https:\/\/entrenotasyacordes.com\/wp-content\/uploads\/2025\/06\/6c6bdab9-5154-5f01-cc36-bdc47aea5e8c-1224x1536.jpg 1224w, https:\/\/entrenotasyacordes.com\/wp-content\/uploads\/2025\/06\/6c6bdab9-5154-5f01-cc36-bdc47aea5e8c-1632x2048.jpg 1632w, https:\/\/entrenotasyacordes.com\/wp-content\/uploads\/2025\/06\/6c6bdab9-5154-5f01-cc36-bdc47aea5e8c-1024x1285.jpg 1024w\" sizes=\"auto, (max-width: 2040px) 100vw, 2040px\" \/><\/figure>\n\n\n\n<p><strong>Fiore Leone<\/strong>, cantautora, productora musical y multiinstrumentista argentina, lanz\u00f3 su primer EP titulado D\u00c1MELO y lo presentar\u00e1 en vivo el&nbsp;<strong>jueves 31 de Julio a partir de las 20 hs. en La Tangente<\/strong>&nbsp;&#8211; Honduras 5317, CABA &#8211; junto a la banda Malditos Perros Secuases. El EP ya est\u00e1 disponible en todas las plataformas digitales, y las entradas se pueden adquirir en&nbsp;<a href=\"https:\/\/tickets.latangente.com.ar\/\">tickets.latangente.com.ar<\/a>.<br><br>El show promete ser una experiencia poderosa. Con una puesta esc\u00e9nica que rescata la nostalgia de ciertos sonidos del pasado, pero con una mirada fresca y contempor\u00e1nea, Fiore combina presencia, sensibilidad y una propuesta sonora que emociona sin perder fuerza.<br><br>Se presentar\u00e1 en formato banda junto a Mat\u00edas Palumbo \u2014productor musical del proyecto y baterista\u2014 y Juli\u00e1n M\u00e9ndez \u2014arreglador y guitarrista\u2014, con quienes adem\u00e1s trabaj\u00f3 de forma colaborativa para lograr un sonido fresco y contundente en el material de estudio. El grupo se completar\u00e1 con Aleymu en el bajo y Jazm\u00edn Laurenza en teclado y coros.<br><br>Acerca de su EP \u201c<strong>D\u00c1MELO<\/strong>\u201d: es una declaraci\u00f3n de deseo y urgencia. El t\u00edtulo funciona como una orden: d\u00e1melo, como una necesidad que nace del deseo profundo. Cada canci\u00f3n \u2014Ando, D\u00e1melo, Desconectar, S\u00fabete, Esconderme\u2014 representa una acci\u00f3n, una emoci\u00f3n, un estado que forma parte del recorrido personal y art\u00edstico de la artista.<br><br>En lo musical, el EP fusiona el ADN del&nbsp;<strong>rock nacional con elementos del pop y la m\u00fasica urbana<\/strong>. Esta combinaci\u00f3n refleja el recorrido de Fiore como compositora, productora y artista integral, y conecta con una nueva generaci\u00f3n que busca intensidad, poes\u00eda y honestidad en la m\u00fasica.<br><br>El evento del 31 de julio en La Tangente, es una invitaci\u00f3n a conocer de cerca el universo de una artista que llega con una voz propia y una propuesta que no pasar\u00e1 desapercibida.<\/p>\n\n\n\n<p class=\"has-text-align-center\"><strong>FIORE LEONE<\/strong><br><strong>SHOW PRESENTACI\u00d3N DE SU EP DEBUT: D\u00c1MELO<\/strong><br>31 de Julio | 20 hs.<br>La Tangente | Honduras 5317, CABA<br>Tickets a la venta por la web de La Tangente<\/p>\n\n\n\n<figure class=\"wp-block-embed is-type-video is-provider-youtube wp-block-embed-youtube wp-embed-aspect-16-9 wp-has-aspect-ratio\"><div class=\"wp-block-embed__wrapper\">\n<div class=\"epyt-video-wrapper\"><iframe loading=\"lazy\"  id=\"_ytid_94945\"  width=\"640\" height=\"360\"  data-origwidth=\"640\" data-origheight=\"360\" src=\"https:\/\/www.youtube.com\/embed\/qN23k5wbfa8?enablejsapi=1&#038;autoplay=0&#038;cc_load_policy=0&#038;cc_lang_pref=&#038;iv_load_policy=1&#038;loop=0&#038;rel=1&#038;fs=1&#038;playsinline=0&#038;autohide=2&#038;theme=dark&#038;color=white&#038;controls=1&#038;\" class=\"__youtube_prefs__  epyt-is-override  no-lazyload\" data-vol=\"50\"  title=\"YouTube player\"  allow=\"fullscreen; accelerometer; autoplay; clipboard-write; encrypted-media; gyroscope; picture-in-picture; web-share\" referrerpolicy=\"strict-origin-when-cross-origin\" allowfullscreen data-no-lazy=\"1\" data-skipgform_ajax_framebjll=\"\"><\/iframe><\/div>\n<\/div><\/figure>\n\n\n\n<p><strong><u>Informaci\u00f3n t\u00e9cnica del EP &#8211; D\u00c1MELO<\/u><\/strong><br>\u00a0M\u00fasica y Letra: Fiore Leone<br>Producci\u00f3n Musical: Mat\u00edas Palumbo y Fiore Leone<br>Guitarras y arreglos: Juli\u00e1n M\u00e9ndez y Fiore Leone<br>Bajos: Axel Agustin Martinez<br>Bater\u00edas: Mat\u00edas Palumbo<br>Ingeniero de Grabaci\u00f3n: Diego Trigger<br>Mastering: Estudio El \u00c1ngel<br>Mezcla: Mat\u00edas Palumbo<br>Grabado en Estudio MCL<\/p>\n\n\n<div class=\"wp-block-image\">\n<figure class=\"aligncenter size-full\"><img loading=\"lazy\" decoding=\"async\" width=\"1268\" height=\"667\" src=\"https:\/\/entrenotasyacordes.com\/wp-content\/uploads\/2025\/06\/e8098391-0375-4519-8d9c-13b58c3685cb.jpeg\" alt=\"\" class=\"wp-image-15850\" srcset=\"https:\/\/entrenotasyacordes.com\/wp-content\/uploads\/2025\/06\/e8098391-0375-4519-8d9c-13b58c3685cb.jpeg 1268w, https:\/\/entrenotasyacordes.com\/wp-content\/uploads\/2025\/06\/e8098391-0375-4519-8d9c-13b58c3685cb-300x158.jpeg 300w, https:\/\/entrenotasyacordes.com\/wp-content\/uploads\/2025\/06\/e8098391-0375-4519-8d9c-13b58c3685cb-1024x539.jpeg 1024w, https:\/\/entrenotasyacordes.com\/wp-content\/uploads\/2025\/06\/e8098391-0375-4519-8d9c-13b58c3685cb-768x404.jpeg 768w, https:\/\/entrenotasyacordes.com\/wp-content\/uploads\/2025\/06\/e8098391-0375-4519-8d9c-13b58c3685cb-720x380.jpeg 720w\" sizes=\"auto, (max-width: 1268px) 100vw, 1268px\" \/><\/figure>\n<\/div>\n\n\n<p><strong><u>ALGO M\u00c1S ACERCA DE FIORE LEONE<\/u><\/strong><\/p>\n\n\n\n<p>La pasi\u00f3n de Fiore por la m\u00fasica comenz\u00f3 desde muy chica. A los quince a\u00f1os dio uno de sus primeros shows en vivo junto a amigos, en un bar de su ciudad, con canciones compuestas y escritas por ella misma.<\/p>\n\n\n\n<p>Con el tiempo, se fue profesionalizando y nutriendo de distintos g\u00e9neros musicales. Hoy lleva adelante un proyecto solista donde fusiona estilos y deja huella con letras que reflejan su mirada sobre el mundo.<br><br>Fiore\u00a0<strong>compone sus canciones en piano y guitarra<\/strong>, arma las ideas y maquetas, y desde ah\u00ed define el rumbo sonoro de cada tema. Es un proceso que tiene un valor especial tanto para ella como para su p\u00fablico, que percibe cu\u00e1nto de su esencia hay en cada detalle.<\/p>\n\n\n\n<p>En 2020 present\u00f3 sus primeros singles: \u201cCu\u00e1nto tiempo\u201d y \u201cVeneno\u201d. Al a\u00f1o siguiente lanz\u00f3 \u201cSeguir este baile\u201d, con la participaci\u00f3n de Lvrod (Crewrod), una canci\u00f3n que transmite fuerza y la decisi\u00f3n de dejar atr\u00e1s los miedos. En 2024 public\u00f3 \u201cD\u00e1melo\u201d y \u201cAndo\u201d, temas que forman parte de su EP debut.<\/p>\n","protected":false},"excerpt":{"rendered":"","protected":false},"author":5,"featured_media":15849,"comment_status":"open","ping_status":"open","sticky":false,"template":"","format":"standard","meta":{"om_disable_all_campaigns":false,"_uf_show_specific_survey":0,"_uf_disable_surveys":false,"footnotes":""},"categories":[36],"tags":[],"class_list":["post-15848","post","type-post","status-publish","format-standard","has-post-thumbnail","hentry","category-conciertos"],"_links":{"self":[{"href":"https:\/\/entrenotasyacordes.com\/index.php?rest_route=\/wp\/v2\/posts\/15848","targetHints":{"allow":["GET"]}}],"collection":[{"href":"https:\/\/entrenotasyacordes.com\/index.php?rest_route=\/wp\/v2\/posts"}],"about":[{"href":"https:\/\/entrenotasyacordes.com\/index.php?rest_route=\/wp\/v2\/types\/post"}],"author":[{"embeddable":true,"href":"https:\/\/entrenotasyacordes.com\/index.php?rest_route=\/wp\/v2\/users\/5"}],"replies":[{"embeddable":true,"href":"https:\/\/entrenotasyacordes.com\/index.php?rest_route=%2Fwp%2Fv2%2Fcomments&post=15848"}],"version-history":[{"count":1,"href":"https:\/\/entrenotasyacordes.com\/index.php?rest_route=\/wp\/v2\/posts\/15848\/revisions"}],"predecessor-version":[{"id":15851,"href":"https:\/\/entrenotasyacordes.com\/index.php?rest_route=\/wp\/v2\/posts\/15848\/revisions\/15851"}],"wp:featuredmedia":[{"embeddable":true,"href":"https:\/\/entrenotasyacordes.com\/index.php?rest_route=\/wp\/v2\/media\/15849"}],"wp:attachment":[{"href":"https:\/\/entrenotasyacordes.com\/index.php?rest_route=%2Fwp%2Fv2%2Fmedia&parent=15848"}],"wp:term":[{"taxonomy":"category","embeddable":true,"href":"https:\/\/entrenotasyacordes.com\/index.php?rest_route=%2Fwp%2Fv2%2Fcategories&post=15848"},{"taxonomy":"post_tag","embeddable":true,"href":"https:\/\/entrenotasyacordes.com\/index.php?rest_route=%2Fwp%2Fv2%2Ftags&post=15848"}],"curies":[{"name":"wp","href":"https:\/\/api.w.org\/{rel}","templated":true}]}}