{"id":15852,"date":"2025-06-13T02:15:59","date_gmt":"2025-06-13T02:15:59","guid":{"rendered":"https:\/\/entrenotasyacordes.com\/?p=15852"},"modified":"2025-06-13T02:16:00","modified_gmt":"2025-06-13T02:16:00","slug":"beele-el-fenomeno-colombiano-del-pop-urbano-se-presentara-por-primera-vez-en-argentina","status":"publish","type":"post","link":"https:\/\/entrenotasyacordes.com\/?p=15852","title":{"rendered":"BE\u00c9LE, EL FEN\u00d3MENO COLOMBIANO DEL POP URBANO, SE PRESENTAR\u00c1 POR PRIMERA VEZ EN ARGENTINA"},"content":{"rendered":"\n<!--more-->\n\n\n\n<p class=\"has-text-align-left\">El fen\u00f3meno colombiano del pop urbano\u00a0<strong>Be\u00e9le\u00a0<\/strong>se presentar\u00e1 por primera vez en Argentina con un show \u00fanico en el\u00a0<strong>Movistar Arena<\/strong>. Con una propuesta musical que fusiona reggaet\u00f3n, pop, afrobeats y ritmos caribe\u00f1os, el artista ofrecer\u00e1 una noche vibrante donde no faltar\u00e1n sus grandes \u00e9xitos globales y las canciones de su aclamado \u00e1lbum debut\u00a0<strong>BORONDO<\/strong>.<\/p>\n\n\n\n<p class=\"has-text-align-center\"><strong>2 DE OCTUBRE | MOVISTAR ARENA<\/strong><br><strong>PREVENTA GALICIA VISA: 12 DE JUNIO, 10AM \/<br>VENTA GENERAL: 13 DE JUNIO A LAS 10AM<br>TICKETS \u00daNICAMENTE DISPONIBLES EN\u00a0<\/strong><a href=\"https:\/\/click.emails.sonymusicfans.com\/?qs=3e962aeca24ee601f3728fcbfcf6b62a1b30927fdd5ff1b054e0e6870a4b6e3ef1d5b6dd2ed1d80f2843592a7c1ee2056427bd884f9a65f9\"><strong>WWW.MOVISTARARENA.COM.AR<\/strong><\/a><\/p>\n\n\n<div class=\"wp-block-image\">\n<figure class=\"aligncenter size-full is-resized\"><img loading=\"lazy\" decoding=\"async\" width=\"387\" height=\"387\" src=\"https:\/\/entrenotasyacordes.com\/wp-content\/uploads\/2025\/06\/aed08f11-4f33-490c-afd6-16e039c79baa.jpg\" alt=\"\" class=\"wp-image-15853\" style=\"width:667px;height:auto\" srcset=\"https:\/\/entrenotasyacordes.com\/wp-content\/uploads\/2025\/06\/aed08f11-4f33-490c-afd6-16e039c79baa.jpg 387w, https:\/\/entrenotasyacordes.com\/wp-content\/uploads\/2025\/06\/aed08f11-4f33-490c-afd6-16e039c79baa-300x300.jpg 300w, https:\/\/entrenotasyacordes.com\/wp-content\/uploads\/2025\/06\/aed08f11-4f33-490c-afd6-16e039c79baa-150x150.jpg 150w, https:\/\/entrenotasyacordes.com\/wp-content\/uploads\/2025\/06\/aed08f11-4f33-490c-afd6-16e039c79baa-50x50.jpg 50w\" sizes=\"auto, (max-width: 387px) 100vw, 387px\" \/><\/figure>\n<\/div>\n\n\n<p class=\"has-text-align-left\">El artista colombiano Be\u00e9le llega por primera vez a Buenos Aires con un show producido por DF Entertainment que tendr\u00e1 lugar el 2 de octubre en el Movistar Arena.<\/p>\n\n\n\n<p><strong>Las entradas estar\u00e1n disponibles a trav\u00e9s de&nbsp;<\/strong><strong><a href=\"https:\/\/click.emails.sonymusicfans.com\/?qs=3e962aeca24ee601f3728fcbfcf6b62a1b30927fdd5ff1b054e0e6870a4b6e3ef1d5b6dd2ed1d80f2843592a7c1ee2056427bd884f9a65f9\"><strong>www.movistararena.com.ar<\/strong><\/a><\/strong><strong>,&nbsp;<\/strong>en preventa exclusiva para clientes Galicia VISA desde el 12 de junio a las 10:00 horas, con la posibilidad de adquirirlas en hasta 6 cuotas sin inter\u00e9s. La venta general se habilitar\u00e1 el 13 de junio a las 10:00 horas horas para todo p\u00fablico y con cualquier medio de pago.<\/p>\n\n\n\n<p>Con tan solo 21 a\u00f1os, Be\u00e9le se ha convertido en una de las voces m\u00e1s frescas y originales de la escena latina. Su primer disco&nbsp;<em>BORONDO<\/em>&nbsp;super\u00f3 los&nbsp;<strong>1.000 millones de streams globales<\/strong>, debut\u00f3 en el&nbsp;<strong>#7 del Billboard Top Latin Albums<\/strong>, y lleg\u00f3 al&nbsp;<strong>Top 10 de Spotify Global Albums (#9)<\/strong>. Tambi\u00e9n logr\u00f3 el&nbsp;<strong>#1 en Spotify Colombia, Panam\u00e1 y Rep\u00fablica Dominicana<\/strong>, y ocup\u00f3 el&nbsp;<strong>Top 5 en la lista oficial de ventas en Espa\u00f1a<\/strong>.<\/p>\n\n\n\n<p>Entre los tracks m\u00e1s destacados del disco se encuentran \u201c<strong>mi refe<\/strong>\u201d, convertido en triple platino, y \u201c<strong>no tiene sentido<\/strong>\u201d, que ingres\u00f3 al&nbsp;<strong>Top 50 global de Spotify (#32)<\/strong>. Adem\u00e1s,&nbsp;<em>BORONDO<\/em>&nbsp;incluye colaboraciones con figuras como&nbsp;<strong>Marc Anthony<\/strong>&nbsp;y&nbsp;<strong>Carla Morrison<\/strong>, mostrando la amplitud musical y emocional del artista.<\/p>\n\n\n\n<p>Nacido en Barranquilla, Be\u00e9le creci\u00f3 rodeado de los sonidos del Caribe colombiano, que hoy fusiona con g\u00e9neros urbanos y sensibilidad pop para dar forma a una propuesta \u00fanica. Comenz\u00f3 a subir sus canciones a plataformas digitales en plena adolescencia, y su distintivo color de voz &#8211; grave, suave, con alma de bolero &#8211; lo hizo destacar r\u00e1pidamente.<strong>&nbsp;Con apenas 16 a\u00f1os, su tema \u201cLoco\u201d se volvi\u00f3 viral y marc\u00f3 el inicio de una carrera que no ha dejado de crecer.<\/strong><\/p>\n\n\n\n<p class=\"has-text-align-left\"><strong>La llegada de Be\u00e9le a Buenos Aires marca un nuevo cap\u00edtulo en su trayectoria internacional<\/strong>: un artista en pleno ascenso que encuentra en cada escenario una nueva forma de conectar con sus ra\u00edces y con su audiencia.<\/p>\n","protected":false},"excerpt":{"rendered":"","protected":false},"author":5,"featured_media":15853,"comment_status":"open","ping_status":"open","sticky":false,"template":"","format":"standard","meta":{"om_disable_all_campaigns":false,"_uf_show_specific_survey":0,"_uf_disable_surveys":false,"footnotes":""},"categories":[36,34],"tags":[],"class_list":["post-15852","post","type-post","status-publish","format-standard","has-post-thumbnail","hentry","category-conciertos","category-ultimas-noticias"],"_links":{"self":[{"href":"https:\/\/entrenotasyacordes.com\/index.php?rest_route=\/wp\/v2\/posts\/15852","targetHints":{"allow":["GET"]}}],"collection":[{"href":"https:\/\/entrenotasyacordes.com\/index.php?rest_route=\/wp\/v2\/posts"}],"about":[{"href":"https:\/\/entrenotasyacordes.com\/index.php?rest_route=\/wp\/v2\/types\/post"}],"author":[{"embeddable":true,"href":"https:\/\/entrenotasyacordes.com\/index.php?rest_route=\/wp\/v2\/users\/5"}],"replies":[{"embeddable":true,"href":"https:\/\/entrenotasyacordes.com\/index.php?rest_route=%2Fwp%2Fv2%2Fcomments&post=15852"}],"version-history":[{"count":1,"href":"https:\/\/entrenotasyacordes.com\/index.php?rest_route=\/wp\/v2\/posts\/15852\/revisions"}],"predecessor-version":[{"id":15854,"href":"https:\/\/entrenotasyacordes.com\/index.php?rest_route=\/wp\/v2\/posts\/15852\/revisions\/15854"}],"wp:featuredmedia":[{"embeddable":true,"href":"https:\/\/entrenotasyacordes.com\/index.php?rest_route=\/wp\/v2\/media\/15853"}],"wp:attachment":[{"href":"https:\/\/entrenotasyacordes.com\/index.php?rest_route=%2Fwp%2Fv2%2Fmedia&parent=15852"}],"wp:term":[{"taxonomy":"category","embeddable":true,"href":"https:\/\/entrenotasyacordes.com\/index.php?rest_route=%2Fwp%2Fv2%2Fcategories&post=15852"},{"taxonomy":"post_tag","embeddable":true,"href":"https:\/\/entrenotasyacordes.com\/index.php?rest_route=%2Fwp%2Fv2%2Ftags&post=15852"}],"curies":[{"name":"wp","href":"https:\/\/api.w.org\/{rel}","templated":true}]}}