{"id":15881,"date":"2025-06-15T02:29:13","date_gmt":"2025-06-15T02:29:13","guid":{"rendered":"https:\/\/entrenotasyacordes.com\/?p=15881"},"modified":"2025-06-15T02:29:14","modified_gmt":"2025-06-15T02:29:14","slug":"airbag-llega-a-cordobacon-el-club-de-la-pelea","status":"publish","type":"post","link":"https:\/\/entrenotasyacordes.com\/?p=15881","title":{"rendered":"AIRBAG LLEGA A C\u00d3RDOBACON EL CLUB DE LA PELEA"},"content":{"rendered":"\n<!--more-->\n\n\n\n<p class=\"has-text-align-center\">TRAS DOS SHOWS DEMOLEDORES EN RIVER, LA BANDA DE ROCK VUELVE A LA CIUDAD<\/p>\n\n\n\n<p class=\"has-text-align-center\"><strong>VIERNES 11 DE JULIO<\/strong><br><strong>PLAZA DE LA M\u00daSICA<\/strong><\/p>\n\n\n\n<p class=\"has-text-align-center\"><em><strong>Consegu\u00ed tus entradas en\u00a0<a href=\"https:\/\/envivoproducci.tr.pemsv11.net\/c\/eyJhIjoiZW52aXZvcHJvZHVjY2kiLCJtIjoibWFpbF9jbWJzaDlleXY5d3ZmMDc3MmI4bHZpY3pyIiwibCI6ImxpbmtfNjQxNDM3M2UyMmUyZTkyYjI1NjE0NjMzMTNkNGY2ZDUyYmMyMGIyNl83MmFhZDEiLCJpIjpbXSwidSI6Imh0dHBzOi8vZWRlbmVudHJhZGFzLmFyP3V0bV9zb3VyY2U9cGVyZml0JnV0bV9tZWRpdW09ZW1haWwmdXRtX2NhbXBhaWduPUFJUkJBRyUyMC0lMjBQTEFaQSUyMERFJTIwTEElMjBNJUMzJTlBU0lDQSIsImMiOiIiLCJoIjoiMjBkYTdmIn0\" target=\"_blank\" rel=\"noreferrer noopener\">edenentradas.ar<\/a><\/strong><\/em><br>Preventa BBVA Visa &#8211; Jueves 12\/06 12hs<br>Venta general &#8211; Viernes 13\/06 12hs<\/p>\n\n\n<div class=\"wp-block-image\">\n<figure class=\"aligncenter size-full\"><img loading=\"lazy\" decoding=\"async\" width=\"640\" height=\"640\" src=\"https:\/\/entrenotasyacordes.com\/wp-content\/uploads\/2025\/06\/12f224da-bc82-4bc2-97cf-803e7f1eb3f4-640x640-pxeden.png\" alt=\"\" class=\"wp-image-15886\" srcset=\"https:\/\/entrenotasyacordes.com\/wp-content\/uploads\/2025\/06\/12f224da-bc82-4bc2-97cf-803e7f1eb3f4-640x640-pxeden.png 640w, https:\/\/entrenotasyacordes.com\/wp-content\/uploads\/2025\/06\/12f224da-bc82-4bc2-97cf-803e7f1eb3f4-640x640-pxeden-300x300.png 300w, https:\/\/entrenotasyacordes.com\/wp-content\/uploads\/2025\/06\/12f224da-bc82-4bc2-97cf-803e7f1eb3f4-640x640-pxeden-150x150.png 150w, https:\/\/entrenotasyacordes.com\/wp-content\/uploads\/2025\/06\/12f224da-bc82-4bc2-97cf-803e7f1eb3f4-640x640-pxeden-50x50.png 50w\" sizes=\"auto, (max-width: 640px) 100vw, 640px\" \/><\/figure>\n<\/div>\n\n\n<p>Luego de arrasar con dos estadios River Plate completamente agotados y convocar a m\u00e1s de 150.000 personas, AIRBAG anuncia su gira \u201cEl Club de la Pelea\u201d. Una experiencia \u00fanica que llevar\u00e1 toda la energ\u00eda y potencia de su show a C\u00f3rdoba, Rosario, Montevideo, Quito, Bogot\u00e1, Espa\u00f1a, Ciudad de M\u00e9xico y m\u00e1s ciudades por confirmar, prometiendo una gira que seguir\u00e1 sorprendiendo y convocando multitudes.<\/p>\n\n\n\n<p>Con m\u00e1s de 200 millones de streams totales de su nuevo \u00e1lbum, la banda demuestra estar en su mejor momento, consolid\u00e1ndose como uno de los fen\u00f3menos m\u00e1s poderosos y contundentes del rock contempor\u00e1neo.<\/p>\n\n\n\n<p><em><strong>La preventa exclusiva comienza el jueves a las 12 hs, mientras que la venta general estar\u00e1 disponible a partir del viernes a las 12 hs.<\/strong><\/em><\/p>\n\n\n<div class=\"wp-block-image\">\n<figure class=\"aligncenter size-full\"><img loading=\"lazy\" decoding=\"async\" width=\"2560\" height=\"1707\" src=\"https:\/\/entrenotasyacordes.com\/wp-content\/uploads\/2025\/06\/1749569381441-AIRBAG.DIA2_.MAZZAPH-03945-scaled.jpg\" alt=\"\" class=\"wp-image-15883\" srcset=\"https:\/\/entrenotasyacordes.com\/wp-content\/uploads\/2025\/06\/1749569381441-AIRBAG.DIA2_.MAZZAPH-03945-scaled.jpg 2560w, https:\/\/entrenotasyacordes.com\/wp-content\/uploads\/2025\/06\/1749569381441-AIRBAG.DIA2_.MAZZAPH-03945-300x200.jpg 300w, https:\/\/entrenotasyacordes.com\/wp-content\/uploads\/2025\/06\/1749569381441-AIRBAG.DIA2_.MAZZAPH-03945-1024x683.jpg 1024w, https:\/\/entrenotasyacordes.com\/wp-content\/uploads\/2025\/06\/1749569381441-AIRBAG.DIA2_.MAZZAPH-03945-768x512.jpg 768w, https:\/\/entrenotasyacordes.com\/wp-content\/uploads\/2025\/06\/1749569381441-AIRBAG.DIA2_.MAZZAPH-03945-1536x1024.jpg 1536w, https:\/\/entrenotasyacordes.com\/wp-content\/uploads\/2025\/06\/1749569381441-AIRBAG.DIA2_.MAZZAPH-03945-2048x1365.jpg 2048w\" sizes=\"auto, (max-width: 2560px) 100vw, 2560px\" \/><\/figure>\n<\/div>\n\n\n<p class=\"has-text-align-left\"><strong>AIRBAG<\/strong>&nbsp;arranca el&nbsp;<strong>2025<\/strong>&nbsp;en su punto m\u00e1s alto: la primera parte de&nbsp;<em><strong>El Club de la Pelea<\/strong><\/em>, su octavo \u00e1lbum de estudio, marca el inicio de una nueva etapa art\u00edstica para una de las bandas m\u00e1s convocantes de la regi\u00f3n.<\/p>\n\n\n\n<p>El tour que lo acompa\u00f1a ya es un hecho. Tras agotar&nbsp;<strong>dos estadios River Plate<\/strong>&nbsp;en menos de 24 horas y convocar a m\u00e1s de 150.000 personas en su presentaci\u00f3n m\u00e1s multitudinaria hasta el momento,&nbsp;<strong>AIRBAG<\/strong>&nbsp;inicia una gira internacional que no para de crecer.<\/p>\n\n\n\n<p>La banda visitar\u00e1 ciudades clave de&nbsp;<strong>Argentina<\/strong>&nbsp;como&nbsp;<strong>C\u00f3rdoba<\/strong>&nbsp;, Rosario y Tucum\u00e1n \u2014con m\u00e1s provincias por anunciar\u2014 y cruzar\u00e1 fronteras rumbo a Espa\u00f1a, Uruguay, Ecuador, &nbsp;Colombia y m\u00e1s pa\u00edses de Latinoam\u00e9rica.<\/p>\n\n\n\n<p class=\"has-text-align-left\"><strong>AIRBAG<\/strong>&nbsp;se agiganta con cada show: despliega una potencia esc\u00e9nica arrolladora, una conexi\u00f3n \u00fanica con el p\u00fablico, y un repertorio que combina cl\u00e1sicos infaltables con el nuevo material de&nbsp;<strong><em>El Club de la Pelea<\/em><\/strong>&nbsp;<em><strong>I<\/strong>&nbsp;<\/em>, un disco que ya super\u00f3 los<strong>&nbsp;200 millones de streams<\/strong>&nbsp;y confirma el gran momento que atraviesan.<\/p>\n\n\n<div class=\"wp-block-image\">\n<figure class=\"aligncenter size-full\"><img loading=\"lazy\" decoding=\"async\" width=\"2560\" height=\"1707\" src=\"https:\/\/entrenotasyacordes.com\/wp-content\/uploads\/2025\/06\/1749569384780-Airbag-1-x-_irishsuarez-034-scaled.jpg\" alt=\"\" class=\"wp-image-15885\" srcset=\"https:\/\/entrenotasyacordes.com\/wp-content\/uploads\/2025\/06\/1749569384780-Airbag-1-x-_irishsuarez-034-scaled.jpg 2560w, https:\/\/entrenotasyacordes.com\/wp-content\/uploads\/2025\/06\/1749569384780-Airbag-1-x-_irishsuarez-034-300x200.jpg 300w, https:\/\/entrenotasyacordes.com\/wp-content\/uploads\/2025\/06\/1749569384780-Airbag-1-x-_irishsuarez-034-1024x683.jpg 1024w, https:\/\/entrenotasyacordes.com\/wp-content\/uploads\/2025\/06\/1749569384780-Airbag-1-x-_irishsuarez-034-768x512.jpg 768w, https:\/\/entrenotasyacordes.com\/wp-content\/uploads\/2025\/06\/1749569384780-Airbag-1-x-_irishsuarez-034-1536x1024.jpg 1536w, https:\/\/entrenotasyacordes.com\/wp-content\/uploads\/2025\/06\/1749569384780-Airbag-1-x-_irishsuarez-034-2048x1365.jpg 2048w\" sizes=\"auto, (max-width: 2560px) 100vw, 2560px\" \/><\/figure>\n<\/div>\n\n\n<p>Los&nbsp;<strong>hermanos Sardelli<\/strong>&nbsp;cerraron el 2024 con una gira internacional que los llev\u00f3 por m\u00e1s de 40 escenarios de&nbsp;<strong>Latinoam\u00e9rica<\/strong>&nbsp;y&nbsp;<strong>Espa\u00f1a<\/strong>, culminando con&nbsp;<strong>tres V\u00e9lez totalmente agotados ante m\u00e1s de 120.000 personas<\/strong>. El arranque de 2025 los encontr\u00f3 en&nbsp;<strong>Cosqu\u00edn Rock<\/strong>, donde encabezaron la edici\u00f3n aniversario del festival con un show arrollador que reafirm\u00f3 su lugar en la historia del rock argentino<\/p>\n\n\n\n<p>Con una trayectoria en ascenso constante, AIRBAG se consolid\u00f3 como una de las bandas m\u00e1s grandes y respetadas del pa\u00eds. En ese camino, presentaron\u00a0<em><strong>El Club de la Pelea I<\/strong><\/em>\u00a0, la primera parte de su octavo \u00e1lbum de estudio: diez canciones donde el caos, la rebeld\u00eda y la introspecci\u00f3n se fusionaron con el pulso del rock alternativo de los 90, influencias brit\u00e1nicas y climas ruteros. Producido \u00edntegramente por los Sardelli, el disco combin\u00f3 temas in\u00e9ditos y ya conocidos como \u201cAnarqu\u00eda en Buenos Aires\u201d y \u201cNunca Lo Olvides\u201d, construyendo una experiencia intensa y cinematogr\u00e1fica que ya super\u00f3 los 61 millones de streams en plataformas digitales.<\/p>\n\n\n\n<p>El lanzamiento desemboc\u00f3 en un hito sin precedentes: dos Monumentales completamente sold out los d\u00edas 31 de mayo y 1 de junio. Ante 150.000 personas, AIRBAG debut\u00f3 en el Estadio River Plate con una puesta demoledora, entre luces, fuego, himnos y pogos. Durante casi tres horas, el show recorri\u00f3 la furia de sus nuevas canciones y la emoci\u00f3n de cl\u00e1sicos como \u00abCae el Sol\u201d y \u201cPor Mil Noches\u201d, cerrando con tangos y una conexi\u00f3n total con el p\u00fablico. Fue una noche hist\u00f3rica para el rock nacional y el inicio de una nueva gira que llevar\u00e1 esta locura a Espa\u00f1a y Latinoam\u00e9rica.<\/p>\n\n\n\n<p><\/p>\n","protected":false},"excerpt":{"rendered":"","protected":false},"author":5,"featured_media":15884,"comment_status":"open","ping_status":"open","sticky":false,"template":"","format":"standard","meta":{"om_disable_all_campaigns":false,"_uf_show_specific_survey":0,"_uf_disable_surveys":false,"footnotes":""},"categories":[36],"tags":[],"class_list":["post-15881","post","type-post","status-publish","format-standard","has-post-thumbnail","hentry","category-conciertos"],"_links":{"self":[{"href":"https:\/\/entrenotasyacordes.com\/index.php?rest_route=\/wp\/v2\/posts\/15881","targetHints":{"allow":["GET"]}}],"collection":[{"href":"https:\/\/entrenotasyacordes.com\/index.php?rest_route=\/wp\/v2\/posts"}],"about":[{"href":"https:\/\/entrenotasyacordes.com\/index.php?rest_route=\/wp\/v2\/types\/post"}],"author":[{"embeddable":true,"href":"https:\/\/entrenotasyacordes.com\/index.php?rest_route=\/wp\/v2\/users\/5"}],"replies":[{"embeddable":true,"href":"https:\/\/entrenotasyacordes.com\/index.php?rest_route=%2Fwp%2Fv2%2Fcomments&post=15881"}],"version-history":[{"count":1,"href":"https:\/\/entrenotasyacordes.com\/index.php?rest_route=\/wp\/v2\/posts\/15881\/revisions"}],"predecessor-version":[{"id":15887,"href":"https:\/\/entrenotasyacordes.com\/index.php?rest_route=\/wp\/v2\/posts\/15881\/revisions\/15887"}],"wp:featuredmedia":[{"embeddable":true,"href":"https:\/\/entrenotasyacordes.com\/index.php?rest_route=\/wp\/v2\/media\/15884"}],"wp:attachment":[{"href":"https:\/\/entrenotasyacordes.com\/index.php?rest_route=%2Fwp%2Fv2%2Fmedia&parent=15881"}],"wp:term":[{"taxonomy":"category","embeddable":true,"href":"https:\/\/entrenotasyacordes.com\/index.php?rest_route=%2Fwp%2Fv2%2Fcategories&post=15881"},{"taxonomy":"post_tag","embeddable":true,"href":"https:\/\/entrenotasyacordes.com\/index.php?rest_route=%2Fwp%2Fv2%2Ftags&post=15881"}],"curies":[{"name":"wp","href":"https:\/\/api.w.org\/{rel}","templated":true}]}}