{"id":15888,"date":"2025-06-15T02:34:52","date_gmt":"2025-06-15T02:34:52","guid":{"rendered":"https:\/\/entrenotasyacordes.com\/?p=15888"},"modified":"2025-06-15T02:34:52","modified_gmt":"2025-06-15T02:34:52","slug":"antonito-molina-y-abel-pintos-presentan-me-subo-por-las-paredes","status":"publish","type":"post","link":"https:\/\/entrenotasyacordes.com\/?p=15888","title":{"rendered":"ANTO\u00d1ITO MOLINA Y ABEL PINTOS PRESENTAN\u00a0\u201cME SUBO POR LAS PAREDES\u201d"},"content":{"rendered":"\n<p>UNA COLABORACI\u00d3N QUE UNE ESPA\u00d1A Y LATINOAM\u00c9RICA\u00a0 A TRAV\u00c9S DE LA M\u00daSICA<\/p>\n\n\n\n<!--more-->\n\n\n<div class=\"wp-block-image\">\n<figure class=\"aligncenter size-full is-resized\"><img loading=\"lazy\" decoding=\"async\" width=\"2000\" height=\"2000\" src=\"https:\/\/entrenotasyacordes.com\/wp-content\/uploads\/2025\/06\/21e37a17-0576-6bfb-8229-d2a62fdb38a7.jpg\" alt=\"\" class=\"wp-image-15889\" style=\"width:654px;height:auto\" srcset=\"https:\/\/entrenotasyacordes.com\/wp-content\/uploads\/2025\/06\/21e37a17-0576-6bfb-8229-d2a62fdb38a7.jpg 2000w, https:\/\/entrenotasyacordes.com\/wp-content\/uploads\/2025\/06\/21e37a17-0576-6bfb-8229-d2a62fdb38a7-300x300.jpg 300w, https:\/\/entrenotasyacordes.com\/wp-content\/uploads\/2025\/06\/21e37a17-0576-6bfb-8229-d2a62fdb38a7-1024x1024.jpg 1024w, https:\/\/entrenotasyacordes.com\/wp-content\/uploads\/2025\/06\/21e37a17-0576-6bfb-8229-d2a62fdb38a7-150x150.jpg 150w, https:\/\/entrenotasyacordes.com\/wp-content\/uploads\/2025\/06\/21e37a17-0576-6bfb-8229-d2a62fdb38a7-768x768.jpg 768w, https:\/\/entrenotasyacordes.com\/wp-content\/uploads\/2025\/06\/21e37a17-0576-6bfb-8229-d2a62fdb38a7-1536x1536.jpg 1536w, https:\/\/entrenotasyacordes.com\/wp-content\/uploads\/2025\/06\/21e37a17-0576-6bfb-8229-d2a62fdb38a7-50x50.jpg 50w\" sizes=\"auto, (max-width: 2000px) 100vw, 2000px\" \/><\/figure>\n<\/div>\n\n\n<p class=\"has-text-align-left\">Anto\u00f1ito Molina une fuerzas con el reconocido artista argentino Abel Pintos para presentar \u00abMe Subo Por Las Paredes\u00bb, una canci\u00f3n que marca un punto de inflexi\u00f3n en la carrera del originario de C\u00e1diz, Espa\u00f1a, iniciando una nueva etapa con proyecci\u00f3n internacional. Esta colaboraci\u00f3n no s\u00f3lo representa su primera incursi\u00f3n musical con un artista latinoamericano, sino que tambi\u00e9n consolida su expansi\u00f3n art\u00edstica y su deseo por conectar con nuevas audiencias m\u00e1s all\u00e1 de Espa\u00f1a.<\/p>\n\n\n\n<p>La uni\u00f3n de Anto\u00f1ito Molina, uno de los cantautores m\u00e1s prometedores y aut\u00e9nticos de la m\u00fasica espa\u00f1ola actual, con Abel Pintos, figura emblem\u00e1tica de la canci\u00f3n popular argentina y uno de los artistas m\u00e1s influyentes de Am\u00e9rica Latina, da lugar a una canci\u00f3n alegre y vibrante que refleja la profunda conexi\u00f3n y amistad que forjaron ambos artistas durante el proceso creativo. La qu\u00edmica entre Anto\u00f1ito y Abel fue clave para dar vida a este tema \u00fanico, donde se percibe el respeto mutuo y la pasi\u00f3n compartida por la m\u00fasica.<\/p>\n\n\n\n<figure class=\"wp-block-embed is-type-video is-provider-youtube wp-block-embed-youtube wp-embed-aspect-16-9 wp-has-aspect-ratio\"><div class=\"wp-block-embed__wrapper\">\n<div class=\"epyt-video-wrapper\"><iframe loading=\"lazy\"  id=\"_ytid_81695\"  width=\"640\" height=\"360\"  data-origwidth=\"640\" data-origheight=\"360\" src=\"https:\/\/www.youtube.com\/embed\/ZWLQX3W_ZrU?enablejsapi=1&#038;autoplay=0&#038;cc_load_policy=0&#038;cc_lang_pref=&#038;iv_load_policy=1&#038;loop=0&#038;rel=1&#038;fs=1&#038;playsinline=0&#038;autohide=2&#038;theme=dark&#038;color=white&#038;controls=1&#038;\" class=\"__youtube_prefs__  epyt-is-override  no-lazyload\" data-vol=\"50\"  title=\"YouTube player\"  allow=\"fullscreen; accelerometer; autoplay; clipboard-write; encrypted-media; gyroscope; picture-in-picture; web-share\" referrerpolicy=\"strict-origin-when-cross-origin\" allowfullscreen data-no-lazy=\"1\" data-skipgform_ajax_framebjll=\"\"><\/iframe><\/div>\n<\/div><\/figure>\n\n\n\n<p>El videoclip, grabado en Buenos Aires, inmortaliza el emocionante primer viaje de Anto\u00f1ito a Argentina, llevando su propuesta musical desde Espa\u00f1a hasta el sur de Am\u00e9rica Latina. Este tema es su carta de presentaci\u00f3n oficial en estos territorios y refuerza una narrativa de intercambio cultural entre Espa\u00f1a y Latinoam\u00e9rica, los dos mercados m\u00e1s significativos de la m\u00fasica en espa\u00f1ol.<\/p>\n\n\n\n<p>\u00abMe Subo Por Las Paredes\u00bb se convierte as\u00ed en un puente simb\u00f3lico y emocional entre dos escenas musicales que comparten ra\u00edces, sensibilidad y una profunda conexi\u00f3n con el p\u00fablico, fortaleciendo los lazos art\u00edsticos entre ambas orillas del Atl\u00e1ntico y posicionando a estos artistas como referentes de una nueva etapa de colaboraci\u00f3n iberoamericana.<\/p>\n","protected":false},"excerpt":{"rendered":"<p>UNA COLABORACI\u00d3N QUE UNE ESPA\u00d1A Y LATINOAM\u00c9RICA\u00a0 A TRAV\u00c9S DE LA M\u00daSICA<\/p>\n","protected":false},"author":5,"featured_media":15889,"comment_status":"open","ping_status":"open","sticky":false,"template":"","format":"standard","meta":{"om_disable_all_campaigns":false,"_uf_show_specific_survey":0,"_uf_disable_surveys":false,"footnotes":""},"categories":[4],"tags":[],"class_list":["post-15888","post","type-post","status-publish","format-standard","has-post-thumbnail","hentry","category-musica"],"_links":{"self":[{"href":"https:\/\/entrenotasyacordes.com\/index.php?rest_route=\/wp\/v2\/posts\/15888","targetHints":{"allow":["GET"]}}],"collection":[{"href":"https:\/\/entrenotasyacordes.com\/index.php?rest_route=\/wp\/v2\/posts"}],"about":[{"href":"https:\/\/entrenotasyacordes.com\/index.php?rest_route=\/wp\/v2\/types\/post"}],"author":[{"embeddable":true,"href":"https:\/\/entrenotasyacordes.com\/index.php?rest_route=\/wp\/v2\/users\/5"}],"replies":[{"embeddable":true,"href":"https:\/\/entrenotasyacordes.com\/index.php?rest_route=%2Fwp%2Fv2%2Fcomments&post=15888"}],"version-history":[{"count":1,"href":"https:\/\/entrenotasyacordes.com\/index.php?rest_route=\/wp\/v2\/posts\/15888\/revisions"}],"predecessor-version":[{"id":15890,"href":"https:\/\/entrenotasyacordes.com\/index.php?rest_route=\/wp\/v2\/posts\/15888\/revisions\/15890"}],"wp:featuredmedia":[{"embeddable":true,"href":"https:\/\/entrenotasyacordes.com\/index.php?rest_route=\/wp\/v2\/media\/15889"}],"wp:attachment":[{"href":"https:\/\/entrenotasyacordes.com\/index.php?rest_route=%2Fwp%2Fv2%2Fmedia&parent=15888"}],"wp:term":[{"taxonomy":"category","embeddable":true,"href":"https:\/\/entrenotasyacordes.com\/index.php?rest_route=%2Fwp%2Fv2%2Fcategories&post=15888"},{"taxonomy":"post_tag","embeddable":true,"href":"https:\/\/entrenotasyacordes.com\/index.php?rest_route=%2Fwp%2Fv2%2Ftags&post=15888"}],"curies":[{"name":"wp","href":"https:\/\/api.w.org\/{rel}","templated":true}]}}