{"id":15891,"date":"2025-06-15T02:50:16","date_gmt":"2025-06-15T02:50:16","guid":{"rendered":"https:\/\/entrenotasyacordes.com\/?p=15891"},"modified":"2025-06-15T02:50:17","modified_gmt":"2025-06-15T02:50:17","slug":"ainda-presentael-dia-despuesjunto-a-vic-mirallas","status":"publish","type":"post","link":"https:\/\/entrenotasyacordes.com\/?p=15891","title":{"rendered":"AINDA PRESENTA\u00bbEL D\u00cdA DESPU\u00c9S\u00bbJUNTO A VIC MIRALLAS"},"content":{"rendered":"\n<p>\u201cEl D\u00eda Despu\u00e9s\u201d, llega como bonus track de su reciente \u00e1lbum\u00a0<em>Fuimos los dos<\/em>\u00a0.<\/p>\n\n\n\n<!--more-->\n\n\n\n<p class=\"has-text-align-left\">Esta colaboraci\u00f3n en la que Ainda suma\u00a0al m\u00fasico catal\u00e1n Vic Mirallas, cuenta con\u00a0 una atm\u00f3sfera envolvente y un pulso bossa hipnotizante, la canci\u00f3n se sumerge en un clima \u00edntimo donde la emotividad se filtra en cada arreglo y detalle.<\/p>\n\n\n<div class=\"wp-block-image\">\n<figure class=\"aligncenter size-full is-resized\"><img decoding=\"async\" src=\"https:\/\/entrenotasyacordes.com\/wp-content\/uploads\/2025\/06\/d6dfd2d5-5a7f-8f14-f4e6-06b37da705eb-1.png\" alt=\"\" class=\"wp-image-15893\" style=\"width:654px;height:auto\"\/><\/figure>\n<\/div>\n\n\n<p>Ainda vuelve a las ra\u00edces del dueto con \u00abFuimos los dos\u00bb, su nuevo \u00e1lbum que refuerza la esencia de la banda como un di\u00e1logo constante entre dos voces, explorando la complicidad y la narrativa compartida. El t\u00edtulo mismo, tomado de una frase de \u00ab\u00c9ramos lo m\u00e1s\u00bb, sintetiza esta idea: una historia contada a dos voces, donde cada canci\u00f3n es un reflejo de ese intercambio \u00edntimo y genuino.<\/p>\n\n\n\n<p>La b\u00fasqueda sonora de \u00abFuimos los dos\u00bb est\u00e1 marcada por una producci\u00f3n inspirada en la d\u00e9cada del 70 y la incorporaci\u00f3n de arreglos orquestales que le dan una atm\u00f3sfera cinematogr\u00e1fica. M\u00e1s all\u00e1 de las letras, que juegan con matices y sutilezas, es la riqueza instrumental y la producci\u00f3n detallada lo que define la identidad del disco. Desde el inicio del proceso en Espa\u00f1a a principios de 2023, Ainda explor\u00f3 diversas formas de composici\u00f3n: colaboraciones con amigos, creaciones individuales y canciones surgidas en conjunto. \u00abTu Soledad y la M\u00eda\u00bb y \u00abLo Importante\u00bb fueron las primeras piezas en consolidar la identidad del \u00e1lbum, dando el puntapi\u00e9 a un trabajo que se fue construyendo de manera org\u00e1nica.<\/p>\n\n\n\n<p>Producido por Nico Cotton y Nico Btesh y con arreglos orquestales de Leo y Luna Sujatovich, \u00abFuimos los dos\u00bb es el proyecto m\u00e1s ambicioso de Ainda hasta la fecha. Con m\u00e1s de 25 m\u00fasicos involucrados y una producci\u00f3n meticulosa, la dificultad de coordinar tantas agendas se vio recompensada con un resultado que super\u00f3 las expectativas: un disco que no solo mantiene la esencia del d\u00fao, sino que la potencia a trav\u00e9s de una instrumentaci\u00f3n grandiosa y una narrativa emotiva. Con este lanzamiento, Ainda reafirma su lugar dentro de la escena musical, apostando por la emotividad y la profundidad sonora en cada detalle.<\/p>\n\n\n\n<figure class=\"wp-block-embed is-type-video is-provider-youtube wp-block-embed-youtube wp-embed-aspect-4-3 wp-has-aspect-ratio\"><div class=\"wp-block-embed__wrapper\">\n<div class=\"epyt-video-wrapper\"><iframe loading=\"lazy\"  id=\"_ytid_25305\"  width=\"640\" height=\"360\"  data-origwidth=\"640\" data-origheight=\"360\" src=\"https:\/\/www.youtube.com\/embed\/HIiPfS4WKck?enablejsapi=1&#038;autoplay=0&#038;cc_load_policy=0&#038;cc_lang_pref=&#038;iv_load_policy=1&#038;loop=0&#038;rel=1&#038;fs=1&#038;playsinline=0&#038;autohide=2&#038;theme=dark&#038;color=white&#038;controls=1&#038;\" class=\"__youtube_prefs__  epyt-is-override  no-lazyload\" data-vol=\"50\"  title=\"YouTube player\"  allow=\"fullscreen; accelerometer; autoplay; clipboard-write; encrypted-media; gyroscope; picture-in-picture; web-share\" referrerpolicy=\"strict-origin-when-cross-origin\" allowfullscreen data-no-lazy=\"1\" data-skipgform_ajax_framebjll=\"\"><\/iframe><\/div>\n<\/div><\/figure>\n\n\n\n<p><strong>Acerca de Ainda<\/strong><\/p>\n\n\n\n<p>Esmeralda Escalante y Yago Escriv\u00e1 formaron Ainda hace m\u00e1s de diez a\u00f1os y desde ese entonces su m\u00fasica los llev\u00f3 a importantes escenarios de Europa, Latinoam\u00e9rica, Estados Unidos y el interior de Argentina.<br>&nbsp;<br>Reconocidos desde sus comienzos por las armon\u00edas y la combinaci\u00f3n de sus voces, Ainda ha sabido reinterpretar el formato d\u00fao y adaptarlo a diferentes situaciones en el vivo.<br>&nbsp;<br>Cada a\u00f1o que pasa es una nueva aventura y un espacio donde Esmeralda y Yago se pueden explayar y jugar a distintos niveles.&nbsp;<em>\u201cIntentamos sentirnos muy libres, poder ser sinceros y jugar con esa honestidad haciendo canciones\u201d<\/em>.<br>&nbsp;<br><em>\u201cAinda es un proyecto que nos llev\u00f3 mucho de viaje para conectar con gente, lugares y m\u00fasicas diferentes a nosotros. Si pienso en Ainda pienso en trabajar con amigues.\u201d&nbsp;<\/em>Es un proyecto que tambi\u00e9n creci\u00f3 mucho a la par de bandas amigas y colegas, lo cual se refleja en todas las colaboraciones de su \u00faltimo disco \u201cTe Quiero\u201d (2023).<br>&nbsp;<br>Fueron convocados por Jorge Drexler para abrir sus shows en Buenos Aires y San Pablo, con quien lanzaron el single \u201cPrimavera\u201d en 2019. Tambi\u00e9n, durante 2022 y 2023, fueron los artistas invitados en la \u00faltima gira del reconocido m\u00fasico espa\u00f1ol Leiva.<\/p>\n\n\n\n<p>Por su tercer disco Animal, estuvieron nominados a los Premios Gardel en la categor\u00eda \u201cMejor \u00e1lbum pop alternativo\u201d. Ya llevan grabados seis discos de forma independiente: UNO (2013), SEGUNDO (2015), ANIMAL (2018), MILLONES (2020), TE QUIERO (2023) y, el m\u00e1s reciente, FUIMOS LOS DOS (2025), una obra que recupera la esencia del d\u00fao y la idea del di\u00e1logo entre dos voces, con una producci\u00f3n de Nico Cotton y Nico Btesh, inspirada en la d\u00e9cada del 70 y con arreglos orquestales de Leo y Luna Sujatovich.<\/p>\n\n\n\n<p>El lanzamiento de \u201cFuimos los dos\u201d encuentra a Ainda en un momento de consolidaci\u00f3n y crecimiento dentro de la escena musical. Con este disco, el d\u00fao reafirma su identidad sonora y su b\u00fasqueda art\u00edstica, explorando nuevas texturas y llev\u00e1ndolas al vivo con un espect\u00e1culo que promete una experiencia envolvente y emotiva.<\/p>\n\n\n\n<p><strong>Videos anteriores<\/strong><\/p>\n\n\n\n<figure class=\"wp-block-embed is-type-video is-provider-youtube wp-block-embed-youtube wp-embed-aspect-16-9 wp-has-aspect-ratio\"><div class=\"wp-block-embed__wrapper\">\n<div class=\"epyt-video-wrapper\"><iframe loading=\"lazy\"  id=\"_ytid_98710\"  width=\"640\" height=\"360\"  data-origwidth=\"640\" data-origheight=\"360\" src=\"https:\/\/www.youtube.com\/embed\/F5mTDBb0S1g?enablejsapi=1&#038;autoplay=0&#038;cc_load_policy=0&#038;cc_lang_pref=&#038;iv_load_policy=1&#038;loop=0&#038;rel=1&#038;fs=1&#038;playsinline=0&#038;autohide=2&#038;theme=dark&#038;color=white&#038;controls=1&#038;\" class=\"__youtube_prefs__  epyt-is-override  no-lazyload\" data-vol=\"50\"  title=\"YouTube player\"  allow=\"fullscreen; accelerometer; autoplay; clipboard-write; encrypted-media; gyroscope; picture-in-picture; web-share\" referrerpolicy=\"strict-origin-when-cross-origin\" allowfullscreen data-no-lazy=\"1\" data-skipgform_ajax_framebjll=\"\"><\/iframe><\/div>\n<\/div><\/figure>\n\n\n\n<p>La chispa inicial de \u201cTu Soledad y la M\u00eda\u201d naci\u00f3 en las playas de Canarias, donde Ainda comenz\u00f3 a esbozar la canci\u00f3n con un guitalele que los acompa\u00f1\u00f3 durante toda su estad\u00eda en Espa\u00f1a.&nbsp;\u201cFue la primera canci\u00f3n que sentimos que iba a formar parte de este disco. Decidimos conscientemente que quer\u00edamos cantar separados, que cada uno tuviera su personaje\u00bb.<\/p>\n\n\n\n<p>La participaci\u00f3n de Leiva es un elemento clave en la atm\u00f3sfera del tema. Su voz complementa la narrativa y aporta una carga emocional que resulta familiar para quienes conocen su obra.&nbsp;<\/p>\n\n\n\n<p>Con esta canci\u00f3n, el d\u00fao recupera la idea de los dos personajes, quienes dan vida a una historia de amor.<\/p>\n\n\n\n<figure class=\"wp-block-embed is-type-video is-provider-youtube wp-block-embed-youtube wp-embed-aspect-16-9 wp-has-aspect-ratio\"><div class=\"wp-block-embed__wrapper\">\n<div class=\"epyt-video-wrapper\"><iframe loading=\"lazy\"  id=\"_ytid_50342\"  width=\"640\" height=\"360\"  data-origwidth=\"640\" data-origheight=\"360\" src=\"https:\/\/www.youtube.com\/embed\/ANCuCrExiYs?enablejsapi=1&#038;autoplay=0&#038;cc_load_policy=0&#038;cc_lang_pref=&#038;iv_load_policy=1&#038;loop=0&#038;rel=1&#038;fs=1&#038;playsinline=0&#038;autohide=2&#038;theme=dark&#038;color=white&#038;controls=1&#038;\" class=\"__youtube_prefs__  epyt-is-override  no-lazyload\" data-vol=\"50\"  title=\"YouTube player\"  allow=\"fullscreen; accelerometer; autoplay; clipboard-write; encrypted-media; gyroscope; picture-in-picture; web-share\" referrerpolicy=\"strict-origin-when-cross-origin\" allowfullscreen data-no-lazy=\"1\" data-skipgform_ajax_framebjll=\"\"><\/iframe><\/div>\n<\/div><\/figure>\n\n\n\n<p>El tema refleja la habilidad de Ainda para entrelazar historias y emociones en sus letras, mientras que la menci\u00f3n de \u00abcapital\u00bb juega con un doble significado: Buenos Aires y Madrid, uniendo as\u00ed dos ciudades clave en la vida y carrera de los m\u00fasicos.\u00a0<\/p>\n","protected":false},"excerpt":{"rendered":"<p>\u201cEl D\u00eda Despu\u00e9s\u201d, llega como bonus track de su reciente \u00e1lbum\u00a0Fuimos los dos\u00a0.<\/p>\n","protected":false},"author":5,"featured_media":15893,"comment_status":"open","ping_status":"open","sticky":false,"template":"","format":"standard","meta":{"om_disable_all_campaigns":false,"_uf_show_specific_survey":0,"_uf_disable_surveys":false,"footnotes":""},"categories":[4],"tags":[],"class_list":["post-15891","post","type-post","status-publish","format-standard","has-post-thumbnail","hentry","category-musica"],"_links":{"self":[{"href":"https:\/\/entrenotasyacordes.com\/index.php?rest_route=\/wp\/v2\/posts\/15891","targetHints":{"allow":["GET"]}}],"collection":[{"href":"https:\/\/entrenotasyacordes.com\/index.php?rest_route=\/wp\/v2\/posts"}],"about":[{"href":"https:\/\/entrenotasyacordes.com\/index.php?rest_route=\/wp\/v2\/types\/post"}],"author":[{"embeddable":true,"href":"https:\/\/entrenotasyacordes.com\/index.php?rest_route=\/wp\/v2\/users\/5"}],"replies":[{"embeddable":true,"href":"https:\/\/entrenotasyacordes.com\/index.php?rest_route=%2Fwp%2Fv2%2Fcomments&post=15891"}],"version-history":[{"count":1,"href":"https:\/\/entrenotasyacordes.com\/index.php?rest_route=\/wp\/v2\/posts\/15891\/revisions"}],"predecessor-version":[{"id":15894,"href":"https:\/\/entrenotasyacordes.com\/index.php?rest_route=\/wp\/v2\/posts\/15891\/revisions\/15894"}],"wp:featuredmedia":[{"embeddable":true,"href":"https:\/\/entrenotasyacordes.com\/index.php?rest_route=\/wp\/v2\/media\/15893"}],"wp:attachment":[{"href":"https:\/\/entrenotasyacordes.com\/index.php?rest_route=%2Fwp%2Fv2%2Fmedia&parent=15891"}],"wp:term":[{"taxonomy":"category","embeddable":true,"href":"https:\/\/entrenotasyacordes.com\/index.php?rest_route=%2Fwp%2Fv2%2Fcategories&post=15891"},{"taxonomy":"post_tag","embeddable":true,"href":"https:\/\/entrenotasyacordes.com\/index.php?rest_route=%2Fwp%2Fv2%2Ftags&post=15891"}],"curies":[{"name":"wp","href":"https:\/\/api.w.org\/{rel}","templated":true}]}}