{"id":15895,"date":"2025-06-15T03:04:50","date_gmt":"2025-06-15T03:04:50","guid":{"rendered":"https:\/\/entrenotasyacordes.com\/?p=15895"},"modified":"2025-06-15T03:04:51","modified_gmt":"2025-06-15T03:04:51","slug":"lola-indigo-lanza-moja1ta","status":"publish","type":"post","link":"https:\/\/entrenotasyacordes.com\/?p=15895","title":{"rendered":"LOLA \u00cdNDIGO LANZA \u00abMOJA1TA\u00bb"},"content":{"rendered":"\n<p>TEMA IN\u00c9DITO DENTRO DE SU \u00c1LBUM \u00abNAVE DRAG\u00d3N\u00bb, UN D\u00cdA ANTES DE COMENZAR SU GIRA DE ESTADIOS<\/p>\n\n\n\n<!--more-->\n\n\n<div class=\"wp-block-image\">\n<figure class=\"aligncenter size-full is-resized\"><img loading=\"lazy\" decoding=\"async\" width=\"660\" height=\"660\" src=\"https:\/\/entrenotasyacordes.com\/wp-content\/uploads\/2025\/06\/w660_1316728_lola-indigo-nave-dragon.webp\" alt=\"\" class=\"wp-image-15898\" style=\"width:654px;height:auto\" srcset=\"https:\/\/entrenotasyacordes.com\/wp-content\/uploads\/2025\/06\/w660_1316728_lola-indigo-nave-dragon.webp 660w, https:\/\/entrenotasyacordes.com\/wp-content\/uploads\/2025\/06\/w660_1316728_lola-indigo-nave-dragon-300x300.webp 300w, https:\/\/entrenotasyacordes.com\/wp-content\/uploads\/2025\/06\/w660_1316728_lola-indigo-nave-dragon-150x150.webp 150w, https:\/\/entrenotasyacordes.com\/wp-content\/uploads\/2025\/06\/w660_1316728_lola-indigo-nave-dragon-50x50.webp 50w\" sizes=\"auto, (max-width: 660px) 100vw, 660px\" \/><\/figure>\n<\/div>\n\n\n<p class=\"has-text-align-left\"><strong>Lola \u00cdndigo<\/strong>&nbsp;lo vuelve a hacer y lanza el hit perfecto bien fresquito&nbsp;que te trasporta al verano.&nbsp;<strong>\u201cMOJA1TA\u201d<\/strong>&nbsp;es una canci\u00f3n de club y a la vez una canci\u00f3n muy festivalera en la que experimenta con otros g\u00e9neros como la bachata. Esta fusi\u00f3n de estilos musicales casan a la perfecci\u00f3n y se traducen en una canci\u00f3n fresca y divertida. Un tema pegajoso que es imposible no bailarlo. Lola \u00cdndigo muestra su rango vocal variando entre partes m\u00e1s mel\u00f3dicas y otras rapeadas.<\/p>\n\n\n\n<p class=\"has-text-align-left\">Con una letra llena de pasi\u00f3n, amor y sexualidad,&nbsp;<strong>Lola \u00cdndigo<\/strong>&nbsp;quiere con&nbsp;<strong>\u201cMOJA1TA\u201d<\/strong>&nbsp;que sus fans se desmelenen y que bailen y disfruten con total libertad este hit,&nbsp;un&nbsp;hit&nbsp;que te lleva directamente a los d\u00edas de verano.<\/p>\n\n\n<div class=\"wp-block-image\">\n<figure class=\"aligncenter size-full is-resized\"><img loading=\"lazy\" decoding=\"async\" width=\"660\" height=\"660\" src=\"https:\/\/entrenotasyacordes.com\/wp-content\/uploads\/2025\/06\/w660_1316733_mhb_1280x1280-1.webp\" alt=\"\" class=\"wp-image-15899\" style=\"width:654px;height:auto\" srcset=\"https:\/\/entrenotasyacordes.com\/wp-content\/uploads\/2025\/06\/w660_1316733_mhb_1280x1280-1.webp 660w, https:\/\/entrenotasyacordes.com\/wp-content\/uploads\/2025\/06\/w660_1316733_mhb_1280x1280-1-300x300.webp 300w, https:\/\/entrenotasyacordes.com\/wp-content\/uploads\/2025\/06\/w660_1316733_mhb_1280x1280-1-150x150.webp 150w, https:\/\/entrenotasyacordes.com\/wp-content\/uploads\/2025\/06\/w660_1316733_mhb_1280x1280-1-50x50.webp 50w\" sizes=\"auto, (max-width: 660px) 100vw, 660px\" \/><\/figure>\n<\/div>\n\n\n<p>El videoclip, lleno de mujeres ic\u00f3nicas de la escena urbana y del pop actual: La Zowi, Shannis, Lola Lolita, Ruslana y Bluetooth Girl, es una celebraci\u00f3n junto a amigas en una cl\u00e1sica, pero atrevida,\u00a0fiesta veraniega de agua.\u00a0<\/p>\n\n\n\n<figure class=\"wp-block-embed is-type-video is-provider-youtube wp-block-embed-youtube wp-embed-aspect-4-3 wp-has-aspect-ratio\"><div class=\"wp-block-embed__wrapper\">\n<div class=\"epyt-video-wrapper\"><iframe loading=\"lazy\"  id=\"_ytid_66580\"  width=\"640\" height=\"360\"  data-origwidth=\"640\" data-origheight=\"360\" src=\"https:\/\/www.youtube.com\/embed\/ks2_mOrIl7c?enablejsapi=1&#038;autoplay=0&#038;cc_load_policy=0&#038;cc_lang_pref=&#038;iv_load_policy=1&#038;loop=0&#038;rel=1&#038;fs=1&#038;playsinline=0&#038;autohide=2&#038;theme=dark&#038;color=white&#038;controls=1&#038;\" class=\"__youtube_prefs__  epyt-is-override  no-lazyload\" data-vol=\"50\"  title=\"YouTube player\"  allow=\"fullscreen; accelerometer; autoplay; clipboard-write; encrypted-media; gyroscope; picture-in-picture; web-share\" referrerpolicy=\"strict-origin-when-cross-origin\" allowfullscreen data-no-lazy=\"1\" data-skipgform_ajax_framebjll=\"\"><\/iframe><\/div>\n<\/div><\/figure>\n\n\n\n<div class=\"wp-block-columns is-layout-flex wp-container-core-columns-is-layout-28f84493 wp-block-columns-is-layout-flex\">\n<div class=\"wp-block-column is-layout-flow wp-block-column-is-layout-flow\">\n<figure class=\"wp-block-image size-full\"><img loading=\"lazy\" decoding=\"async\" width=\"946\" height=\"562\" src=\"https:\/\/entrenotasyacordes.com\/wp-content\/uploads\/2025\/06\/1317889_bundle-vinilo-rojo.webp\" alt=\"\" class=\"wp-image-15901\" srcset=\"https:\/\/entrenotasyacordes.com\/wp-content\/uploads\/2025\/06\/1317889_bundle-vinilo-rojo.webp 946w, https:\/\/entrenotasyacordes.com\/wp-content\/uploads\/2025\/06\/1317889_bundle-vinilo-rojo-300x178.webp 300w, https:\/\/entrenotasyacordes.com\/wp-content\/uploads\/2025\/06\/1317889_bundle-vinilo-rojo-768x456.webp 768w\" sizes=\"auto, (max-width: 946px) 100vw, 946px\" \/><\/figure>\n<\/div>\n\n\n\n<div class=\"wp-block-column is-layout-flow wp-block-column-is-layout-flow\">\n<figure class=\"wp-block-image size-full\"><img loading=\"lazy\" decoding=\"async\" width=\"946\" height=\"562\" src=\"https:\/\/entrenotasyacordes.com\/wp-content\/uploads\/2025\/06\/1317891_bundle-vinilo-verde.webp\" alt=\"\" class=\"wp-image-15902\" srcset=\"https:\/\/entrenotasyacordes.com\/wp-content\/uploads\/2025\/06\/1317891_bundle-vinilo-verde.webp 946w, https:\/\/entrenotasyacordes.com\/wp-content\/uploads\/2025\/06\/1317891_bundle-vinilo-verde-300x178.webp 300w, https:\/\/entrenotasyacordes.com\/wp-content\/uploads\/2025\/06\/1317891_bundle-vinilo-verde-768x456.webp 768w\" sizes=\"auto, (max-width: 946px) 100vw, 946px\" \/><\/figure>\n<\/div>\n<\/div>\n\n\n\n<div class=\"wp-block-columns is-layout-flex wp-container-core-columns-is-layout-28f84493 wp-block-columns-is-layout-flex\">\n<div class=\"wp-block-column is-layout-flow wp-block-column-is-layout-flow\">\n<figure class=\"wp-block-image size-full\"><img loading=\"lazy\" decoding=\"async\" width=\"751\" height=\"488\" src=\"https:\/\/entrenotasyacordes.com\/wp-content\/uploads\/2025\/06\/1317888_bundle-cd-doble.webp\" alt=\"\" class=\"wp-image-15903\" srcset=\"https:\/\/entrenotasyacordes.com\/wp-content\/uploads\/2025\/06\/1317888_bundle-cd-doble.webp 751w, https:\/\/entrenotasyacordes.com\/wp-content\/uploads\/2025\/06\/1317888_bundle-cd-doble-300x195.webp 300w\" sizes=\"auto, (max-width: 751px) 100vw, 751px\" \/><\/figure>\n<\/div>\n\n\n\n<div class=\"wp-block-column is-layout-flow wp-block-column-is-layout-flow\">\n<figure class=\"wp-block-image size-full\"><img loading=\"lazy\" decoding=\"async\" width=\"946\" height=\"562\" src=\"https:\/\/entrenotasyacordes.com\/wp-content\/uploads\/2025\/06\/1317889_bundle-vinilo-rojo-1.webp\" alt=\"\" class=\"wp-image-15904\" srcset=\"https:\/\/entrenotasyacordes.com\/wp-content\/uploads\/2025\/06\/1317889_bundle-vinilo-rojo-1.webp 946w, https:\/\/entrenotasyacordes.com\/wp-content\/uploads\/2025\/06\/1317889_bundle-vinilo-rojo-1-300x178.webp 300w, https:\/\/entrenotasyacordes.com\/wp-content\/uploads\/2025\/06\/1317889_bundle-vinilo-rojo-1-768x456.webp 768w\" sizes=\"auto, (max-width: 946px) 100vw, 946px\" \/><\/figure>\n<\/div>\n<\/div>\n\n\n\n<p>\u00bfY qu\u00e9 mejor forma de celebrar este lanzamiento que con un show \u00e9pico? Ma\u00f1ana s\u00e1bado 14 de junio,\u00a0<strong>Lola \u00cdndigo<\/strong>\u00a0da el pistoletazo de salida a su nueva gira por estadios, empezando por todo lo alto en el Estadio Metropolitano de Madrid. Se viene show de los que hacen historia: coreos imposibles, luces, fuego, y un p\u00fablico que va a bailarlo todo.<\/p>\n\n\n<div class=\"wp-block-image\">\n<figure class=\"aligncenter size-full is-resized\"><img loading=\"lazy\" decoding=\"async\" width=\"660\" height=\"660\" src=\"https:\/\/entrenotasyacordes.com\/wp-content\/uploads\/2025\/06\/w660_1318037_lblnyed-instagram-post-1080x1080general.webp\" alt=\"\" class=\"wp-image-15900\" style=\"width:654px;height:auto\" srcset=\"https:\/\/entrenotasyacordes.com\/wp-content\/uploads\/2025\/06\/w660_1318037_lblnyed-instagram-post-1080x1080general.webp 660w, https:\/\/entrenotasyacordes.com\/wp-content\/uploads\/2025\/06\/w660_1318037_lblnyed-instagram-post-1080x1080general-300x300.webp 300w, https:\/\/entrenotasyacordes.com\/wp-content\/uploads\/2025\/06\/w660_1318037_lblnyed-instagram-post-1080x1080general-150x150.webp 150w, https:\/\/entrenotasyacordes.com\/wp-content\/uploads\/2025\/06\/w660_1318037_lblnyed-instagram-post-1080x1080general-50x50.webp 50w\" sizes=\"auto, (max-width: 660px) 100vw, 660px\" \/><\/figure>\n<\/div>","protected":false},"excerpt":{"rendered":"<p>TEMA IN\u00c9DITO DENTRO DE SU \u00c1LBUM \u00abNAVE DRAG\u00d3N\u00bb, UN D\u00cdA ANTES DE COMENZAR SU GIRA<\/p>\n","protected":false},"author":5,"featured_media":15899,"comment_status":"open","ping_status":"open","sticky":false,"template":"","format":"standard","meta":{"om_disable_all_campaigns":false,"_uf_show_specific_survey":0,"_uf_disable_surveys":false,"footnotes":""},"categories":[4],"tags":[],"class_list":["post-15895","post","type-post","status-publish","format-standard","has-post-thumbnail","hentry","category-musica"],"_links":{"self":[{"href":"https:\/\/entrenotasyacordes.com\/index.php?rest_route=\/wp\/v2\/posts\/15895","targetHints":{"allow":["GET"]}}],"collection":[{"href":"https:\/\/entrenotasyacordes.com\/index.php?rest_route=\/wp\/v2\/posts"}],"about":[{"href":"https:\/\/entrenotasyacordes.com\/index.php?rest_route=\/wp\/v2\/types\/post"}],"author":[{"embeddable":true,"href":"https:\/\/entrenotasyacordes.com\/index.php?rest_route=\/wp\/v2\/users\/5"}],"replies":[{"embeddable":true,"href":"https:\/\/entrenotasyacordes.com\/index.php?rest_route=%2Fwp%2Fv2%2Fcomments&post=15895"}],"version-history":[{"count":1,"href":"https:\/\/entrenotasyacordes.com\/index.php?rest_route=\/wp\/v2\/posts\/15895\/revisions"}],"predecessor-version":[{"id":15905,"href":"https:\/\/entrenotasyacordes.com\/index.php?rest_route=\/wp\/v2\/posts\/15895\/revisions\/15905"}],"wp:featuredmedia":[{"embeddable":true,"href":"https:\/\/entrenotasyacordes.com\/index.php?rest_route=\/wp\/v2\/media\/15899"}],"wp:attachment":[{"href":"https:\/\/entrenotasyacordes.com\/index.php?rest_route=%2Fwp%2Fv2%2Fmedia&parent=15895"}],"wp:term":[{"taxonomy":"category","embeddable":true,"href":"https:\/\/entrenotasyacordes.com\/index.php?rest_route=%2Fwp%2Fv2%2Fcategories&post=15895"},{"taxonomy":"post_tag","embeddable":true,"href":"https:\/\/entrenotasyacordes.com\/index.php?rest_route=%2Fwp%2Fv2%2Ftags&post=15895"}],"curies":[{"name":"wp","href":"https:\/\/api.w.org\/{rel}","templated":true}]}}