{"id":15914,"date":"2025-06-15T23:55:32","date_gmt":"2025-06-15T23:55:32","guid":{"rendered":"https:\/\/entrenotasyacordes.com\/?p=15914"},"modified":"2025-06-15T23:55:33","modified_gmt":"2025-06-15T23:55:33","slug":"ryan-presenta-su-nuevo-corte-de-difusion-mil-guerras-y-anuncia-mas-fechas-de-su-gira-monto-y-rompo","status":"publish","type":"post","link":"https:\/\/entrenotasyacordes.com\/?p=15914","title":{"rendered":"RYAN presenta su nuevo corte de difusi\u00f3n MIL GUERRAS y anuncia m\u00e1s fechas de su gira MONTO Y ROMPO"},"content":{"rendered":"\n<!--more-->\n\n\n<div class=\"wp-block-image\">\n<figure class=\"aligncenter size-full is-resized\"><img loading=\"lazy\" decoding=\"async\" width=\"2560\" height=\"2560\" src=\"https:\/\/entrenotasyacordes.com\/wp-content\/uploads\/2025\/06\/e479a776-d1a9-0ea2-fea6-2eafe982078a-scaled.jpg\" alt=\"\" class=\"wp-image-15915\" style=\"width:654px;height:auto\" srcset=\"https:\/\/entrenotasyacordes.com\/wp-content\/uploads\/2025\/06\/e479a776-d1a9-0ea2-fea6-2eafe982078a-scaled.jpg 2560w, https:\/\/entrenotasyacordes.com\/wp-content\/uploads\/2025\/06\/e479a776-d1a9-0ea2-fea6-2eafe982078a-300x300.jpg 300w, https:\/\/entrenotasyacordes.com\/wp-content\/uploads\/2025\/06\/e479a776-d1a9-0ea2-fea6-2eafe982078a-1024x1024.jpg 1024w, https:\/\/entrenotasyacordes.com\/wp-content\/uploads\/2025\/06\/e479a776-d1a9-0ea2-fea6-2eafe982078a-150x150.jpg 150w, https:\/\/entrenotasyacordes.com\/wp-content\/uploads\/2025\/06\/e479a776-d1a9-0ea2-fea6-2eafe982078a-768x768.jpg 768w, https:\/\/entrenotasyacordes.com\/wp-content\/uploads\/2025\/06\/e479a776-d1a9-0ea2-fea6-2eafe982078a-1536x1536.jpg 1536w, https:\/\/entrenotasyacordes.com\/wp-content\/uploads\/2025\/06\/e479a776-d1a9-0ea2-fea6-2eafe982078a-2048x2048.jpg 2048w, https:\/\/entrenotasyacordes.com\/wp-content\/uploads\/2025\/06\/e479a776-d1a9-0ea2-fea6-2eafe982078a-50x50.jpg 50w\" sizes=\"auto, (max-width: 2560px) 100vw, 2560px\" \/><\/figure>\n<\/div>\n\n\n<p class=\"has-text-align-left\">Mil Guerras es una de las canciones m\u00e1s on\u00edricas del disco, que sale un poco del garage y la furia para presentar un escenario m\u00e1s tranquilo, donde un riff agudo de guitarra con sintetizadores y bater\u00edas electr\u00f3nicas llevan la canci\u00f3n adelante.<\/p>\n\n\n\n<p class=\"has-text-align-left\">RYAN present\u00f3 su segundo disco de estudio: VAQUEROS producido por Ale Vazquez.<br><em>\u201cVaqueros\u201d por \u00a0los jeans, las roturas, lo desprolijo e incorrecto.\u00a0<br>Catorce canciones de puro rocanrol joven e irreverente para sacudir la escena.<\/em><\/p>\n\n\n\n<p class=\"has-text-align-left\">Frente a tanto consumo mainstream atribuido a los g\u00e9neros urbanos, en otra parte de Buenos Aires est\u00e1 sucediendo esto; este rock latente de unos pibes que usan jeans rotos y escuchan m\u00fasica en cd&#8217;s y tocan en vivo con lentes de sol, como si nada y todo estuviese pasando en un mismo tiempo.<\/p>\n\n\n\n<p><strong>PR\u00d3XIMAS FECHAS GIRA \u201cMONTO Y ROMPO\u201d<\/strong><br>VIERNES 06 DE JUNIO \u2013 MUTA. Avellaneda<br>JUEVES 19 DE JUNIO \u2013 CUIDAD DE GATOS. La Plata<br>SABADO 21 DE JUNIO \u2013 CLUB TRI. Mar Del Plata<br>S\u00c1BADO 28 DE JUNIO \u2013 MARADENTRO. Ramos Mejia<\/p>\n\n\n<div class=\"wp-block-image\">\n<figure class=\"aligncenter size-full is-resized\"><img loading=\"lazy\" decoding=\"async\" width=\"2560\" height=\"1707\" src=\"https:\/\/entrenotasyacordes.com\/wp-content\/uploads\/2025\/06\/0f1928bc-57cf-1d12-acf0-1fe9ddd7a551-scaled.jpg\" alt=\"\" class=\"wp-image-15916\" style=\"width:654px;height:auto\" srcset=\"https:\/\/entrenotasyacordes.com\/wp-content\/uploads\/2025\/06\/0f1928bc-57cf-1d12-acf0-1fe9ddd7a551-scaled.jpg 2560w, https:\/\/entrenotasyacordes.com\/wp-content\/uploads\/2025\/06\/0f1928bc-57cf-1d12-acf0-1fe9ddd7a551-300x200.jpg 300w, https:\/\/entrenotasyacordes.com\/wp-content\/uploads\/2025\/06\/0f1928bc-57cf-1d12-acf0-1fe9ddd7a551-1024x683.jpg 1024w, https:\/\/entrenotasyacordes.com\/wp-content\/uploads\/2025\/06\/0f1928bc-57cf-1d12-acf0-1fe9ddd7a551-768x512.jpg 768w, https:\/\/entrenotasyacordes.com\/wp-content\/uploads\/2025\/06\/0f1928bc-57cf-1d12-acf0-1fe9ddd7a551-1536x1024.jpg 1536w, https:\/\/entrenotasyacordes.com\/wp-content\/uploads\/2025\/06\/0f1928bc-57cf-1d12-acf0-1fe9ddd7a551-2048x1365.jpg 2048w\" sizes=\"auto, (max-width: 2560px) 100vw, 2560px\" \/><\/figure>\n<\/div>\n\n\n<p>RYAN\u00a0es una banda de rock alternativo formada en 2018 en Buenos Aires. En 2021, Dante, voz l\u00edder, Tortu y Mou, ambos guitarristas, graban Bar\u00b4celona, su \u00e1lbum debut, con temas como \u2018Pon\u00e9 un Disco\u2019 y \u2018Julieta\u2019. Ya en 2022, con Cata en el bajo y Magic en la bater\u00eda, lanzan \u2018Mil Partes\u2019, el EP que cuenta con \u2018Capaz\u2019 y \u2018No es una novela\u2019. Guitarras fren\u00e9ticas y melod\u00edas pegadizas son lo que caracteriza a esta banda, una propuesta joven, dulce, pero provocadora. El 2023 los encontr\u00f3 editando un EP en vivo donde agregan esta versi\u00f3n de \u201cPeluquer\u00eda\u201d. Actualmente se encuentran presentando el adelanto de lo que ser\u00e1 su segundo disco de estudio. Con un coraz\u00f3n apasionado y argentino, RYAN escribe la historia de una nueva generaci\u00f3n de bandas, de un rocanrol contempor\u00e1neo que hace tiempo est\u00e1bamos esperando.<\/p>\n\n\n\n<p class=\"has-text-align-center\">RYAN<br>Dante Citara: voz l\u00edder<br>Catalina Banega: bajo y voz<br>Sebasti\u00e1n Venezia: guitarra<br>Valent\u00edn Moura: guitarra<br>Agust\u00edn De Cousandier: Bater\u00eda<\/p>\n","protected":false},"excerpt":{"rendered":"","protected":false},"author":5,"featured_media":15916,"comment_status":"open","ping_status":"open","sticky":false,"template":"","format":"standard","meta":{"om_disable_all_campaigns":false,"_uf_show_specific_survey":0,"_uf_disable_surveys":false,"footnotes":""},"categories":[36,4],"tags":[],"class_list":["post-15914","post","type-post","status-publish","format-standard","has-post-thumbnail","hentry","category-conciertos","category-musica"],"_links":{"self":[{"href":"https:\/\/entrenotasyacordes.com\/index.php?rest_route=\/wp\/v2\/posts\/15914","targetHints":{"allow":["GET"]}}],"collection":[{"href":"https:\/\/entrenotasyacordes.com\/index.php?rest_route=\/wp\/v2\/posts"}],"about":[{"href":"https:\/\/entrenotasyacordes.com\/index.php?rest_route=\/wp\/v2\/types\/post"}],"author":[{"embeddable":true,"href":"https:\/\/entrenotasyacordes.com\/index.php?rest_route=\/wp\/v2\/users\/5"}],"replies":[{"embeddable":true,"href":"https:\/\/entrenotasyacordes.com\/index.php?rest_route=%2Fwp%2Fv2%2Fcomments&post=15914"}],"version-history":[{"count":1,"href":"https:\/\/entrenotasyacordes.com\/index.php?rest_route=\/wp\/v2\/posts\/15914\/revisions"}],"predecessor-version":[{"id":15917,"href":"https:\/\/entrenotasyacordes.com\/index.php?rest_route=\/wp\/v2\/posts\/15914\/revisions\/15917"}],"wp:featuredmedia":[{"embeddable":true,"href":"https:\/\/entrenotasyacordes.com\/index.php?rest_route=\/wp\/v2\/media\/15916"}],"wp:attachment":[{"href":"https:\/\/entrenotasyacordes.com\/index.php?rest_route=%2Fwp%2Fv2%2Fmedia&parent=15914"}],"wp:term":[{"taxonomy":"category","embeddable":true,"href":"https:\/\/entrenotasyacordes.com\/index.php?rest_route=%2Fwp%2Fv2%2Fcategories&post=15914"},{"taxonomy":"post_tag","embeddable":true,"href":"https:\/\/entrenotasyacordes.com\/index.php?rest_route=%2Fwp%2Fv2%2Ftags&post=15914"}],"curies":[{"name":"wp","href":"https:\/\/api.w.org\/{rel}","templated":true}]}}