{"id":15918,"date":"2025-06-16T00:04:46","date_gmt":"2025-06-16T00:04:46","guid":{"rendered":"https:\/\/entrenotasyacordes.com\/?p=15918"},"modified":"2025-06-16T00:04:47","modified_gmt":"2025-06-16T00:04:47","slug":"pena-la-mores-sabado-5-de-julio-microestadio-de-garin","status":"publish","type":"post","link":"https:\/\/entrenotasyacordes.com\/?p=15918","title":{"rendered":"Pe\u00f1a \u201cLa Mores\u201d, s\u00e1bado 5 de julio, Microestadio de Gar\u00edn"},"content":{"rendered":"\n<!--more-->\n\n\n\n<p class=\"has-text-align-center\"><strong><em>S\u00e1bado 5 de julio, 20 hs en el Microestadio Municipal de Gar\u00edn<\/em><\/strong><br><strong><em>Boulevard Presidente Per\u00f3n 450, Gar\u00edn (partido de Escobar)<\/em><\/strong><\/p>\n\n\n<div class=\"wp-block-image\">\n<figure class=\"aligncenter size-full\"><img loading=\"lazy\" decoding=\"async\" width=\"598\" height=\"741\" src=\"https:\/\/entrenotasyacordes.com\/wp-content\/uploads\/2025\/06\/image003-3.jpg\" alt=\"\" class=\"wp-image-15919\" srcset=\"https:\/\/entrenotasyacordes.com\/wp-content\/uploads\/2025\/06\/image003-3.jpg 598w, https:\/\/entrenotasyacordes.com\/wp-content\/uploads\/2025\/06\/image003-3-242x300.jpg 242w\" sizes=\"auto, (max-width: 598px) 100vw, 598px\" \/><\/figure>\n<\/div>\n\n\n<p class=\"has-text-align-center\"><strong><em><a href=\"https:\/\/www.tuentrada.com\/eventos\/detalle\/Escobar\/797284793821\">Reserva<\/a>s de entradas: \u00a0348 430 1755<\/em><\/strong><\/p>\n\n\n\n<p class=\"has-text-align-left\">\u201c<em>Pe\u00f1a La Mores nace principalmente desde la necesidad de generar un espacio cultural, art\u00edstico y de encuentro, pensado para todes les artistas, con el objetivo de promover y reivindicar nuestro folclore de ra\u00edz y contempor\u00e1neo, lleno de nuevas voces, danzas y poetas<\/em>\u201d, cuenta la cantora&nbsp;<em>Fernanda Mores<\/em>, alma mater del evento.<\/p>\n\n\n\n<p>Esta primera edici\u00f3n se realizar\u00e1 el&nbsp;<strong><em>s\u00e1bado 5 de julio,<\/em><\/strong>&nbsp;a partir de las 20 hs en el&nbsp;<strong><em>Microestadio Municipal de Gar\u00edn<\/em><\/strong>&nbsp;(Boulevard Presidente Per\u00f3n 450, Gar\u00edn). La programaci\u00f3n contar\u00e1 con las agrupaciones: Ballet Coraz\u00f3n de Quebracho, Ballet Huella Pampa, Ballet Llama Eterna, Ballet Reimar, Ballet Zapukay, Agrupaci\u00f3n La Vieja Escuela, Ballet Bombo y Fuelle, Ballet de Jes\u00fas, Compa\u00f1\u00eda de Danzas La Popular, Compa\u00f1\u00eda de Mujeres Folcl\u00f3ricas Valkirias, Ballet La Gauchada, Escuela de Malambo Maquinista Savio, Ballet El Bre\u00f1al, Ballet Viene Clareando.<\/p>\n\n\n\n<p>La m\u00fasica en vivo tendr\u00e1 como protagonistas a Nacho Leguizam\u00f3n &amp; Ruben Izarra, Daniela Reynoso, Fernanda Mores, Diego Arolfo, Silvana Galli Carabajal,&nbsp;Alma y pueblo, Proyecto Folk &amp; El Oso Gomez.<\/p>\n\n\n\n<p>Adem\u00e1s: clase abierta de danzas folcl\u00f3ricas, campeonato de zamba, buffet y sorteos.<\/p>\n\n\n\n<p><strong><em>Sobre Fernanda Mores<\/em><\/strong><\/p>\n\n\n\n<p>Con influencias folcl\u00f3ricas que nacieron del seno familiar, desde su padre, el cantautor Luis P\u00e9rez Far\u00edas, hasta su abuelo m\u00fasico entrerriano y su abuela cantante santiague\u00f1a, Fernanda Mores se encuentra presentando en diferentes puntos del pa\u00eds, su primera producci\u00f3n discogr\u00e1fica como solista. El disco lleva por t\u00edtulo \u201cCantora de Ciudad\u201d, est\u00e1 conformado por 11 temas de ra\u00edz folcl\u00f3rica, con composiciones de grandes referentes como Jaime D\u00e1valos, Teresa Parodi, Ariel Ram\u00edrez, F\u00e9lix Luna y Eduardo Fal\u00fa entre otros. Cantora de Ciudad, fue producido por Federico Pecchia en los estudios El Cubo (con Hern\u00e1n Blanco como ingeniero de grabaci\u00f3n), con la honorable colaboraci\u00f3n de Yamila Cafrune, Federico Pecchia, Rub\u00e9n Izarra, Mat\u00edas Maldonado, y Ariel Romano como m\u00fasicos invitados.<\/p>\n\n\n\n<p class=\"has-text-align-left\">Fernanda Mores naci\u00f3 en Escobar, provincia de Buenos Aires. Desde peque\u00f1a, comenz\u00f3 sus estudios art\u00edsticos en diferentes disciplinas como la danza, el teatro y el canto. Actualmente estudiante del Profesorado de M\u00fasica con Orientaci\u00f3n en Canto L\u00edrico\/Camar\u00edstico. La m\u00fasica le permiti\u00f3 recorrer diferentes escenarios y festivales reconocidos de nuestro pa\u00eds: \u201cMarcha de los Bombos\u201d (2014 y 2024) en Santiago del Estero \/ Fiesta Nacional de la Flor (2015\/2022\/2023\/2024) en Escobar \/Festival Ra\u00edces Provincianas (2016\/17\/19\/20\/21\/22\/23\/24) en Gar\u00edn, entre otros ciclos.<\/p>\n\n\n<div class=\"wp-block-image\">\n<figure class=\"aligncenter size-full\"><img loading=\"lazy\" decoding=\"async\" width=\"702\" height=\"468\" src=\"https:\/\/entrenotasyacordes.com\/wp-content\/uploads\/2025\/06\/image004.jpg\" alt=\"\" class=\"wp-image-15920\" srcset=\"https:\/\/entrenotasyacordes.com\/wp-content\/uploads\/2025\/06\/image004.jpg 702w, https:\/\/entrenotasyacordes.com\/wp-content\/uploads\/2025\/06\/image004-300x200.jpg 300w\" sizes=\"auto, (max-width: 702px) 100vw, 702px\" \/><\/figure>\n<\/div>\n\n\n<p>Su intenso crecimiento la llev\u00f3 a formar parte como jurado de diferentes cert\u00e1menes Juegos BA \/ Pre Baradero, adem\u00e1s de actuar en distintos shows en CABA, como La Trastienda, Niceto Club, CCK, Espacio Tucum\u00e1n, entre otros y la provincia de Buenos Aires , como Entre R\u00edos, Jujuy, Santiago del Estero, Tucum\u00e1n, Salta, C\u00f3rdoba (Cosqu\u00edn), R\u00edo Colorado, Las Grutas, Puerto Madryn, Trelew, Viedma, Comodoro Rivadavia, lo cual le permiti\u00f3 compartir cartel con figuras como Axel, Daniela Herrero, Peteco Carbajal, Yamila Cafrune, Mario Marz\u00e1n, Raly Barrionuevo, Tom\u00e1s Lip\u00e1n, La Bruja Salguero, Teresa Parodi y N\u00e9stor Garnica entre otros.<\/p>\n\n\n\n<p>En paralelo con su carrera solista, Fernanda forma parte de \u201c<strong><em>Juan Rosasco en Banda<\/em><\/strong>\u201d (vocalista invitada estable) , \u201c<strong><em>Cantoras en Encuentro<\/em><\/strong>\u201d (Trio Vocal), y producciones como \u201c<strong><em>Misa Criolla<\/em><\/strong>\u201d, \u201c<strong><em>Navidad Nuestra<\/em><\/strong>\u201d, \u201c<strong><em>Homenaje a Maria Elena Walsh<\/em><\/strong>\u201d. En el 2010 gan\u00f3 los Torneos Bonaerenses Sede Escobar, 2014, 2016 y 2024 fue semifinalista en Certamen para nuevos valores | Pre Cosqu\u00edn, C\u00f3rdoba.<\/p>\n\n\n\n<p>Fue reconocida por su actuaci\u00f3n en la temporada de conciertos del Maestro Mario Marz\u00e1n, en el 2020 fue becada por Juventus Lyrica &amp; Fundaci\u00f3n Williams para tomar Clases Magistrales de T\u00e9cnica Vocal junto al Maestro Enrique Folger, y en 2022 fue seleccionada por INAMU como Beneficiaria de la Convocatoria de Fomento 2022, lo cual le permiti\u00f3 concluir la producci\u00f3n final de \u201cCantora de Ciudad\u201d.<\/p>\n\n\n\n<p>Actualmente, comienza el 2025 con menciones que empoderan nuevamente su carrera musical:<\/p>\n\n\n\n<ul class=\"wp-block-list\">\n<li>Semifinalista Rubro Solista Vocal | Pre Ayacucho 2025 <\/li>\n\n\n\n<li>1er Puesto Ganadora Rubro Solista Vocal y Finalista Nacional | Pre Cosqu\u00edn 2025 <\/li>\n\n\n\n<li>1er Puesto Ganadora Rubro Solista Vocal de Folclore, lo que le permiti\u00f3 ser parte de la 50\u00b0 Edici\u00f3n del Festival Nacional de M\u00fasica Popular Argentina, en donde recibi\u00f3 el premio a Revelaci\u00f3n Solista Vocal &#8211; Baradero 2025.<\/li>\n<\/ul>\n","protected":false},"excerpt":{"rendered":"","protected":false},"author":5,"featured_media":15919,"comment_status":"open","ping_status":"open","sticky":false,"template":"","format":"standard","meta":{"om_disable_all_campaigns":false,"_uf_show_specific_survey":0,"_uf_disable_surveys":false,"footnotes":""},"categories":[36],"tags":[],"class_list":["post-15918","post","type-post","status-publish","format-standard","has-post-thumbnail","hentry","category-conciertos"],"_links":{"self":[{"href":"https:\/\/entrenotasyacordes.com\/index.php?rest_route=\/wp\/v2\/posts\/15918","targetHints":{"allow":["GET"]}}],"collection":[{"href":"https:\/\/entrenotasyacordes.com\/index.php?rest_route=\/wp\/v2\/posts"}],"about":[{"href":"https:\/\/entrenotasyacordes.com\/index.php?rest_route=\/wp\/v2\/types\/post"}],"author":[{"embeddable":true,"href":"https:\/\/entrenotasyacordes.com\/index.php?rest_route=\/wp\/v2\/users\/5"}],"replies":[{"embeddable":true,"href":"https:\/\/entrenotasyacordes.com\/index.php?rest_route=%2Fwp%2Fv2%2Fcomments&post=15918"}],"version-history":[{"count":1,"href":"https:\/\/entrenotasyacordes.com\/index.php?rest_route=\/wp\/v2\/posts\/15918\/revisions"}],"predecessor-version":[{"id":15921,"href":"https:\/\/entrenotasyacordes.com\/index.php?rest_route=\/wp\/v2\/posts\/15918\/revisions\/15921"}],"wp:featuredmedia":[{"embeddable":true,"href":"https:\/\/entrenotasyacordes.com\/index.php?rest_route=\/wp\/v2\/media\/15919"}],"wp:attachment":[{"href":"https:\/\/entrenotasyacordes.com\/index.php?rest_route=%2Fwp%2Fv2%2Fmedia&parent=15918"}],"wp:term":[{"taxonomy":"category","embeddable":true,"href":"https:\/\/entrenotasyacordes.com\/index.php?rest_route=%2Fwp%2Fv2%2Fcategories&post=15918"},{"taxonomy":"post_tag","embeddable":true,"href":"https:\/\/entrenotasyacordes.com\/index.php?rest_route=%2Fwp%2Fv2%2Ftags&post=15918"}],"curies":[{"name":"wp","href":"https:\/\/api.w.org\/{rel}","templated":true}]}}