{"id":15965,"date":"2025-06-22T23:53:28","date_gmt":"2025-06-22T23:53:28","guid":{"rendered":"https:\/\/entrenotasyacordes.com\/?p=15965"},"modified":"2025-06-22T23:53:29","modified_gmt":"2025-06-22T23:53:29","slug":"marilina-bertoldi-anuncio-su-gira-en-argentinauruguay-y-chile","status":"publish","type":"post","link":"https:\/\/entrenotasyacordes.com\/?p=15965","title":{"rendered":"MARILINA BERTOLDI ANUNCI\u00d3 SU GIRA EN ARGENTINA,URUGUAY Y CHILE"},"content":{"rendered":"\n<p>PRESENTANDO EN VIVO PARA QUIEN TRABAJAS VOL 1.<\/p>\n\n\n\n<!--more-->\n\n\n<div class=\"wp-block-image\">\n<figure class=\"aligncenter size-full\"><img loading=\"lazy\" decoding=\"async\" width=\"335\" height=\"417\" src=\"https:\/\/entrenotasyacordes.com\/wp-content\/uploads\/2025\/06\/c58b2ce5-1f27-4cfd-b535-a427de3e1b76.png\" alt=\"\" class=\"wp-image-15966\" srcset=\"https:\/\/entrenotasyacordes.com\/wp-content\/uploads\/2025\/06\/c58b2ce5-1f27-4cfd-b535-a427de3e1b76.png 335w, https:\/\/entrenotasyacordes.com\/wp-content\/uploads\/2025\/06\/c58b2ce5-1f27-4cfd-b535-a427de3e1b76-241x300.png 241w\" sizes=\"auto, (max-width: 335px) 100vw, 335px\" \/><\/figure>\n<\/div>\n\n\n<p class=\"has-text-align-left\">Tras el anuncio de su regreso a los escenarios en el\u00a0<strong>Estadio Malvinas Argentinas<\/strong>\u00a0el pr\u00f3ximo<strong>\u00a08 de noviembre<\/strong>,\u00a0<strong>Marilina Bertoldi<\/strong>\u00a0confirma las primeras fechas de su\u00a0<a href=\"https:\/\/click.emails.sonymusicfans.com\/?qs=95150e1ab883da4d1385318ae206d20fb5cad104339b2188c4039fa5592b3157946d3594347ebff9a04a0340a58ae0aa78c66c3519b9c35d\">nueva gira<\/a>, donde presentar\u00e1 en vivo su quinto \u00e1lbum de estudio\u00a0<em>Para Qui\u00e9n Trabaj\u00e1s Vol. I.<\/em><\/p>\n\n\n\n<p class=\"has-text-align-center\"><strong>\ud83c\udde6\ud83c\uddf712 DE SEPTIEMBRE \u00a0\ud83d\udcc6\u00a0ROSARIO\u00a0\ud83d\udccd\u00a0SALA DE LAS ARTES<br>\u00a0\ud83c\udde6\ud83c\uddf7 13 DE SEPTIEMBRE\u00a0\ud83d\udcc6\u00a0C\u00d3RDOBA\u00a0\ud83d\udccd\u00a0CLUB PARAGUAY<br>\u00a0\ud83c\udde6\ud83c\uddf726 DE SEPTIEMBRE\u00a0\ud83d\udcc6\u00a0MAR DEL PLATA\u00a0\ud83d\udccdVORTERIX<br>\ud83c\udde8\ud83c\uddf1 4 DE OCTUBRE \u00a0\ud83d\udcc6\u00a0SANTIAGO DE CHILE\ud83d\udccdSALA METR\u00d3NOMO<br>\u00a0\ud83c\uddfa\ud83c\uddfe11 DE OCTUBRE\u00a0\ud83d\udcc6\u00a0MONTEVIDEO\ud83d\udccdSALA DEL MUSEO DEL CARNAVAL<br>\u00a0\ud83c\udde6\ud83c\uddf717 DE OCTUBRE\u00a0\ud83d\udcc6\u00a0TUCUM\u00c1N\u00a0\ud83d\udccdCLUB ALL BOYS<br>\u00a0\ud83c\udde6\ud83c\uddf724 DE OCTUBRE\u00a0\ud83d\udcc6\u00a0NEUQU\u00c9N\u00a0\ud83d\udccdCASINO MAGIC<\/strong><\/p>\n\n\n\n<p class=\"has-text-align-left\"><strong>Marilina Bertoldi\u00a0<\/strong>vuelve a los escenarios para presentar en vivo su nuevo \u00e1lbum\u00a0<strong><em>Para qui\u00e9n trabaj\u00e1s Vol. I<\/em><\/strong>., marcando el regreso de una de las artistas m\u00e1s contundentes y transformadoras de la escena del rock argentino actual. El tan esperado momento de volver a ver a Marilina en vivo ser\u00e1 el\u00a0<strong>8 de noviembre<\/strong>\u00a0en el<strong>\u00a0Estadio Malvinas Argentinas<\/strong>\u00a0y ya pod\u00e9s conseguir tus entradas\u00a0<strong><a href=\"https:\/\/click.emails.sonymusicfans.com\/?qs=95150e1ab883da4df393cb12fb0a01d51cf6164cf7e918490a5834b9ac1cb05c9315fa7734e9bc2d339dd58e4a816beab51e80c1de8b8b7a\"><strong>ac\u00e1<\/strong><\/a><\/strong>.<\/p>\n\n\n\n<p class=\"has-text-align-left\"><strong>UN NUEVO CAP\u00cdTULO EN VIVO<\/strong><\/p>\n\n\n\n<p class=\"has-text-align-left\">Reconocida por una presencia en vivo muy poderosa y un nivel musical de excelencia, su \u00faltimo show propio fue en junio de 2022 con \u201cMojigata\u201d en un Estadio Luna Park completamente colmado. Este 2025, tres a\u00f1os m\u00e1s tarde, llega la posibilidad de disfrutar de una artista que nos acerca una propuesta madura, sonora y conceptualmente tan arriesgada como honesta.&nbsp;<\/p>\n\n\n<div class=\"wp-block-image\">\n<figure class=\"aligncenter size-full\"><img loading=\"lazy\" decoding=\"async\" width=\"602\" height=\"401\" src=\"https:\/\/entrenotasyacordes.com\/wp-content\/uploads\/2025\/06\/9bdb55fe-2a5a-4ec4-bc00-3f9ee328a9ff.png\" alt=\"\" class=\"wp-image-15968\" srcset=\"https:\/\/entrenotasyacordes.com\/wp-content\/uploads\/2025\/06\/9bdb55fe-2a5a-4ec4-bc00-3f9ee328a9ff.png 602w, https:\/\/entrenotasyacordes.com\/wp-content\/uploads\/2025\/06\/9bdb55fe-2a5a-4ec4-bc00-3f9ee328a9ff-300x200.png 300w\" sizes=\"auto, (max-width: 602px) 100vw, 602px\" \/><\/figure>\n<\/div>\n\n\n<p><em>\u00abEl queer lleg\u00f3 al rock y la perfo es ley\u00bb<\/em>, hab\u00eda dicho Marilina tras aquel Luna Park. Hoy,&nbsp;<em>Para Qui\u00e9n Trabaj\u00e1s Vol. I<\/em>&nbsp;consolida ese cambio de paradigma que la posiciona como una de las voces fundamentales del nuevo rock argentino.<\/p>\n\n\n\n<p>Este show marca un nuevo cap\u00edtulo: el de una artista consagrada, que vuelve con m\u00e1s preguntas, m\u00e1s fuerza que nunca; un sonido, una banda y un show completamente renovados.<\/p>\n\n\n<div class=\"wp-block-image\">\n<figure class=\"aligncenter size-full\"><img loading=\"lazy\" decoding=\"async\" width=\"602\" height=\"339\" src=\"https:\/\/entrenotasyacordes.com\/wp-content\/uploads\/2025\/06\/449e25fd-2dc1-4809-950d-d993667dcaf7.jpg\" alt=\"\" class=\"wp-image-15967\" srcset=\"https:\/\/entrenotasyacordes.com\/wp-content\/uploads\/2025\/06\/449e25fd-2dc1-4809-950d-d993667dcaf7.jpg 602w, https:\/\/entrenotasyacordes.com\/wp-content\/uploads\/2025\/06\/449e25fd-2dc1-4809-950d-d993667dcaf7-300x169.jpg 300w\" sizes=\"auto, (max-width: 602px) 100vw, 602px\" \/><\/figure>\n<\/div>\n\n\n<p>El videoclip oficial del track \u201c<strong>El gordo<\/strong>\u201d, dirigido por\u00a0<strong>Malena Pichot<\/strong>\u00a0y\u00a0<strong>Nano Garay Santal\u00f3<\/strong>, est\u00e1 protagonizado por\u00a0<strong>Dolores Fonzi, Juli\u00e1n Lucero, Malena Pichot y Marilina\u00a0<\/strong>. Con idea original de Marilina y Malena, el videoclip da una vuelta de tuerca a la letra de la canci\u00f3n, con una mirada ir\u00f3nica sobre la realidad y el mundo del entretenimiento. Con grandes actuaciones, con humor y acidez, el video es el acompa\u00f1amiento perfecto para la que Marilina considera su canci\u00f3n \u201cm\u00e1s argentina\u201d del disco. Montada como una popstar, Marilina canta \u201ccierren el orto\u201d mientras un estudio de televisi\u00f3n y la ciudad entera se desmoronan, condensando as\u00ed el esp\u00edritu de un \u00e1lbum en di\u00e1logo expl\u00edcito con el contexto social.<\/p>\n","protected":false},"excerpt":{"rendered":"<p>PRESENTANDO EN VIVO PARA QUIEN TRABAJAS VOL 1.<\/p>\n","protected":false},"author":5,"featured_media":15966,"comment_status":"open","ping_status":"open","sticky":false,"template":"","format":"standard","meta":{"om_disable_all_campaigns":false,"_uf_show_specific_survey":0,"_uf_disable_surveys":false,"footnotes":""},"categories":[36],"tags":[],"class_list":["post-15965","post","type-post","status-publish","format-standard","has-post-thumbnail","hentry","category-conciertos"],"_links":{"self":[{"href":"https:\/\/entrenotasyacordes.com\/index.php?rest_route=\/wp\/v2\/posts\/15965","targetHints":{"allow":["GET"]}}],"collection":[{"href":"https:\/\/entrenotasyacordes.com\/index.php?rest_route=\/wp\/v2\/posts"}],"about":[{"href":"https:\/\/entrenotasyacordes.com\/index.php?rest_route=\/wp\/v2\/types\/post"}],"author":[{"embeddable":true,"href":"https:\/\/entrenotasyacordes.com\/index.php?rest_route=\/wp\/v2\/users\/5"}],"replies":[{"embeddable":true,"href":"https:\/\/entrenotasyacordes.com\/index.php?rest_route=%2Fwp%2Fv2%2Fcomments&post=15965"}],"version-history":[{"count":1,"href":"https:\/\/entrenotasyacordes.com\/index.php?rest_route=\/wp\/v2\/posts\/15965\/revisions"}],"predecessor-version":[{"id":15969,"href":"https:\/\/entrenotasyacordes.com\/index.php?rest_route=\/wp\/v2\/posts\/15965\/revisions\/15969"}],"wp:featuredmedia":[{"embeddable":true,"href":"https:\/\/entrenotasyacordes.com\/index.php?rest_route=\/wp\/v2\/media\/15966"}],"wp:attachment":[{"href":"https:\/\/entrenotasyacordes.com\/index.php?rest_route=%2Fwp%2Fv2%2Fmedia&parent=15965"}],"wp:term":[{"taxonomy":"category","embeddable":true,"href":"https:\/\/entrenotasyacordes.com\/index.php?rest_route=%2Fwp%2Fv2%2Fcategories&post=15965"},{"taxonomy":"post_tag","embeddable":true,"href":"https:\/\/entrenotasyacordes.com\/index.php?rest_route=%2Fwp%2Fv2%2Ftags&post=15965"}],"curies":[{"name":"wp","href":"https:\/\/api.w.org\/{rel}","templated":true}]}}