{"id":15980,"date":"2025-06-23T20:32:35","date_gmt":"2025-06-23T20:32:35","guid":{"rendered":"https:\/\/entrenotasyacordes.com\/?p=15980"},"modified":"2025-06-23T20:32:36","modified_gmt":"2025-06-23T20:32:36","slug":"coti-vuelve-al-teatro-gran-rex-con-un-show-imperdible-el-7-de-noviembre","status":"publish","type":"post","link":"https:\/\/entrenotasyacordes.com\/?p=15980","title":{"rendered":"COTI VUELVE AL TEATRO GRAN REX CON UN SHOW IMPERDIBLE EL 7 DE NOVIEMBRE"},"content":{"rendered":"\n<!--more-->\n\n\n<div class=\"wp-block-image\">\n<figure class=\"aligncenter size-full\"><img loading=\"lazy\" decoding=\"async\" width=\"1080\" height=\"1080\" src=\"https:\/\/entrenotasyacordes.com\/wp-content\/uploads\/2025\/06\/1750633561600-IMG_9464-1.jpg\" alt=\"\" class=\"wp-image-15981\" srcset=\"https:\/\/entrenotasyacordes.com\/wp-content\/uploads\/2025\/06\/1750633561600-IMG_9464-1.jpg 1080w, https:\/\/entrenotasyacordes.com\/wp-content\/uploads\/2025\/06\/1750633561600-IMG_9464-1-300x300.jpg 300w, https:\/\/entrenotasyacordes.com\/wp-content\/uploads\/2025\/06\/1750633561600-IMG_9464-1-1024x1024.jpg 1024w, https:\/\/entrenotasyacordes.com\/wp-content\/uploads\/2025\/06\/1750633561600-IMG_9464-1-150x150.jpg 150w, https:\/\/entrenotasyacordes.com\/wp-content\/uploads\/2025\/06\/1750633561600-IMG_9464-1-768x768.jpg 768w, https:\/\/entrenotasyacordes.com\/wp-content\/uploads\/2025\/06\/1750633561600-IMG_9464-1-50x50.jpg 50w\" sizes=\"auto, (max-width: 1080px) 100vw, 1080px\" \/><\/figure>\n<\/div>\n\n\n<p class=\"has-text-align-left\"><strong>Localidades en venta por\u00a0<\/strong><a href=\"https:\/\/www.tuentrada.com\/eventos\/detalle\/COTI-TOUR-2025\/166336409430?utm_source=perfit&amp;utm_medium=email\" target=\"_blank\" rel=\"noreferrer noopener\">tuentrada.com<\/a><\/p>\n\n\n\n<p class=\"has-text-align-left\">El viernes 7 de noviembre,\u00a0<strong>Coti\u00a0<\/strong>regresar\u00e1 al ic\u00f3nico Teatro Gran Rex de Buenos Aires con un show muy especial en homenaje a su \u00e1lbum\u00a0<em>\u201cEsta Ma\u00f1ana y Otros Cuentos\u201d<\/em>\u00a0, que cumple 20 a\u00f1os desde su lanzamiento. Ser\u00e1 una noche inolvidable para el artista y sus fan\u00e1ticos, en el marco de su gira nacional\u00a0<strong>\u201c20 TOUR 2025\u201d.<\/strong><\/p>\n\n\n\n<p class=\"has-text-align-left\">Acompa\u00f1ado por su banda Los Brillantes, el reconocido cantautor argentino celebrar\u00e1 las dos d\u00e9cadas de uno de sus discos m\u00e1s emblem\u00e1ticos, editado en 2005, que incluye \u00e9xitos como\u00a0<em>\u201cNada Fue Un Error\u201d (junto a Julieta Venegas y Paulina Rubio), \u201cTu Nombre\u201d, y \u201cAntes Que Ver El Sol\u201d<\/em>\u00a0, entre otros cl\u00e1sicos.<\/p>\n\n\n\n<p>El repertorio del show no solo repasar\u00e1 sus canciones m\u00e1s queridas, sino que tambi\u00e9n incluir\u00e1 composiciones de su autor\u00eda escritas para otros artistas, que con el tiempo se convirtieron en verdaderos himnos de la m\u00fasica en espa\u00f1ol. Coti los interpretar\u00e1 con su estilo inconfundible y la energ\u00eda que lo caracteriza.<\/p>\n\n\n\n<p>Adem\u00e1s, durante esta segunda mitad de 2025, el artista rosarino continuar\u00e1 presentando nuevas versiones de sus temas m\u00e1s populares, tal como lo hizo 20 a\u00f1os atr\u00e1s. Entre las colaboraciones m\u00e1s recientes ya se destacan\u00a0<em>\u201cD\u00f3nde Est\u00e1n Coraz\u00f3n\u201d (en versi\u00f3n cumbia con Valentino Merlo), \u201cTu Nombre\u201d (en d\u00fao con Yami Safdie), y \u201cTe Quise Tanto\u201d (junto a Miranda!).<\/em><\/p>\n\n\n\n<p>Recientemente, Coti brind\u00f3 un show inolvidable el pasado 20 de junio en Rosario, ante una multitud de m\u00e1s de 100.000 personas, en el marco de una fecha muy especial: el D\u00eda de la Bandera.<\/p>\n\n\n\n<p class=\"has-text-align-left\">Fue el encargado de cerrar los festejos oficiales al pie del imponente Monumento Nacional a la Bandera, con una presentaci\u00f3n a la altura de la ocasi\u00f3n.<\/p>\n\n\n<div class=\"wp-block-image\">\n<figure class=\"aligncenter size-full\"><img loading=\"lazy\" decoding=\"async\" width=\"1707\" height=\"2560\" src=\"https:\/\/entrenotasyacordes.com\/wp-content\/uploads\/2025\/06\/1750633799216-COTI-9-scaled.jpg\" alt=\"\" class=\"wp-image-15982\" srcset=\"https:\/\/entrenotasyacordes.com\/wp-content\/uploads\/2025\/06\/1750633799216-COTI-9-scaled.jpg 1707w, https:\/\/entrenotasyacordes.com\/wp-content\/uploads\/2025\/06\/1750633799216-COTI-9-200x300.jpg 200w, https:\/\/entrenotasyacordes.com\/wp-content\/uploads\/2025\/06\/1750633799216-COTI-9-683x1024.jpg 683w, https:\/\/entrenotasyacordes.com\/wp-content\/uploads\/2025\/06\/1750633799216-COTI-9-768x1152.jpg 768w, https:\/\/entrenotasyacordes.com\/wp-content\/uploads\/2025\/06\/1750633799216-COTI-9-1024x1536.jpg 1024w, https:\/\/entrenotasyacordes.com\/wp-content\/uploads\/2025\/06\/1750633799216-COTI-9-1365x2048.jpg 1365w\" sizes=\"auto, (max-width: 1707px) 100vw, 1707px\" \/><\/figure>\n<\/div>\n\n\n<p><em>\u00ab<\/em>La presentaci\u00f3n en el Gran Rex se enmarca dentro de la gira nacional\u00a0<strong>\u201c20 TOUR 2025\u201d<\/strong>, que ya tiene confirmadas las siguientes fechas:<\/p>\n\n\n\n<p class=\"has-text-align-center\"><strong>25 Octubre &#8211; Montevideo Music Box (Uruguay)<\/strong><br><strong>31 Octubre &#8211; Club Paraguay (C\u00f3rdoba)<\/strong><br><strong>1 Noviembre &#8211; Marcos Ju\u00e1rez (C\u00f3rdoba)<\/strong><br><strong>2 Noviembre &#8211; Auditorio Bustelo (Mendoza)<\/strong><br><strong>7 Noviembre &#8211; Teatro Gran Rex (CABA)<\/strong><br><strong>9 Noviembre &#8211; Teatro La Plata<\/strong><br><strong>21 Noviembre &#8211; Concordia\u00a0<\/strong><br><strong>22 Noviembre &#8211; Sala ATE (Santa Fe)<\/strong><\/p>\n\n\n\n<p class=\"has-text-align-left\">Y a\u00fan quedan m\u00e1s shows por anunciar.<\/p>\n\n\n\n<p>Las entradas para el show en Buenos Aires ya est\u00e1n disponibles a trav\u00e9s de&nbsp;<a href=\"https:\/\/sm.pemres.net\/preview\/link\/www.tuentrada.com?utm_source=perfit&amp;utm_medium=email\">www.tuentrada.com<\/a>.<\/p>\n\n\n\n<p class=\"has-text-align-left\">Con m\u00e1s de 3.7 millones de oyentes mensuales en Spotify, Coti contin\u00faa consolid\u00e1ndose como una figura esencial de la m\u00fasica argentina y latinoamericana, y se prepara para cerrar el a\u00f1o con una celebraci\u00f3n a la altura de su trayectoria.<\/p>\n\n\n<div class=\"wp-block-image\">\n<figure class=\"aligncenter size-full\"><img loading=\"lazy\" decoding=\"async\" width=\"1600\" height=\"900\" src=\"https:\/\/entrenotasyacordes.com\/wp-content\/uploads\/2025\/06\/1750634323907-WhatsApp-Image-2025-06-22-at-20.17.01.jpeg\" alt=\"\" class=\"wp-image-15983\" srcset=\"https:\/\/entrenotasyacordes.com\/wp-content\/uploads\/2025\/06\/1750634323907-WhatsApp-Image-2025-06-22-at-20.17.01.jpeg 1600w, https:\/\/entrenotasyacordes.com\/wp-content\/uploads\/2025\/06\/1750634323907-WhatsApp-Image-2025-06-22-at-20.17.01-300x169.jpeg 300w, https:\/\/entrenotasyacordes.com\/wp-content\/uploads\/2025\/06\/1750634323907-WhatsApp-Image-2025-06-22-at-20.17.01-1024x576.jpeg 1024w, https:\/\/entrenotasyacordes.com\/wp-content\/uploads\/2025\/06\/1750634323907-WhatsApp-Image-2025-06-22-at-20.17.01-768x432.jpeg 768w, https:\/\/entrenotasyacordes.com\/wp-content\/uploads\/2025\/06\/1750634323907-WhatsApp-Image-2025-06-22-at-20.17.01-1536x864.jpeg 1536w\" sizes=\"auto, (max-width: 1600px) 100vw, 1600px\" \/><\/figure>\n<\/div>","protected":false},"excerpt":{"rendered":"","protected":false},"author":5,"featured_media":15981,"comment_status":"open","ping_status":"open","sticky":false,"template":"","format":"standard","meta":{"om_disable_all_campaigns":false,"_uf_show_specific_survey":0,"_uf_disable_surveys":false,"footnotes":""},"categories":[36],"tags":[],"class_list":["post-15980","post","type-post","status-publish","format-standard","has-post-thumbnail","hentry","category-conciertos"],"_links":{"self":[{"href":"https:\/\/entrenotasyacordes.com\/index.php?rest_route=\/wp\/v2\/posts\/15980","targetHints":{"allow":["GET"]}}],"collection":[{"href":"https:\/\/entrenotasyacordes.com\/index.php?rest_route=\/wp\/v2\/posts"}],"about":[{"href":"https:\/\/entrenotasyacordes.com\/index.php?rest_route=\/wp\/v2\/types\/post"}],"author":[{"embeddable":true,"href":"https:\/\/entrenotasyacordes.com\/index.php?rest_route=\/wp\/v2\/users\/5"}],"replies":[{"embeddable":true,"href":"https:\/\/entrenotasyacordes.com\/index.php?rest_route=%2Fwp%2Fv2%2Fcomments&post=15980"}],"version-history":[{"count":1,"href":"https:\/\/entrenotasyacordes.com\/index.php?rest_route=\/wp\/v2\/posts\/15980\/revisions"}],"predecessor-version":[{"id":15984,"href":"https:\/\/entrenotasyacordes.com\/index.php?rest_route=\/wp\/v2\/posts\/15980\/revisions\/15984"}],"wp:featuredmedia":[{"embeddable":true,"href":"https:\/\/entrenotasyacordes.com\/index.php?rest_route=\/wp\/v2\/media\/15981"}],"wp:attachment":[{"href":"https:\/\/entrenotasyacordes.com\/index.php?rest_route=%2Fwp%2Fv2%2Fmedia&parent=15980"}],"wp:term":[{"taxonomy":"category","embeddable":true,"href":"https:\/\/entrenotasyacordes.com\/index.php?rest_route=%2Fwp%2Fv2%2Fcategories&post=15980"},{"taxonomy":"post_tag","embeddable":true,"href":"https:\/\/entrenotasyacordes.com\/index.php?rest_route=%2Fwp%2Fv2%2Ftags&post=15980"}],"curies":[{"name":"wp","href":"https:\/\/api.w.org\/{rel}","templated":true}]}}