{"id":15985,"date":"2025-06-23T20:43:05","date_gmt":"2025-06-23T20:43:05","guid":{"rendered":"https:\/\/entrenotasyacordes.com\/?p=15985"},"modified":"2025-06-23T20:43:06","modified_gmt":"2025-06-23T20:43:06","slug":"airbag-suma-una-nueva-funcion-en-mar-del-plata-por-localidades-agotadas","status":"publish","type":"post","link":"https:\/\/entrenotasyacordes.com\/?p=15985","title":{"rendered":"AIRBAG SUMA UNA NUEVA FUNCI\u00d3N EN MAR DEL PLATA POR LOCALIDADES AGOTADAS"},"content":{"rendered":"\n<!--more-->\n\n\n\n<p class=\"has-text-align-center\">LA BANDA PRESENTAR\u00c1 SU NUEVO \u00c1LBUM \u201cEL CLUB<br>DE LA PELEA &#8211; I\u201d EN EL POLIDEPORTIVO<\/p>\n\n\n<div class=\"wp-block-image\">\n<figure class=\"aligncenter size-full\"><img loading=\"lazy\" decoding=\"async\" width=\"1080\" height=\"1080\" src=\"https:\/\/entrenotasyacordes.com\/wp-content\/uploads\/2025\/06\/1750703907747-1080x1080-copy-3.jpg\" alt=\"\" class=\"wp-image-15986\" srcset=\"https:\/\/entrenotasyacordes.com\/wp-content\/uploads\/2025\/06\/1750703907747-1080x1080-copy-3.jpg 1080w, https:\/\/entrenotasyacordes.com\/wp-content\/uploads\/2025\/06\/1750703907747-1080x1080-copy-3-300x300.jpg 300w, https:\/\/entrenotasyacordes.com\/wp-content\/uploads\/2025\/06\/1750703907747-1080x1080-copy-3-1024x1024.jpg 1024w, https:\/\/entrenotasyacordes.com\/wp-content\/uploads\/2025\/06\/1750703907747-1080x1080-copy-3-150x150.jpg 150w, https:\/\/entrenotasyacordes.com\/wp-content\/uploads\/2025\/06\/1750703907747-1080x1080-copy-3-768x768.jpg 768w, https:\/\/entrenotasyacordes.com\/wp-content\/uploads\/2025\/06\/1750703907747-1080x1080-copy-3-50x50.jpg 50w\" sizes=\"auto, (max-width: 1080px) 100vw, 1080px\" \/><\/figure>\n<\/div>\n\n\n<p>Luego de agotar las localidades de dos estadios River Plate en&nbsp; 24 horas y de estrenar su \u00e1lbum \u00a8El club de la pelea &#8211; I\u00a8,<strong>&nbsp;Airbag anunci\u00f3 su regreso a Mar del Plata<\/strong>&nbsp;para llenar de rock el<strong>&nbsp;Polideportivo<\/strong>&nbsp;Islas Malvinas<strong>&nbsp;las localidades para&nbsp; el viernes 15 de Agosto se agotaron en dos horas, ahora suman una nueva funci\u00f3n prevista para el s\u00e1bado 16.<\/strong><\/p>\n\n\n\n<p>Las entradas estar\u00e1n disponibles desde el martes 24 de junio a las 12hs a trav\u00e9s de&nbsp;<a href=\"https:\/\/livepass.com.ar\/?utm_source=perfit&amp;utm_medium=email\" rel=\"noreferrer noopener\" target=\"_blank\">Livepass<\/a><\/p>\n\n\n\n<p>Comprando tus entradas con tarjetas Visa y MasterCard del Banco Franc\u00e9s tenes 6 cuotas sin inter\u00e9s.<\/p>\n\n\n<div class=\"wp-block-image\">\n<figure class=\"aligncenter size-full\"><img loading=\"lazy\" decoding=\"async\" width=\"2560\" height=\"1707\" src=\"https:\/\/entrenotasyacordes.com\/wp-content\/uploads\/2025\/06\/1749569381441-AIRBAG.DIA2_.MAZZAPH-03945-scaled.jpg\" alt=\"\" class=\"wp-image-15883\" srcset=\"https:\/\/entrenotasyacordes.com\/wp-content\/uploads\/2025\/06\/1749569381441-AIRBAG.DIA2_.MAZZAPH-03945-scaled.jpg 2560w, https:\/\/entrenotasyacordes.com\/wp-content\/uploads\/2025\/06\/1749569381441-AIRBAG.DIA2_.MAZZAPH-03945-300x200.jpg 300w, https:\/\/entrenotasyacordes.com\/wp-content\/uploads\/2025\/06\/1749569381441-AIRBAG.DIA2_.MAZZAPH-03945-1024x683.jpg 1024w, https:\/\/entrenotasyacordes.com\/wp-content\/uploads\/2025\/06\/1749569381441-AIRBAG.DIA2_.MAZZAPH-03945-768x512.jpg 768w, https:\/\/entrenotasyacordes.com\/wp-content\/uploads\/2025\/06\/1749569381441-AIRBAG.DIA2_.MAZZAPH-03945-1536x1024.jpg 1536w, https:\/\/entrenotasyacordes.com\/wp-content\/uploads\/2025\/06\/1749569381441-AIRBAG.DIA2_.MAZZAPH-03945-2048x1365.jpg 2048w\" sizes=\"auto, (max-width: 2560px) 100vw, 2560px\" \/><\/figure>\n<\/div>\n\n\n<p class=\"has-text-align-left\">Con m\u00e1s de 200 millones de streams totales de su nuevo \u00e1lbum, la banda contin\u00faa consolid\u00e1ndose como uno de los fen\u00f3menos m\u00e1s poderosos del rock de esta manera\u00a0\u00a0AIRBAG\u00a0arranca el\u00a02025\u00a0en su punto m\u00e1s alto: la primera parte de\u00a0El Club de la Pelea, su octavo \u00e1lbum de estudio, marca el inicio de una nueva etapa art\u00edstica para una de las bandas m\u00e1s convocantes del pa\u00eds.<\/p>\n\n\n<div class=\"wp-block-image\">\n<figure class=\"aligncenter size-full\"><img loading=\"lazy\" decoding=\"async\" width=\"2560\" height=\"1708\" src=\"https:\/\/entrenotasyacordes.com\/wp-content\/uploads\/2025\/06\/1750346997236-df-airbag-45-scaled.jpg\" alt=\"\" class=\"wp-image-15987\" srcset=\"https:\/\/entrenotasyacordes.com\/wp-content\/uploads\/2025\/06\/1750346997236-df-airbag-45-scaled.jpg 2560w, https:\/\/entrenotasyacordes.com\/wp-content\/uploads\/2025\/06\/1750346997236-df-airbag-45-300x200.jpg 300w, https:\/\/entrenotasyacordes.com\/wp-content\/uploads\/2025\/06\/1750346997236-df-airbag-45-1024x683.jpg 1024w, https:\/\/entrenotasyacordes.com\/wp-content\/uploads\/2025\/06\/1750346997236-df-airbag-45-768x512.jpg 768w, https:\/\/entrenotasyacordes.com\/wp-content\/uploads\/2025\/06\/1750346997236-df-airbag-45-1536x1025.jpg 1536w, https:\/\/entrenotasyacordes.com\/wp-content\/uploads\/2025\/06\/1750346997236-df-airbag-45-2048x1366.jpg 2048w\" sizes=\"auto, (max-width: 2560px) 100vw, 2560px\" \/><\/figure>\n<\/div>\n\n\n<p>Airbag es una banda sin l\u00edmites, proyectando su m\u00fasica por sobre todo, agitando poderosamente la bandera del rock y no para de marcar hitos en su carrera de manera firme.<\/p>\n\n\n\n<p>Consagrandose en cada paso que avanzan, como una usina musical que no se detiene y fieles a su estilo, hicieron vibrar a sus seguidores en dos noches \u00fanicas en uno de los estadios m\u00e1s importantes e imponentes del mundo: River.<\/p>\n\n\n\n<p>Cada vez que los hermanos Sardelli suben a un escenario, reafirman su lugar como una de las bandas m\u00e1s grandes y respetadas del pa\u00eds. Con su trayectoria en constante ascenso, se convirtieron en referentes indiscutibles del g\u00e9nero marcando un hito en la historia del rock.<\/p>\n","protected":false},"excerpt":{"rendered":"","protected":false},"author":5,"featured_media":15986,"comment_status":"open","ping_status":"open","sticky":false,"template":"","format":"standard","meta":{"om_disable_all_campaigns":false,"_uf_show_specific_survey":0,"_uf_disable_surveys":false,"footnotes":""},"categories":[36,34],"tags":[],"class_list":["post-15985","post","type-post","status-publish","format-standard","has-post-thumbnail","hentry","category-conciertos","category-ultimas-noticias"],"_links":{"self":[{"href":"https:\/\/entrenotasyacordes.com\/index.php?rest_route=\/wp\/v2\/posts\/15985","targetHints":{"allow":["GET"]}}],"collection":[{"href":"https:\/\/entrenotasyacordes.com\/index.php?rest_route=\/wp\/v2\/posts"}],"about":[{"href":"https:\/\/entrenotasyacordes.com\/index.php?rest_route=\/wp\/v2\/types\/post"}],"author":[{"embeddable":true,"href":"https:\/\/entrenotasyacordes.com\/index.php?rest_route=\/wp\/v2\/users\/5"}],"replies":[{"embeddable":true,"href":"https:\/\/entrenotasyacordes.com\/index.php?rest_route=%2Fwp%2Fv2%2Fcomments&post=15985"}],"version-history":[{"count":1,"href":"https:\/\/entrenotasyacordes.com\/index.php?rest_route=\/wp\/v2\/posts\/15985\/revisions"}],"predecessor-version":[{"id":15988,"href":"https:\/\/entrenotasyacordes.com\/index.php?rest_route=\/wp\/v2\/posts\/15985\/revisions\/15988"}],"wp:featuredmedia":[{"embeddable":true,"href":"https:\/\/entrenotasyacordes.com\/index.php?rest_route=\/wp\/v2\/media\/15986"}],"wp:attachment":[{"href":"https:\/\/entrenotasyacordes.com\/index.php?rest_route=%2Fwp%2Fv2%2Fmedia&parent=15985"}],"wp:term":[{"taxonomy":"category","embeddable":true,"href":"https:\/\/entrenotasyacordes.com\/index.php?rest_route=%2Fwp%2Fv2%2Fcategories&post=15985"},{"taxonomy":"post_tag","embeddable":true,"href":"https:\/\/entrenotasyacordes.com\/index.php?rest_route=%2Fwp%2Fv2%2Ftags&post=15985"}],"curies":[{"name":"wp","href":"https:\/\/api.w.org\/{rel}","templated":true}]}}