{"id":15989,"date":"2025-06-23T20:58:52","date_gmt":"2025-06-23T20:58:52","guid":{"rendered":"https:\/\/entrenotasyacordes.com\/?p=15989"},"modified":"2025-06-23T20:58:53","modified_gmt":"2025-06-23T20:58:53","slug":"los-tabaleros-agotaron-vorterix-y-anuncian-nueva-fecha","status":"publish","type":"post","link":"https:\/\/entrenotasyacordes.com\/?p=15989","title":{"rendered":"LOS TABALEROS AGOTARON VORTERIX Y ANUNCIAN NUEVA FECHA"},"content":{"rendered":"\n<!--more-->\n\n\n\n<p class=\"has-text-align-center\"><s><strong>27 DE JUNIO<\/strong><\/s><strong>\u00a0&#8211; SOLD OUT<\/strong><br><strong>11 DE JULIO -NUEVA FECHA<\/strong><br><a href=\"https:\/\/5l8xu.r.a.d.sendibm1.com\/mk\/cl\/f\/sh\/SMK1E8tHeFuBm02dNItvFRPnjEDD\/vPrfhGyXFpK4\" target=\"_blank\" rel=\"noreferrer noopener\"><strong><u>ENTRADAS A LA VENTA POR SISTEMA ALLACCESS<\/u><\/strong><\/a><\/p>\n\n\n<div class=\"wp-block-image\">\n<figure class=\"aligncenter size-full\"><img loading=\"lazy\" decoding=\"async\" width=\"1080\" height=\"1350\" src=\"https:\/\/entrenotasyacordes.com\/wp-content\/uploads\/2025\/06\/y01QqbeIH5PH.jpg\" alt=\"\" class=\"wp-image-15990\" srcset=\"https:\/\/entrenotasyacordes.com\/wp-content\/uploads\/2025\/06\/y01QqbeIH5PH.jpg 1080w, https:\/\/entrenotasyacordes.com\/wp-content\/uploads\/2025\/06\/y01QqbeIH5PH-240x300.jpg 240w, https:\/\/entrenotasyacordes.com\/wp-content\/uploads\/2025\/06\/y01QqbeIH5PH-819x1024.jpg 819w, https:\/\/entrenotasyacordes.com\/wp-content\/uploads\/2025\/06\/y01QqbeIH5PH-768x960.jpg 768w, https:\/\/entrenotasyacordes.com\/wp-content\/uploads\/2025\/06\/y01QqbeIH5PH-1024x1280.jpg 1024w\" sizes=\"auto, (max-width: 1080px) 100vw, 1080px\" \/><\/figure>\n<\/div>\n\n\n<p class=\"has-text-align-left\"><em>Luego de agotar su primera fecha en el Teatro de Colegiales, los barbudos m\u00e1s queridos de la escena musical anuncian un nuevo show para tirar la casa por la ventana con un cocktail molotov de \u00e9xitos arrolladores.<\/em><\/p>\n\n\n\n<p class=\"has-text-align-left\"><em>Los Tabaleros redefinieron la forma de disfrutar un show. Su folklore fusi\u00f3n invita al baile, al pogo y al agite, contagiando la fiesta y haciendo de cada espect\u00e1culo una experiencia imperdible. Ten\u00e9s que estar ah\u00ed para vivirlo y esta es tu nueva oportunidad.<\/em><\/p>\n\n\n\n<p class=\"has-text-align-left\">Cuidado que el invierno viene con una epidemia de fiebre tabalera que promete contagiar todo. Luego de agotar el Teatro de Colegiales en tiempo r\u00e9cord, el grupo m\u00e1s original de la escena anuncia una nueva fecha explosiva este&nbsp;<strong>11 de julio.<\/strong><\/p>\n\n\n\n<p class=\"has-text-align-left\">Porque si pensabas que un show folkl\u00f3rico era para quedarse quietito mirando desde la butaca,\u00a0<strong>Los Tabaleros\u00a0<\/strong>vinieron a sacudirte la peluca. Con su mezcla explosiva de chacarera, rock, cumbia y desparpajo esc\u00e9nico, cada recital se convierte en un fiest\u00f3n sin fronteras: se canta, se baila, se brinda y se comparte entre amigos como si fuera la previa m\u00e1s esperada del a\u00f1o. Es folklore, s\u00ed, pero pasado por una licuadora de energ\u00eda, color y alegr\u00eda que te hace mover el cuerpo aunque no quieras. No se trata de mirar: se trata de vivirlo.<\/p>\n\n\n\n<p class=\"has-text-align-left\">Adem\u00e1s, ser\u00e1 una oportunidad espectacular para disfrutar de primera mano la monta\u00f1a rusa emocional que propone \u201c<strong>Caramelos de Felicidad<\/strong>\u201d, su quinto \u00e1lbum que vino a enamorar al mundo entero con 11 canciones pasionales y poderosas. Un abrazo fuerte para combatir el caos mundial y celebrar los sentimientos.<\/p>\n\n\n\n<p class=\"has-text-align-left\"><strong>Los Tabaleros\u00a0<\/strong>vienen de un a\u00f1o impresionante de recorrer el pa\u00eds presentando este nuevo material y rompiendo todos los esquemas que se crucen en su camino. P\u00edcaros, divertidos y originales, fusionan el folklore con todo g\u00e9nero que se les cruce en una combinaci\u00f3n m\u00e1gica y deslumbrante que invita al encuentro y al baile.\u00a0<\/p>\n\n\n\n<p class=\"has-text-align-left\">Las fechas en el Teatro Vorterix ser\u00e1n un nuevo desaf\u00edo para el grupo de\u00a0<strong>Roberto Luis Mart\u00ednez, \u201cBeto\u201d (Guitarra y Voz), Jos\u00e9 Mar\u00eda Mart\u00ednez, (Guitarra y Voz), F\u00e9lix Mateos (Bombo y Voz) y Joaqu\u00edn Lagos (Bajo y Voz)<\/strong>, que se sumergir\u00e1 en su p\u00fablico como nunca, llevando la fiesta a cada alma presente.<\/p>\n\n\n<div class=\"wp-block-image\">\n<figure class=\"aligncenter size-full\"><img loading=\"lazy\" decoding=\"async\" width=\"814\" height=\"652\" src=\"https:\/\/entrenotasyacordes.com\/wp-content\/uploads\/2025\/06\/GP1SZDDFm6cY.jpg\" alt=\"\" class=\"wp-image-15991\" srcset=\"https:\/\/entrenotasyacordes.com\/wp-content\/uploads\/2025\/06\/GP1SZDDFm6cY.jpg 814w, https:\/\/entrenotasyacordes.com\/wp-content\/uploads\/2025\/06\/GP1SZDDFm6cY-300x240.jpg 300w, https:\/\/entrenotasyacordes.com\/wp-content\/uploads\/2025\/06\/GP1SZDDFm6cY-768x615.jpg 768w\" sizes=\"auto, (max-width: 814px) 100vw, 814px\" \/><\/figure>\n<\/div>\n\n\n<p>M\u00e1s informaci\u00f3n de Los Tabaleros<strong>&nbsp;<\/strong><\/p>\n\n\n\n<p>Los Tabaleros es un grupo porte\u00f1o folcl\u00f3rico con influencias del punk rock. En sus primeros a\u00f1os se dedicaron a interpretar y a entender el m\u00e1s tradicional folk vern\u00e1culo y poco a poco hicieron carne su necesidad real de innovar y expresarse.&nbsp;<\/p>\n\n\n\n<p>La banda tiene un origen folcl\u00f3rico, pero tambi\u00e9n abrazan todo tipo de est\u00e9ticas musicales y art\u00edsticas, llevan a cabo obras perform\u00e1ticas pasando desde el formato ac\u00fasticos a teatro a ciegas, como tambi\u00e9n recitales en la escena del rock nacional con<\/p>\n\n\n\n<p>presentaciones en Centro Cultural Recoleta, CC Matienzo, Uniclub, Konex, Niceto, Teatro Caras y Caretas, Caf\u00e9 Vinilo, Mastai, Baradero Rock y Cosqu\u00edn Rock.&nbsp;<\/p>\n\n\n\n<p>El primer \u00e1lbum de Los Tabaleros se edit\u00f3 en 2009: \u00abCarmes\u00ed\u00bb. En 2013 sacan su segundo \u00e1lbum, \u00abLolita\u00bb. Fue justamente desde \u201cLolita\u201d, y ya en mayor forma en \u201c\u00a1Tuy!\u201d y \u201cChuy\u201d, tercer y cuarto \u00e1lbumes, donde desarrollan esta particular m\u00fasica donde el carnavalito tiene cosas de murga o donde una chacarera se puede hacer balada roquera.&nbsp;<\/p>\n\n\n\n<p>En 2015 presentan \u00ab\u00a1Tuy!\u00bb, el tercer \u00e1lbum que cont\u00f3 con la direcci\u00f3n de orquesta y producci\u00f3n de Juan Gigena \u00c1balos. Se grab\u00f3 en MCL Records, El Gorri\u00f3n Negro y TUCO Estudio. Fue masterizado por el reconocido ingeniero Daniel Ovie.&nbsp;<\/p>\n\n\n\n<p>La banda que nunca se queda quieta recorri\u00f3 un gran 2018, donde particip\u00f3 de festivales en el C.C. Konex; el Festival Provincia Emergente, en el Estadio \u00danico de La Plata, y un 2019 cargado de shows propios y potentes. Participaron tambi\u00e9n de festivales en Buenos Aires y Provincia, en grillas populares y variadas (D\u00fao Coplanacu, Mala Fama). Dieron giras al interior del pa\u00eds (Rosario, C\u00f3rdoba) y tambi\u00e9n fueron invitados de Los Aut\u00e9nticos Decadentes en el show \u00abFestival Nacional\u00bb en Buenos Aires y La Plata, y en el Luna Park, de Las Pastillas del Abuelo.&nbsp;<\/p>\n\n\n\n<p>En el 2019 presentaron por todo el pa\u00eds su cuarto disco de estudio, \u00abChuy\u00bb, donde ambientes lis\u00e9rgicos dan vida a la fauna ex\u00f3tica de una provincia imaginaria. Cuenta con la co-producci\u00f3n art\u00edstica Mart\u00edn \u00abMoska\u00bb Lorenzo y Mariano Francescheli (de Los Aut\u00e9nticos Decadentes), y con la participaci\u00f3n especial de Diego Tu\u00f1on (Babas\u00f3nicos). Grabado y masterizado en los estudios \u00abDel Abasto Monsterland\u00bb por \u00c1lvaro Villagra.&nbsp;<\/p>\n\n\n\n<p>En abril de 2020 lanzan el \u00e1lbum \u201cUna Noche En El Para\u00edso Escondido\u201d. Este trabajo recopila todos los \u00e9xitos del grupo en versiones especiales, las cuales fueron grabadas en vivo con la colaboraci\u00f3n de grandes artistas como Miranda, Los Aut\u00e9nticos Decadentes, el Mono de Kapanga, Los Caligaris, Las Pastillas del Abuelo.&nbsp;<\/p>\n\n\n\n<p>En el 2022 dijeron presente en el Cosqu\u00edn Rock, Baradero Rock y visitaron ciudades como Mar del Plata, Salta, Rosario, Tucum\u00e1n y Jujuy, entre otras, a donde hicieron explotar al p\u00fablico.&nbsp;<\/p>\n\n\n\n<p>Luego del gran lanzamiento del primer corte de difusi\u00f3n de su pr\u00f3ximo disco, una efervescente canci\u00f3n que juega con el huayno, la cumbia y la pop llamada \u201cBurbuja Loca\u201d, y de \u201cArderemos\u201d, el segundo corte, lleg\u00f3 el disco completo \u201cCaramelos de Felicidad\u201d con el que la banda contin\u00faa girando por todo el pa\u00eds.<\/p>\n","protected":false},"excerpt":{"rendered":"","protected":false},"author":5,"featured_media":15990,"comment_status":"open","ping_status":"open","sticky":false,"template":"","format":"standard","meta":{"om_disable_all_campaigns":false,"_uf_show_specific_survey":0,"_uf_disable_surveys":false,"footnotes":""},"categories":[36],"tags":[],"class_list":["post-15989","post","type-post","status-publish","format-standard","has-post-thumbnail","hentry","category-conciertos"],"_links":{"self":[{"href":"https:\/\/entrenotasyacordes.com\/index.php?rest_route=\/wp\/v2\/posts\/15989","targetHints":{"allow":["GET"]}}],"collection":[{"href":"https:\/\/entrenotasyacordes.com\/index.php?rest_route=\/wp\/v2\/posts"}],"about":[{"href":"https:\/\/entrenotasyacordes.com\/index.php?rest_route=\/wp\/v2\/types\/post"}],"author":[{"embeddable":true,"href":"https:\/\/entrenotasyacordes.com\/index.php?rest_route=\/wp\/v2\/users\/5"}],"replies":[{"embeddable":true,"href":"https:\/\/entrenotasyacordes.com\/index.php?rest_route=%2Fwp%2Fv2%2Fcomments&post=15989"}],"version-history":[{"count":1,"href":"https:\/\/entrenotasyacordes.com\/index.php?rest_route=\/wp\/v2\/posts\/15989\/revisions"}],"predecessor-version":[{"id":15992,"href":"https:\/\/entrenotasyacordes.com\/index.php?rest_route=\/wp\/v2\/posts\/15989\/revisions\/15992"}],"wp:featuredmedia":[{"embeddable":true,"href":"https:\/\/entrenotasyacordes.com\/index.php?rest_route=\/wp\/v2\/media\/15990"}],"wp:attachment":[{"href":"https:\/\/entrenotasyacordes.com\/index.php?rest_route=%2Fwp%2Fv2%2Fmedia&parent=15989"}],"wp:term":[{"taxonomy":"category","embeddable":true,"href":"https:\/\/entrenotasyacordes.com\/index.php?rest_route=%2Fwp%2Fv2%2Fcategories&post=15989"},{"taxonomy":"post_tag","embeddable":true,"href":"https:\/\/entrenotasyacordes.com\/index.php?rest_route=%2Fwp%2Fv2%2Ftags&post=15989"}],"curies":[{"name":"wp","href":"https:\/\/api.w.org\/{rel}","templated":true}]}}