{"id":15993,"date":"2025-06-23T21:05:15","date_gmt":"2025-06-23T21:05:15","guid":{"rendered":"https:\/\/entrenotasyacordes.com\/?p=15993"},"modified":"2025-06-23T21:05:16","modified_gmt":"2025-06-23T21:05:16","slug":"rocco-posca-presenta-%c2%a8amor-valiente%c2%a8-en-the-roxy-2","status":"publish","type":"post","link":"https:\/\/entrenotasyacordes.com\/?p=15993","title":{"rendered":"ROCCO POSCA PRESENTA \u00a8AMOR VALIENTE\u00a8 EN THE ROXY"},"content":{"rendered":"\n<!--more-->\n\n\n\n\n\n<p class=\"has-text-align-left\"><strong>Rocco Posca<\/strong>&nbsp;presenta en vivo en&nbsp;<strong>The Roxy&nbsp;<\/strong>\u00a8Amor Valiente\u00a8 su cuarto \u00e1lbum de estudio el pr\u00f3ximo&nbsp;<strong>s\u00e1bado 5 de julio<\/strong>, 19hs.<\/p>\n\n\n\n<p>Amor Valiente es&nbsp; una obra que sintetiza mucho los primeros discos del artista para unirse en algo nuevo.<\/p>\n\n\n\n<p class=\"has-text-align-left\">Las entradas se encuentran a la venta por sistema&nbsp;<a href=\"https:\/\/www.allaccess.com.ar\/event\/rocco-posca-presenta-amor-valiente?utm_source=perfit&amp;utm_medium=email\" rel=\"noreferrer noopener\" target=\"_blank\">AllAccess<\/a><\/p>\n\n\n<div class=\"wp-block-image\">\n<figure class=\"aligncenter size-full\"><img loading=\"lazy\" decoding=\"async\" width=\"1280\" height=\"848\" src=\"https:\/\/entrenotasyacordes.com\/wp-content\/uploads\/2025\/06\/1747233000940-Rocco1-1.jpg\" alt=\"\" class=\"wp-image-15995\" srcset=\"https:\/\/entrenotasyacordes.com\/wp-content\/uploads\/2025\/06\/1747233000940-Rocco1-1.jpg 1280w, https:\/\/entrenotasyacordes.com\/wp-content\/uploads\/2025\/06\/1747233000940-Rocco1-1-300x200.jpg 300w, https:\/\/entrenotasyacordes.com\/wp-content\/uploads\/2025\/06\/1747233000940-Rocco1-1-1024x678.jpg 1024w, https:\/\/entrenotasyacordes.com\/wp-content\/uploads\/2025\/06\/1747233000940-Rocco1-1-768x509.jpg 768w\" sizes=\"auto, (max-width: 1280px) 100vw, 1280px\" \/><\/figure>\n<\/div>\n\n\n<p><strong>Acerca de Rocco Posca<\/strong><\/p>\n\n\n\n<p>Rocco Posca es un artista multifac\u00e9tico y vers\u00e1til. Comenz\u00f3 su carrera musical en 2016 a sus 17 a\u00f1os, y contin\u00faa desarroll\u00e1ndose como m\u00fasico, cantante, compositor y actor. Su expresi\u00f3n esc\u00e9nica en el \u00e1mbito del rock se caracteriza por la fusi\u00f3n de riffs de guitarras distorsionadas con composiciones introspectivas ac\u00fasticas, creando una experiencia sonora \u00fanica. Su presencia en el escenario se distingue por su fuerza y autenticidad, dejando una impresi\u00f3n duradera en el p\u00fablico.<\/p>\n\n\n\n<p>El 29 de marzo de 2017, Rocco Posca abri\u00f3 el concierto de Catfish and the Bottlemen en el local The Roxy Live. Luego, el 27 de abril del mismo a\u00f1o, realiz\u00f3 la haza\u00f1a de tocar en el Cabaret del Maipo, en Buenos Aires, adelantando canciones de lo que ser\u00eda su primer disco, recibiendo como invitados a grandes figuras como Fito P\u00e1ez, Diego Rodr\u00edguez de Babas\u00f3nicos y Lolo Fuentes, ex Miranda!.<br>&nbsp;<br>El \u00e1lbum debut de Rocco, titulado &#8216;Ni\u00f1os del universo&#8217;, lanzado en 2017, marc\u00f3 el inicio de su carrera discogr\u00e1fica y fue seguido por \u00abFervor\u00bb en 2018, ambos inmortalizados en formato vinilo. Actualmente, cuenta con tres \u00e1lbumes de estudio, siendo \u00abEl Gaviota\u00bb su obra m\u00e1s reciente, lanzada en 2021. Este \u00faltimo trabajo refleja la evoluci\u00f3n art\u00edstica y la madurez de Posca como creador musical. El 14 de abril de 2018 en Tecn\u00f3polis, participa del Festival Soundhearts Buenos Aires encabezado por Radiohead, siendo Rocco el \u00fanico artista argentino en la grilla.<br>&nbsp;<br>Actualmente se encuentra presentando su nuevo disco \u00a8Amor Valiente\u00a8<\/p>\n","protected":false},"excerpt":{"rendered":"","protected":false},"author":5,"featured_media":15994,"comment_status":"open","ping_status":"open","sticky":false,"template":"","format":"standard","meta":{"om_disable_all_campaigns":false,"_uf_show_specific_survey":0,"_uf_disable_surveys":false,"footnotes":""},"categories":[36],"tags":[],"class_list":["post-15993","post","type-post","status-publish","format-standard","has-post-thumbnail","hentry","category-conciertos"],"_links":{"self":[{"href":"https:\/\/entrenotasyacordes.com\/index.php?rest_route=\/wp\/v2\/posts\/15993","targetHints":{"allow":["GET"]}}],"collection":[{"href":"https:\/\/entrenotasyacordes.com\/index.php?rest_route=\/wp\/v2\/posts"}],"about":[{"href":"https:\/\/entrenotasyacordes.com\/index.php?rest_route=\/wp\/v2\/types\/post"}],"author":[{"embeddable":true,"href":"https:\/\/entrenotasyacordes.com\/index.php?rest_route=\/wp\/v2\/users\/5"}],"replies":[{"embeddable":true,"href":"https:\/\/entrenotasyacordes.com\/index.php?rest_route=%2Fwp%2Fv2%2Fcomments&post=15993"}],"version-history":[{"count":1,"href":"https:\/\/entrenotasyacordes.com\/index.php?rest_route=\/wp\/v2\/posts\/15993\/revisions"}],"predecessor-version":[{"id":15996,"href":"https:\/\/entrenotasyacordes.com\/index.php?rest_route=\/wp\/v2\/posts\/15993\/revisions\/15996"}],"wp:featuredmedia":[{"embeddable":true,"href":"https:\/\/entrenotasyacordes.com\/index.php?rest_route=\/wp\/v2\/media\/15994"}],"wp:attachment":[{"href":"https:\/\/entrenotasyacordes.com\/index.php?rest_route=%2Fwp%2Fv2%2Fmedia&parent=15993"}],"wp:term":[{"taxonomy":"category","embeddable":true,"href":"https:\/\/entrenotasyacordes.com\/index.php?rest_route=%2Fwp%2Fv2%2Fcategories&post=15993"},{"taxonomy":"post_tag","embeddable":true,"href":"https:\/\/entrenotasyacordes.com\/index.php?rest_route=%2Fwp%2Fv2%2Ftags&post=15993"}],"curies":[{"name":"wp","href":"https:\/\/api.w.org\/{rel}","templated":true}]}}