{"id":15997,"date":"2025-06-23T23:19:06","date_gmt":"2025-06-23T23:19:06","guid":{"rendered":"https:\/\/entrenotasyacordes.com\/?p=15997"},"modified":"2025-06-23T23:19:07","modified_gmt":"2025-06-23T23:19:07","slug":"beto-cuevas-regresa-a-argentina-con-su-girabeto-cuevas-acustico","status":"publish","type":"post","link":"https:\/\/entrenotasyacordes.com\/?p=15997","title":{"rendered":"BETO CUEVAS REGRESA A ARGENTINA CON SU GIRA\u201cBETO CUEVAS AC\u00daSTICO\u201d"},"content":{"rendered":"\n<!--more-->\n\n\n\n<p class=\"has-text-align-center\"><strong>12 \u00a0de septiembre \u2013 Teatro \u00d3pera, Buenos Aires<\/strong><\/p>\n\n\n<div class=\"wp-block-image\">\n<figure class=\"aligncenter size-full\"><img loading=\"lazy\" decoding=\"async\" width=\"2560\" height=\"1707\" src=\"https:\/\/entrenotasyacordes.com\/wp-content\/uploads\/2025\/06\/1749643959122-Beto-Cuevas-Foto-scaled.jpg\" alt=\"\" class=\"wp-image-15998\" srcset=\"https:\/\/entrenotasyacordes.com\/wp-content\/uploads\/2025\/06\/1749643959122-Beto-Cuevas-Foto-scaled.jpg 2560w, https:\/\/entrenotasyacordes.com\/wp-content\/uploads\/2025\/06\/1749643959122-Beto-Cuevas-Foto-300x200.jpg 300w, https:\/\/entrenotasyacordes.com\/wp-content\/uploads\/2025\/06\/1749643959122-Beto-Cuevas-Foto-1024x683.jpg 1024w, https:\/\/entrenotasyacordes.com\/wp-content\/uploads\/2025\/06\/1749643959122-Beto-Cuevas-Foto-768x512.jpg 768w, https:\/\/entrenotasyacordes.com\/wp-content\/uploads\/2025\/06\/1749643959122-Beto-Cuevas-Foto-1536x1024.jpg 1536w, https:\/\/entrenotasyacordes.com\/wp-content\/uploads\/2025\/06\/1749643959122-Beto-Cuevas-Foto-2048x1365.jpg 2048w\" sizes=\"auto, (max-width: 2560px) 100vw, 2560px\" \/><\/figure>\n<\/div>\n\n\n<p><strong>\ud83c\udf9f\ufe0f Preventa exclusiva Santander VISA: Martes 24 de junio \u2013 10 hs (por 48 hs o hasta agotar stock)<\/strong><\/p>\n\n\n\n<p><strong>\ud83c\udfab\u00a0Venta general: Jueves 26 de junio \u2013 10 hs a trav\u00e9s de\u00a0<a href=\"https:\/\/gabyjurado.tr.pemsv02.net\/c\/eyJhIjoiZ2FieWp1cmFkbyIsIm0iOiJtYWlsX2NtYzk0NGR2NHFwczgwNzU0MXpyYmVsZnkiLCJsIjoibGlua185ZmIyNmJlMGY1ZmJjYTk0YTc0NWI4YWU2ZTBiNWY2YzAyMmEyOGIxX2RiOGNmMSIsImkiOltdLCJ1IjoiaHR0cHM6Ly93d3cudGlja2V0ZWsuY29tLmFyP3V0bV9zb3VyY2U9cGVyZml0JnV0bV9tZWRpdW09ZW1haWwmdXRtX2NhbXBhaWduPUJFVE8lMjBDVUVWQVMiLCJjIjoiIiwiaCI6IjY4ZTRkNCJ9\" target=\"_blank\" rel=\"noreferrer noopener\">Ticketek.com.ar<\/a><\/strong><\/p>\n\n\n<div class=\"wp-block-image\">\n<figure class=\"aligncenter size-full\"><img loading=\"lazy\" decoding=\"async\" width=\"1080\" height=\"1350\" src=\"https:\/\/entrenotasyacordes.com\/wp-content\/uploads\/2025\/06\/1750346595118-ANUNCIO-FEED-1.jpg\" alt=\"\" class=\"wp-image-15999\" srcset=\"https:\/\/entrenotasyacordes.com\/wp-content\/uploads\/2025\/06\/1750346595118-ANUNCIO-FEED-1.jpg 1080w, https:\/\/entrenotasyacordes.com\/wp-content\/uploads\/2025\/06\/1750346595118-ANUNCIO-FEED-1-240x300.jpg 240w, https:\/\/entrenotasyacordes.com\/wp-content\/uploads\/2025\/06\/1750346595118-ANUNCIO-FEED-1-819x1024.jpg 819w, https:\/\/entrenotasyacordes.com\/wp-content\/uploads\/2025\/06\/1750346595118-ANUNCIO-FEED-1-768x960.jpg 768w, https:\/\/entrenotasyacordes.com\/wp-content\/uploads\/2025\/06\/1750346595118-ANUNCIO-FEED-1-1024x1280.jpg 1024w\" sizes=\"auto, (max-width: 1080px) 100vw, 1080px\" \/><\/figure>\n<\/div>\n\n\n<p class=\"has-text-align-left\"><strong>Beto Cuevas<\/strong>&nbsp;vuelve a la Argentina con su exitosa gira \u201c<strong>&nbsp;Beto Cuevas Ac\u00fastico<\/strong>\u201d, un homenaje \u00edntimo y poderoso al hist\u00f3rico MTV Unplugged de La Ley, el disco que cambi\u00f3 para siempre el rumbo del rock latino.<\/p>\n\n\n\n<p>Con producci\u00f3n de Fenix Entertainment, el artista se presentar\u00e1 el<strong>\u00a012 de septiembre en el Teatro \u00d3pera<\/strong>\u00a0de Buenos Aires, ofreciendo un espect\u00e1culo conmovedor, cargado de historias, emociones y versiones ac\u00fasticas de los grandes cl\u00e1sicos de La Ley, la legendaria banda que lider\u00f3 y con la que alcanz\u00f3 proyecci\u00f3n internacional.<\/p>\n\n\n\n<p>\u201c<strong>Beto Cuevas Ac\u00fastico<\/strong>\u201d revive la magia de aquel disco ic\u00f3nico lanzado en 2001, que gan\u00f3 el\u00a0<strong>Latin Grammy al Mejor \u00c1lbum Vocal D\u00fao o Grupo de Rock\u00a0<\/strong>y vendi\u00f3 m\u00e1s de<strong>\u00a0un mill\u00f3n de copias en todo el mundo\u00a0<\/strong>. A 24 a\u00f1os de su lanzamiento, Beto vuelve a reencontrarse con ese repertorio en un formato \u00edntimo, atemporal y profundamente emotivo.<\/p>\n\n\n\n<p>Una oportunidad \u00fanica para que los fan\u00e1ticos de La Ley y los seguidores de Beto Cuevas se conecten de manera personal con el artista, en un viaje musical que atraviesa generaciones y celebra lo mejor del rock en espa\u00f1ol.<\/p>\n\n\n\n<p>Dos noches irrepetibles en Buenos Aires para revivir el legado de La Ley y reconectarse con la voz y el talento de uno de los artistas m\u00e1s influyentes del rock en espa\u00f1ol.<\/p>\n\n\n\n<p class=\"has-text-align-left\">Por otro lado, cabe destacar que durante el mes de junio \u00a0Beto Cuevas visitar\u00e1 nuestro pa\u00eds no s\u00f3lo como parte de su gira promocional del nuevo material y del tour sino tambi\u00e9n porque prepara un regalo especial : la grabaci\u00f3n de un nuevo single junto a la talentosa cantante argentina\u00a0<strong>Luz Gaggi<\/strong>. \u00a0Grabar\u00e1n la emblem\u00e1tica canci\u00f3n \u201cEl Duelo\u201d y muy pronto estar\u00e1 disponible en todas las plataformas.<\/p>\n\n\n<div class=\"wp-block-image\">\n<figure class=\"aligncenter size-full\"><img loading=\"lazy\" decoding=\"async\" width=\"2560\" height=\"1707\" src=\"https:\/\/entrenotasyacordes.com\/wp-content\/uploads\/2025\/06\/1749644373206-Beto-Cuevas-Foto-1-scaled.jpg\" alt=\"\" class=\"wp-image-16000\" srcset=\"https:\/\/entrenotasyacordes.com\/wp-content\/uploads\/2025\/06\/1749644373206-Beto-Cuevas-Foto-1-scaled.jpg 2560w, https:\/\/entrenotasyacordes.com\/wp-content\/uploads\/2025\/06\/1749644373206-Beto-Cuevas-Foto-1-300x200.jpg 300w, https:\/\/entrenotasyacordes.com\/wp-content\/uploads\/2025\/06\/1749644373206-Beto-Cuevas-Foto-1-1024x683.jpg 1024w, https:\/\/entrenotasyacordes.com\/wp-content\/uploads\/2025\/06\/1749644373206-Beto-Cuevas-Foto-1-768x512.jpg 768w, https:\/\/entrenotasyacordes.com\/wp-content\/uploads\/2025\/06\/1749644373206-Beto-Cuevas-Foto-1-1536x1024.jpg 1536w, https:\/\/entrenotasyacordes.com\/wp-content\/uploads\/2025\/06\/1749644373206-Beto-Cuevas-Foto-1-2048x1365.jpg 2048w\" sizes=\"auto, (max-width: 2560px) 100vw, 2560px\" \/><\/figure>\n<\/div>\n\n\n<p><strong>ACERCA DE BETO CUEVAS<\/strong><\/p>\n\n\n\n<p>Beto Cuevas, nacido el 12 de septiembre de 1967 en Santiago de Chile, es uno de los artistas m\u00e1s influyentes del rock en espa\u00f1ol. Fue el vocalista y rostro principal de La Ley, banda chilena que marc\u00f3 una era en los a\u00f1os 90 con discos como Invisible, V\u00e9rtigo y el ic\u00f3nico MTV Unplugged. Gracias a su inconfundible voz y su fuerte conexi\u00f3n con el p\u00fablico, Beto y la banda recibieron m\u00faltiples reconocimientos, incluyendo premios Grammy y Grammy Latinos. Tras la pausa de La Ley en 2005, Cuevas inici\u00f3 una carrera solista con \u00e9xitos como Miedo Esc\u00e9nico y Transformaci\u00f3n, que lo consolidaron como un artista vers\u00e1til y en constante evoluci\u00f3n.<\/p>\n\n\n\n<p>En 2019, debut\u00f3 como actor interpretando a Jes\u00fas en Jesucristo Superestrella, recibiendo elogios por su intensidad esc\u00e9nica.<strong>&nbsp;En 2025 lanz\u00f3 BC Ac\u00fastico, un homenaje al formato unplugged, producido por Humberto Gatica y grabado en vivo en Chile, con colaboraciones destacadas como Ely Guerra y Javiera Flores. El \u00e1lbum est\u00e1 disponible en plataformas digitales, vinilo y formato Atmos.<\/strong><\/p>\n\n\n\n<p>Adem\u00e1s, prepara un nuevo disco de rock para finales de 2025, reafirmando su vigencia art\u00edstica y su compromiso con la innovaci\u00f3n musical.<\/p>\n","protected":false},"excerpt":{"rendered":"","protected":false},"author":5,"featured_media":15999,"comment_status":"open","ping_status":"open","sticky":false,"template":"","format":"standard","meta":{"om_disable_all_campaigns":false,"_uf_show_specific_survey":0,"_uf_disable_surveys":false,"footnotes":""},"categories":[36,34],"tags":[],"class_list":["post-15997","post","type-post","status-publish","format-standard","has-post-thumbnail","hentry","category-conciertos","category-ultimas-noticias"],"_links":{"self":[{"href":"https:\/\/entrenotasyacordes.com\/index.php?rest_route=\/wp\/v2\/posts\/15997","targetHints":{"allow":["GET"]}}],"collection":[{"href":"https:\/\/entrenotasyacordes.com\/index.php?rest_route=\/wp\/v2\/posts"}],"about":[{"href":"https:\/\/entrenotasyacordes.com\/index.php?rest_route=\/wp\/v2\/types\/post"}],"author":[{"embeddable":true,"href":"https:\/\/entrenotasyacordes.com\/index.php?rest_route=\/wp\/v2\/users\/5"}],"replies":[{"embeddable":true,"href":"https:\/\/entrenotasyacordes.com\/index.php?rest_route=%2Fwp%2Fv2%2Fcomments&post=15997"}],"version-history":[{"count":1,"href":"https:\/\/entrenotasyacordes.com\/index.php?rest_route=\/wp\/v2\/posts\/15997\/revisions"}],"predecessor-version":[{"id":16001,"href":"https:\/\/entrenotasyacordes.com\/index.php?rest_route=\/wp\/v2\/posts\/15997\/revisions\/16001"}],"wp:featuredmedia":[{"embeddable":true,"href":"https:\/\/entrenotasyacordes.com\/index.php?rest_route=\/wp\/v2\/media\/15999"}],"wp:attachment":[{"href":"https:\/\/entrenotasyacordes.com\/index.php?rest_route=%2Fwp%2Fv2%2Fmedia&parent=15997"}],"wp:term":[{"taxonomy":"category","embeddable":true,"href":"https:\/\/entrenotasyacordes.com\/index.php?rest_route=%2Fwp%2Fv2%2Fcategories&post=15997"},{"taxonomy":"post_tag","embeddable":true,"href":"https:\/\/entrenotasyacordes.com\/index.php?rest_route=%2Fwp%2Fv2%2Ftags&post=15997"}],"curies":[{"name":"wp","href":"https:\/\/api.w.org\/{rel}","templated":true}]}}