{"id":16002,"date":"2025-06-23T23:25:33","date_gmt":"2025-06-23T23:25:33","guid":{"rendered":"https:\/\/entrenotasyacordes.com\/?p=16002"},"modified":"2025-12-08T14:55:02","modified_gmt":"2025-12-08T14:55:02","slug":"yami-safdie-y-emilia-presentan-te-vale-una-balada-que-habla-desde-la-herida","status":"publish","type":"post","link":"https:\/\/entrenotasyacordes.com\/?p=16002","title":{"rendered":"YAMI SAFDIE Y EMILIA PRESENTAN \u201c+ TE VALE\u201d, UNA BALADA QUE HABLA DESDE LA HERIDA"},"content":{"rendered":"\n<!--more-->\n\n\n<div class=\"wp-block-image\">\n<figure class=\"aligncenter size-full is-resized\"><img loading=\"lazy\" decoding=\"async\" width=\"2048\" height=\"2048\" src=\"https:\/\/entrenotasyacordes.com\/wp-content\/uploads\/2025\/06\/7a.jpg\" alt=\"\" class=\"wp-image-16003\" style=\"width:654px;height:auto\" srcset=\"https:\/\/entrenotasyacordes.com\/wp-content\/uploads\/2025\/06\/7a.jpg 2048w, https:\/\/entrenotasyacordes.com\/wp-content\/uploads\/2025\/06\/7a-300x300.jpg 300w, https:\/\/entrenotasyacordes.com\/wp-content\/uploads\/2025\/06\/7a-1024x1024.jpg 1024w, https:\/\/entrenotasyacordes.com\/wp-content\/uploads\/2025\/06\/7a-150x150.jpg 150w, https:\/\/entrenotasyacordes.com\/wp-content\/uploads\/2025\/06\/7a-768x768.jpg 768w, https:\/\/entrenotasyacordes.com\/wp-content\/uploads\/2025\/06\/7a-1536x1536.jpg 1536w, https:\/\/entrenotasyacordes.com\/wp-content\/uploads\/2025\/06\/7a-50x50.jpg 50w\" sizes=\"auto, (max-width: 2048px) 100vw, 2048px\" \/><\/figure>\n<\/div>\n\n\n<p class=\"has-text-align-left\"><strong>Yami Safdie <\/strong>lanza hoy \u201c<strong>+ Te Vale<\/strong>\u201d junto a <strong>Emilia<\/strong>, una colaboraci\u00f3n inesperada que se convierte en uno de los momentos m\u00e1s potentes y vulnerables de su discograf\u00eda. Lejos de f\u00f3rmulas prefabricadas o discursos f\u00e1ciles, la canci\u00f3n es una carta abierta a quien elige irse. No por falta de amor, sino por tomar otro camino.<\/p>\n\n\n\n<p class=\"has-text-align-left\">Con una est\u00e9tica minimalista que pone al frente la voz quebrada y al fondo una producci\u00f3n contenida, \u201c<strong>+ Te Vale<\/strong>\u201d se planta como una balada cruda y luminosa a la vez. Aqu\u00ed no hay revancha, hay aceptaci\u00f3n. No hay melodrama, hay verdad.<\/p>\n\n\n\n<p>\u201c<em>Es una canci\u00f3n muy especial, muy agridulce<\/em>\u201d, confiesa <strong>Yami<\/strong>. \u201c<em>Est\u00e1 dedicada a ese amor que no funcion\u00f3, que ya est\u00e1 empezando otra historia con alguien m\u00e1s. Quise que otra mujer la cantara conmigo, otra voz femenina que pudiera sostener esta emoci\u00f3n desde un lugar distinto. Se la mandamos a Emilia, sinceramente sin muchas expectativas\u2026 y cuando nos respondi\u00f3 con tanta humildad, tan conectada con la letra, fue un momento muy grande para m\u00ed. El a\u00f1o pasado abr\u00ed sus shows; hoy grabamos juntas como pares. Es un sue\u00f1o<\/em>.\u201d<\/p>\n\n\n\n<p class=\"has-text-align-left\">El tema llega en medio de un cap\u00edtulo clave para <strong>Yami Safdie<\/strong>, quien se posiciona como una de las artistas con m\u00e1s crecimiento a nivel latinoamericano. El anuncio de \u201c<strong>+ Te Vale<\/strong>\u201d fue recibido con gran entusiasmo en redes y super\u00f3 los <strong>10 millones de vistas<\/strong>, un acogimiento excepcional de parte de los fan\u00e1ticos de ambas artistas. <strong>Yami <\/strong>recientemente firm\u00f3 con <strong>Warner Music Latina <\/strong>y ha acumulado m\u00e1s de <strong>427 millones de reproducciones globales<\/strong>. Su \u00e9xito \u201c<strong>Querida Yo<\/strong>\u201d, junto a <strong>Camilo<\/strong>, se mantiene en el Top 10 de Spotify Viral Global, mientras \u201c<strong>En Otra Vida\u201d (con Lasso y Carin Le\u00f3n) <\/strong>sigue escalando charts y tocando fibras en m\u00e1s de 20 pa\u00edses.<\/p>\n\n\n\n<p class=\"has-text-align-left\">Por su parte, <strong>Emilia <\/strong>\u2014 reconocida por construir un s\u00f3lido cat\u00e1logo desde lo emocional y lo visual \u2014 ofrece una interpretaci\u00f3n \u00edntima que no busca destacar, sino acompa\u00f1ar. El lanzamiento llega en un momento hist\u00f3rico de su carrera: recientemente se convirti\u00f3 en la primera artista femenina internacional en encabezar y agotar tres funciones en el Movistar Arena de Madrid durante una misma gira. Emilia tambi\u00e9n fue galardonada con el premio New Gen Artist en los ELLE Style Awards 2025, nombrada una de las Artistas Emergentes del A\u00f1o por la revista People, y reconocida con un premio ASCAP por su colaboraci\u00f3n con Los \u00c1ngeles Azules en \u201cPerdonarte \u00bfPara Qu\u00e9?\u201d, tema que adem\u00e1s gan\u00f3 el Premio Gardel 2025 a la Mejor Canci\u00f3n Tropical\/Cumbia.<\/p>\n\n\n\n<p class=\"has-text-align-left\">\u201c<strong>+ Te Vale<\/strong>\u201d forma parte del pr\u00f3ximo disco de <strong>Yami <\/strong>y est\u00e1 disponible en todas las plataformas de m\u00fasica digital.<\/p>\n\n\n<div class=\"wp-block-image\">\n<figure class=\"aligncenter size-full is-resized\"><img loading=\"lazy\" decoding=\"async\" width=\"1367\" height=\"2048\" src=\"https:\/\/entrenotasyacordes.com\/wp-content\/uploads\/2025\/06\/7aa.jpg\" alt=\"\" class=\"wp-image-16004\" style=\"width:654px;height:auto\" srcset=\"https:\/\/entrenotasyacordes.com\/wp-content\/uploads\/2025\/06\/7aa.jpg 1367w, https:\/\/entrenotasyacordes.com\/wp-content\/uploads\/2025\/06\/7aa-200x300.jpg 200w, https:\/\/entrenotasyacordes.com\/wp-content\/uploads\/2025\/06\/7aa-684x1024.jpg 684w, https:\/\/entrenotasyacordes.com\/wp-content\/uploads\/2025\/06\/7aa-768x1151.jpg 768w, https:\/\/entrenotasyacordes.com\/wp-content\/uploads\/2025\/06\/7aa-1025x1536.jpg 1025w, https:\/\/entrenotasyacordes.com\/wp-content\/uploads\/2025\/06\/7aa-1024x1534.jpg 1024w\" sizes=\"auto, (max-width: 1367px) 100vw, 1367px\" \/><\/figure>\n<\/div>","protected":false},"excerpt":{"rendered":"","protected":false},"author":5,"featured_media":16003,"comment_status":"closed","ping_status":"open","sticky":false,"template":"","format":"standard","meta":{"om_disable_all_campaigns":false,"_uf_show_specific_survey":0,"_uf_disable_surveys":false,"footnotes":""},"categories":[4],"tags":[],"class_list":["post-16002","post","type-post","status-publish","format-standard","has-post-thumbnail","hentry","category-musica"],"_links":{"self":[{"href":"https:\/\/entrenotasyacordes.com\/index.php?rest_route=\/wp\/v2\/posts\/16002","targetHints":{"allow":["GET"]}}],"collection":[{"href":"https:\/\/entrenotasyacordes.com\/index.php?rest_route=\/wp\/v2\/posts"}],"about":[{"href":"https:\/\/entrenotasyacordes.com\/index.php?rest_route=\/wp\/v2\/types\/post"}],"author":[{"embeddable":true,"href":"https:\/\/entrenotasyacordes.com\/index.php?rest_route=\/wp\/v2\/users\/5"}],"replies":[{"embeddable":true,"href":"https:\/\/entrenotasyacordes.com\/index.php?rest_route=%2Fwp%2Fv2%2Fcomments&post=16002"}],"version-history":[{"count":1,"href":"https:\/\/entrenotasyacordes.com\/index.php?rest_route=\/wp\/v2\/posts\/16002\/revisions"}],"predecessor-version":[{"id":16005,"href":"https:\/\/entrenotasyacordes.com\/index.php?rest_route=\/wp\/v2\/posts\/16002\/revisions\/16005"}],"wp:featuredmedia":[{"embeddable":true,"href":"https:\/\/entrenotasyacordes.com\/index.php?rest_route=\/wp\/v2\/media\/16003"}],"wp:attachment":[{"href":"https:\/\/entrenotasyacordes.com\/index.php?rest_route=%2Fwp%2Fv2%2Fmedia&parent=16002"}],"wp:term":[{"taxonomy":"category","embeddable":true,"href":"https:\/\/entrenotasyacordes.com\/index.php?rest_route=%2Fwp%2Fv2%2Fcategories&post=16002"},{"taxonomy":"post_tag","embeddable":true,"href":"https:\/\/entrenotasyacordes.com\/index.php?rest_route=%2Fwp%2Fv2%2Ftags&post=16002"}],"curies":[{"name":"wp","href":"https:\/\/api.w.org\/{rel}","templated":true}]}}