{"id":16006,"date":"2025-06-23T23:30:06","date_gmt":"2025-06-23T23:30:06","guid":{"rendered":"https:\/\/entrenotasyacordes.com\/?p=16006"},"modified":"2025-12-08T14:55:02","modified_gmt":"2025-12-08T14:55:02","slug":"soge-culebra-y-el-colombiano-manuel-turizo-unen-sus-voces-y-sus-caminos-en-el-corrido","status":"publish","type":"post","link":"https:\/\/entrenotasyacordes.com\/?p=16006","title":{"rendered":"Soge Culebra y el colombiano Manuel Turizo unen sus voces y sus caminos en \u00abEl Corrido\u00bb"},"content":{"rendered":"\n<!--more-->\n\n\n\n<p class=\"has-text-align-center\"><em>Una canci\u00f3n sobre el amor a distancia, la vulnerabilidad y el puente emocional entre Espa\u00f1a y Latinoam\u00e9rica<\/em><\/p>\n\n\n<div class=\"wp-block-image\">\n<figure class=\"aligncenter size-full is-resized\"><img loading=\"lazy\" decoding=\"async\" width=\"1080\" height=\"1080\" src=\"https:\/\/entrenotasyacordes.com\/wp-content\/uploads\/2025\/06\/7aaa.jpg\" alt=\"\" class=\"wp-image-16007\" style=\"width:654px;height:auto\" srcset=\"https:\/\/entrenotasyacordes.com\/wp-content\/uploads\/2025\/06\/7aaa.jpg 1080w, https:\/\/entrenotasyacordes.com\/wp-content\/uploads\/2025\/06\/7aaa-300x300.jpg 300w, https:\/\/entrenotasyacordes.com\/wp-content\/uploads\/2025\/06\/7aaa-1024x1024.jpg 1024w, https:\/\/entrenotasyacordes.com\/wp-content\/uploads\/2025\/06\/7aaa-150x150.jpg 150w, https:\/\/entrenotasyacordes.com\/wp-content\/uploads\/2025\/06\/7aaa-768x768.jpg 768w, https:\/\/entrenotasyacordes.com\/wp-content\/uploads\/2025\/06\/7aaa-50x50.jpg 50w\" sizes=\"auto, (max-width: 1080px) 100vw, 1080px\" \/><\/figure>\n<\/div>\n\n\n<p class=\"has-text-align-left\">Hay canciones que nacen desde un lugar sincero. <strong><em>\u201cEl Corrido\u201d<\/em>, <\/strong>el nuevo tema del murciano<\/p>\n\n\n\n<p><strong>Soge Culebra <\/strong>junto al colombiano <strong>Manuel Turizo <\/strong>ya est\u00e1 disponible en todas las plataformas.<\/p>\n\n\n\n<p class=\"has-text-align-left\">Lejos de buscar un hit inmediato, la canci\u00f3n se apoya en lo emocional: la distancia, el desarraigo, el desgaste de sostener v\u00ednculos cuando lo cotidiano se rompe. \u201cPor llorar cancel\u00e9 el show, no voy a cantar\u201d o \u201cYa me hart\u00e9 de falsear por el Instagram\u201d son l\u00edneas que no se escriben desde el c\u00e1lculo, sino desde la necesidad. El tema recoge elementos del corrido mexicano \u2014 guitarras, estructura narrativa, tono melanc\u00f3lico \u2014 para contar una historia actual. No se trata de replicar un g\u00e9nero ajeno, sino de entrar en conversaci\u00f3n con \u00e9l, desde el respeto y la honestidad.<\/p>\n\n\n\n<p>La colaboraci\u00f3n entre ambos artistas nace de un entendimiento mutuo. <strong>Soge Culebra <\/strong>ha construido, en los \u00faltimos a\u00f1os, una identidad propia dentro del urbano espa\u00f1ol: una de las mejores voces de la escena, letras directas y una capacidad poco com\u00fan para convertir lo \u00edntimo en generacional. <strong>Manuel Turizo<\/strong>, referente del pop latino contempor\u00e1neo, aporta su voz y su experiencia en lo mel\u00f3dico para dar al tema una dimensi\u00f3n distinta.<\/p>\n\n\n\n<p>Ambos artistas experimentan con la estructura del corrido tradicional para contar algo muy de hoy: lo dif\u00edcil que es mantener un v\u00ednculo en la distancia y lo f\u00e1cil que es caer en la trampa de las apariencias.<\/p>\n\n\n<div class=\"wp-block-image\">\n<figure class=\"aligncenter size-full is-resized\"><img loading=\"lazy\" decoding=\"async\" width=\"1600\" height=\"1141\" src=\"https:\/\/entrenotasyacordes.com\/wp-content\/uploads\/2025\/06\/7aaaa.jpg\" alt=\"\" class=\"wp-image-16008\" style=\"width:654px;height:auto\" srcset=\"https:\/\/entrenotasyacordes.com\/wp-content\/uploads\/2025\/06\/7aaaa.jpg 1600w, https:\/\/entrenotasyacordes.com\/wp-content\/uploads\/2025\/06\/7aaaa-300x214.jpg 300w, https:\/\/entrenotasyacordes.com\/wp-content\/uploads\/2025\/06\/7aaaa-1024x730.jpg 1024w, https:\/\/entrenotasyacordes.com\/wp-content\/uploads\/2025\/06\/7aaaa-768x548.jpg 768w, https:\/\/entrenotasyacordes.com\/wp-content\/uploads\/2025\/06\/7aaaa-1536x1095.jpg 1536w\" sizes=\"auto, (max-width: 1600px) 100vw, 1600px\" \/><\/figure>\n<\/div>\n\n\n<p>La historia de <strong><em>\u201cEl Corrido\u201d <\/em><\/strong>no es nueva para quienes siguen de cerca a <strong>Soge <\/strong>desde hace tiempo. Hace m\u00e1s de un a\u00f1o, el artista public\u00f3 un adelanto del tema en TikTok. Despu\u00e9s, se viraliz\u00f3 un v\u00eddeo suyo cant\u00e1ndola en directo, rodeado de mariachis. Desde entonces, la canci\u00f3n se convirti\u00f3 en un secreto a voces entre sus fans, que llevaban meses pidi\u00e9ndola.<\/p>\n\n\n\n<p>Que el lanzamiento llegue ahora, junto a <strong>Manuel Turizo<\/strong>, no es casualidad: hay una madurez en la forma de contar las cosas y una intenci\u00f3n clara de mirar m\u00e1s all\u00e1 de fronteras y escenas. La historia que empez\u00f3 en una habitaci\u00f3n ahora se abre paso entre escenas, sonidos y pa\u00edses distintos. Este lanzamiento se suma a una lista de colaboraciones que han marcado el crecimiento de Soge en los \u00faltimos a\u00f1os: <strong>Quevedo, FMK, Recycled J, Marc Segu\u00ed, Micro TDH, Saiko o Abraham Mateo<\/strong>, entre otros. Por su lado, <strong>Manuel Turizo <\/strong>sigue la estela de los hits <strong>\u201cLa Bachata\u201d <\/strong>y <strong>\u201cEl Merengue\u201d <\/strong>en un g\u00e9nero que no hab\u00eda probado hasta ahora.<\/p>\n","protected":false},"excerpt":{"rendered":"","protected":false},"author":5,"featured_media":16007,"comment_status":"closed","ping_status":"open","sticky":false,"template":"","format":"standard","meta":{"om_disable_all_campaigns":false,"_uf_show_specific_survey":0,"_uf_disable_surveys":false,"footnotes":""},"categories":[4],"tags":[],"class_list":["post-16006","post","type-post","status-publish","format-standard","has-post-thumbnail","hentry","category-musica"],"_links":{"self":[{"href":"https:\/\/entrenotasyacordes.com\/index.php?rest_route=\/wp\/v2\/posts\/16006","targetHints":{"allow":["GET"]}}],"collection":[{"href":"https:\/\/entrenotasyacordes.com\/index.php?rest_route=\/wp\/v2\/posts"}],"about":[{"href":"https:\/\/entrenotasyacordes.com\/index.php?rest_route=\/wp\/v2\/types\/post"}],"author":[{"embeddable":true,"href":"https:\/\/entrenotasyacordes.com\/index.php?rest_route=\/wp\/v2\/users\/5"}],"replies":[{"embeddable":true,"href":"https:\/\/entrenotasyacordes.com\/index.php?rest_route=%2Fwp%2Fv2%2Fcomments&post=16006"}],"version-history":[{"count":1,"href":"https:\/\/entrenotasyacordes.com\/index.php?rest_route=\/wp\/v2\/posts\/16006\/revisions"}],"predecessor-version":[{"id":16009,"href":"https:\/\/entrenotasyacordes.com\/index.php?rest_route=\/wp\/v2\/posts\/16006\/revisions\/16009"}],"wp:featuredmedia":[{"embeddable":true,"href":"https:\/\/entrenotasyacordes.com\/index.php?rest_route=\/wp\/v2\/media\/16007"}],"wp:attachment":[{"href":"https:\/\/entrenotasyacordes.com\/index.php?rest_route=%2Fwp%2Fv2%2Fmedia&parent=16006"}],"wp:term":[{"taxonomy":"category","embeddable":true,"href":"https:\/\/entrenotasyacordes.com\/index.php?rest_route=%2Fwp%2Fv2%2Fcategories&post=16006"},{"taxonomy":"post_tag","embeddable":true,"href":"https:\/\/entrenotasyacordes.com\/index.php?rest_route=%2Fwp%2Fv2%2Ftags&post=16006"}],"curies":[{"name":"wp","href":"https:\/\/api.w.org\/{rel}","templated":true}]}}