{"id":16010,"date":"2025-06-23T23:34:19","date_gmt":"2025-06-23T23:34:19","guid":{"rendered":"https:\/\/entrenotasyacordes.com\/?p=16010"},"modified":"2025-12-08T14:55:02","modified_gmt":"2025-12-08T14:55:02","slug":"alma-la-nueva-boyband-argentina-presenta-su-primer-single-dimelo","status":"publish","type":"post","link":"https:\/\/entrenotasyacordes.com\/?p=16010","title":{"rendered":"ALMA, LA NUEVA BOYBAND ARGENTINA, PRESENTA SU PRIMER SINGLE \u00abD\u00cdMELO\u00bb"},"content":{"rendered":"\n<!--more-->\n\n\n<div class=\"wp-block-image\">\n<figure class=\"aligncenter size-full is-resized\"><img loading=\"lazy\" decoding=\"async\" width=\"2048\" height=\"2048\" src=\"https:\/\/entrenotasyacordes.com\/wp-content\/uploads\/2025\/06\/7b.jpg\" alt=\"\" class=\"wp-image-16011\" style=\"width:654px;height:auto\" srcset=\"https:\/\/entrenotasyacordes.com\/wp-content\/uploads\/2025\/06\/7b.jpg 2048w, https:\/\/entrenotasyacordes.com\/wp-content\/uploads\/2025\/06\/7b-300x300.jpg 300w, https:\/\/entrenotasyacordes.com\/wp-content\/uploads\/2025\/06\/7b-1024x1024.jpg 1024w, https:\/\/entrenotasyacordes.com\/wp-content\/uploads\/2025\/06\/7b-150x150.jpg 150w, https:\/\/entrenotasyacordes.com\/wp-content\/uploads\/2025\/06\/7b-768x768.jpg 768w, https:\/\/entrenotasyacordes.com\/wp-content\/uploads\/2025\/06\/7b-1536x1536.jpg 1536w, https:\/\/entrenotasyacordes.com\/wp-content\/uploads\/2025\/06\/7b-50x50.jpg 50w\" sizes=\"auto, (max-width: 2048px) 100vw, 2048px\" \/><\/figure>\n<\/div>\n\n\n<p class=\"has-text-align-left\">Con m\u00e1s de <strong>2 millones de seguidores <\/strong>en TikTok la boyband argentina, <strong>ALMA<\/strong>, conocida por sus ic\u00f3nicos covers presenta su primer single original: <strong>D\u00edmelo<\/strong>. Un pop-urbano que estar\u00e1 disponible en todas las plataformas a partir del <strong>pr\u00f3ximo 19 de junio a las 21:00hs.<\/strong><\/p>\n\n\n\n<p><strong>ALMA<\/strong>, es una boyband formada hace poco menos de un a\u00f1o por <strong>Matt <\/strong>(La Plata), <strong>Feli <\/strong>(Tandil) y <strong>Kiza <\/strong>(Miramar), tres artistas con m\u00e1s de 16 a\u00f1os de experiencia musical combinada. Con disciplina y profesionalismo \u2014estudios diarios de canto y baile, ensayos intensos y generaci\u00f3n constante de contenido\u2014 han conquistado TikTok (con m\u00e1s de 2 millones seguidores) e Instagram (m\u00e1s de 600 mil seguidores). Tal fue su \u00e9xito en redes<\/p>\n\n\n\n<p>sociales que hoy en d\u00eda se encuentran trabajando con <strong>Grand Move Records <\/strong>en alianza con<\/p>\n\n\n\n<p><strong>Warner Music Argentina<\/strong>.<\/p>\n\n\n\n<p class=\"has-text-align-left\">\u201c<strong>D\u00cdMELO<\/strong>\u201d es una fusi\u00f3n de pop, urbano y R&amp;B, con un estribillo pegadizo que captura la esencia de las cl\u00e1sicas boybands de los 2000s con una frescura moderna propia de esta nueva generaci\u00f3n. El mismo llega con videoclip incluido en donde se ve a los integrantes de la banda practicar para uno de sus cl\u00e1sicos videos de covers donde terminan so\u00f1ando despiertos c\u00f3mo ser\u00eda su pr\u00f3ximo videoclip. En el video destacan no solo sus dotes musicales y la personalidad individual de cada uno, sino que tambi\u00e9n explotan su potencial como bailarines.<\/p>\n\n\n\n<p class=\"has-text-align-left\">Siendo una banda que naci\u00f3 en redes sociales, tienen muy en claro su conexi\u00f3n con sus seguidores y eso lo demuestran a diario con su energ\u00eda, frescura y conexi\u00f3n emocional con ellos. Una pieza clave que sin dudas llevar\u00e1 a ALMA a posicionarse como la boyband argentina del a\u00f1o. Con un sonido propio que fusiona pop, urbano y toques de rock, el grupo promete emocionar a audiencias de todas las edades.<\/p>\n\n\n<div class=\"wp-block-image\">\n<figure class=\"aligncenter size-full is-resized\"><img loading=\"lazy\" decoding=\"async\" width=\"2048\" height=\"1366\" src=\"https:\/\/entrenotasyacordes.com\/wp-content\/uploads\/2025\/06\/7bb.jpg\" alt=\"\" class=\"wp-image-16012\" style=\"width:654px;height:auto\" srcset=\"https:\/\/entrenotasyacordes.com\/wp-content\/uploads\/2025\/06\/7bb.jpg 2048w, https:\/\/entrenotasyacordes.com\/wp-content\/uploads\/2025\/06\/7bb-300x200.jpg 300w, https:\/\/entrenotasyacordes.com\/wp-content\/uploads\/2025\/06\/7bb-1024x683.jpg 1024w, https:\/\/entrenotasyacordes.com\/wp-content\/uploads\/2025\/06\/7bb-768x512.jpg 768w, https:\/\/entrenotasyacordes.com\/wp-content\/uploads\/2025\/06\/7bb-1536x1025.jpg 1536w\" sizes=\"auto, (max-width: 2048px) 100vw, 2048px\" \/><\/figure>\n<\/div>\n\n\n<p><\/p>\n","protected":false},"excerpt":{"rendered":"","protected":false},"author":5,"featured_media":16011,"comment_status":"closed","ping_status":"open","sticky":false,"template":"","format":"standard","meta":{"om_disable_all_campaigns":false,"_uf_show_specific_survey":0,"_uf_disable_surveys":false,"footnotes":""},"categories":[4],"tags":[],"class_list":["post-16010","post","type-post","status-publish","format-standard","has-post-thumbnail","hentry","category-musica"],"_links":{"self":[{"href":"https:\/\/entrenotasyacordes.com\/index.php?rest_route=\/wp\/v2\/posts\/16010","targetHints":{"allow":["GET"]}}],"collection":[{"href":"https:\/\/entrenotasyacordes.com\/index.php?rest_route=\/wp\/v2\/posts"}],"about":[{"href":"https:\/\/entrenotasyacordes.com\/index.php?rest_route=\/wp\/v2\/types\/post"}],"author":[{"embeddable":true,"href":"https:\/\/entrenotasyacordes.com\/index.php?rest_route=\/wp\/v2\/users\/5"}],"replies":[{"embeddable":true,"href":"https:\/\/entrenotasyacordes.com\/index.php?rest_route=%2Fwp%2Fv2%2Fcomments&post=16010"}],"version-history":[{"count":1,"href":"https:\/\/entrenotasyacordes.com\/index.php?rest_route=\/wp\/v2\/posts\/16010\/revisions"}],"predecessor-version":[{"id":16013,"href":"https:\/\/entrenotasyacordes.com\/index.php?rest_route=\/wp\/v2\/posts\/16010\/revisions\/16013"}],"wp:featuredmedia":[{"embeddable":true,"href":"https:\/\/entrenotasyacordes.com\/index.php?rest_route=\/wp\/v2\/media\/16011"}],"wp:attachment":[{"href":"https:\/\/entrenotasyacordes.com\/index.php?rest_route=%2Fwp%2Fv2%2Fmedia&parent=16010"}],"wp:term":[{"taxonomy":"category","embeddable":true,"href":"https:\/\/entrenotasyacordes.com\/index.php?rest_route=%2Fwp%2Fv2%2Fcategories&post=16010"},{"taxonomy":"post_tag","embeddable":true,"href":"https:\/\/entrenotasyacordes.com\/index.php?rest_route=%2Fwp%2Fv2%2Ftags&post=16010"}],"curies":[{"name":"wp","href":"https:\/\/api.w.org\/{rel}","templated":true}]}}