{"id":16014,"date":"2025-06-23T23:38:02","date_gmt":"2025-06-23T23:38:02","guid":{"rendered":"https:\/\/entrenotasyacordes.com\/?p=16014"},"modified":"2025-12-08T14:55:02","modified_gmt":"2025-12-08T14:55:02","slug":"beret-y-diegote-iluminan-el-pop-espanol-con-amaneceres","status":"publish","type":"post","link":"https:\/\/entrenotasyacordes.com\/?p=16014","title":{"rendered":"BERET Y DIEGOTE ILUMINAN EL POP ESPA\u00d1OL CON \u201cAMANECERES\u201d"},"content":{"rendered":"\n<!--more-->\n\n\n<div class=\"wp-block-image\">\n<figure class=\"aligncenter size-full is-resized\"><img loading=\"lazy\" decoding=\"async\" width=\"2048\" height=\"2048\" src=\"https:\/\/entrenotasyacordes.com\/wp-content\/uploads\/2025\/06\/7bbb.jpg\" alt=\"\" class=\"wp-image-16015\" style=\"width:654px;height:auto\" srcset=\"https:\/\/entrenotasyacordes.com\/wp-content\/uploads\/2025\/06\/7bbb.jpg 2048w, https:\/\/entrenotasyacordes.com\/wp-content\/uploads\/2025\/06\/7bbb-300x300.jpg 300w, https:\/\/entrenotasyacordes.com\/wp-content\/uploads\/2025\/06\/7bbb-1024x1024.jpg 1024w, https:\/\/entrenotasyacordes.com\/wp-content\/uploads\/2025\/06\/7bbb-150x150.jpg 150w, https:\/\/entrenotasyacordes.com\/wp-content\/uploads\/2025\/06\/7bbb-768x768.jpg 768w, https:\/\/entrenotasyacordes.com\/wp-content\/uploads\/2025\/06\/7bbb-1536x1536.jpg 1536w, https:\/\/entrenotasyacordes.com\/wp-content\/uploads\/2025\/06\/7bbb-50x50.jpg 50w\" sizes=\"auto, (max-width: 2048px) 100vw, 2048px\" \/><\/figure>\n<\/div>\n\n\n<p class=\"has-text-align-left\"><strong>Beret <\/strong>y <strong>Diegote <\/strong>unen fuerzas en <strong>\u201cAmaneceres\u201d<\/strong>, un single que conecta dos generaciones y que nace de la admiraci\u00f3n mutua entre ambos artistas. La canci\u00f3n, que mezcla el pop caracter\u00edstico de Beret con la frescura de la nueva promesa Diegote, llega para convertirse en la banda sonora de los atardeceres y amaneceres de este verano. Los dos artistas transforman cicatrices y heridas a\u00fan latentes en un relato claro sobre segundas oportunidades, arropado por un beat pop-urbano que se engancha al o\u00eddo desde el primer segundo y coronado por un estribillo que podr\u00eda ser coreado por millones.<\/p>\n\n\n\n<p>El sevillano respalda esta alianza con sus <strong>m\u00e1s de 6,5 millones de oyentes mensuales <\/strong>y una trayectoria de miles de millones de reproducciones, mientras que el mallorqu\u00edn llega avalado por el fen\u00f3meno viral de \u201cTu Silueta\u201d, canci\u00f3n que super\u00f3 los <strong>20 millones de escuchas <\/strong>y le abri\u00f3 las puertas de la escena nacional.<\/p>\n\n\n\n<p>La complicidad entre ambos nace de la admiraci\u00f3n p\u00fablica que Diegote profesa por Beret, al cual pone como referente en diferentes entrevistas e, incluso, confiesa \u00abEn mi comienzos cant\u00e9 much\u00edsimo a Beret. Me pon\u00eda sus canciones en bucle, las cantaba una y otra vez\u201d.<\/p>\n\n\n\n<p>Ambos artistas encontraron un terreno com\u00fan en la idea de las <strong>segundas oportunidades <\/strong>y la necesidad de volver a empezar, un concepto que atraviesa la letra de <em>Amaneceres <\/em>y conecta con la experiencia de sus respectivas audiencias. <strong>La canci\u00f3n contrapone herida y cicatriz <\/strong>para subrayar la diferencia entre el dolor que ense\u00f1a y el recuerdo que permanece, culminando en un mensaje de reconciliaci\u00f3n con uno mismo: despu\u00e9s de aprender a soltar, llega la paz.<\/p>\n\n\n\n<p><\/p>\n","protected":false},"excerpt":{"rendered":"","protected":false},"author":5,"featured_media":16015,"comment_status":"closed","ping_status":"open","sticky":false,"template":"","format":"standard","meta":{"om_disable_all_campaigns":false,"_uf_show_specific_survey":0,"_uf_disable_surveys":false,"footnotes":""},"categories":[4],"tags":[],"class_list":["post-16014","post","type-post","status-publish","format-standard","has-post-thumbnail","hentry","category-musica"],"_links":{"self":[{"href":"https:\/\/entrenotasyacordes.com\/index.php?rest_route=\/wp\/v2\/posts\/16014","targetHints":{"allow":["GET"]}}],"collection":[{"href":"https:\/\/entrenotasyacordes.com\/index.php?rest_route=\/wp\/v2\/posts"}],"about":[{"href":"https:\/\/entrenotasyacordes.com\/index.php?rest_route=\/wp\/v2\/types\/post"}],"author":[{"embeddable":true,"href":"https:\/\/entrenotasyacordes.com\/index.php?rest_route=\/wp\/v2\/users\/5"}],"replies":[{"embeddable":true,"href":"https:\/\/entrenotasyacordes.com\/index.php?rest_route=%2Fwp%2Fv2%2Fcomments&post=16014"}],"version-history":[{"count":1,"href":"https:\/\/entrenotasyacordes.com\/index.php?rest_route=\/wp\/v2\/posts\/16014\/revisions"}],"predecessor-version":[{"id":16016,"href":"https:\/\/entrenotasyacordes.com\/index.php?rest_route=\/wp\/v2\/posts\/16014\/revisions\/16016"}],"wp:featuredmedia":[{"embeddable":true,"href":"https:\/\/entrenotasyacordes.com\/index.php?rest_route=\/wp\/v2\/media\/16015"}],"wp:attachment":[{"href":"https:\/\/entrenotasyacordes.com\/index.php?rest_route=%2Fwp%2Fv2%2Fmedia&parent=16014"}],"wp:term":[{"taxonomy":"category","embeddable":true,"href":"https:\/\/entrenotasyacordes.com\/index.php?rest_route=%2Fwp%2Fv2%2Fcategories&post=16014"},{"taxonomy":"post_tag","embeddable":true,"href":"https:\/\/entrenotasyacordes.com\/index.php?rest_route=%2Fwp%2Fv2%2Ftags&post=16014"}],"curies":[{"name":"wp","href":"https:\/\/api.w.org\/{rel}","templated":true}]}}