{"id":16026,"date":"2025-06-26T21:17:48","date_gmt":"2025-06-26T21:17:48","guid":{"rendered":"https:\/\/entrenotasyacordes.com\/?p=16026"},"modified":"2025-12-08T14:55:02","modified_gmt":"2025-12-08T14:55:02","slug":"un-verano-the-fam-noches-de-buenos-aires-en-ciudad-de-gatos","status":"publish","type":"post","link":"https:\/\/entrenotasyacordes.com\/?p=16026","title":{"rendered":"UN VERANO + THE FAM &#8211; NOCHES DE BUENOS AIRES EN CIUDAD DE GATOS"},"content":{"rendered":"\n<!--more-->\n\n\n<div class=\"wp-block-image\">\n<figure class=\"aligncenter size-full\"><img loading=\"lazy\" decoding=\"async\" width=\"1080\" height=\"1080\" src=\"https:\/\/entrenotasyacordes.com\/wp-content\/uploads\/2025\/06\/1750710181505-FEED-LA-PLATA-YA-A-LA-VENTA.jpeg\" alt=\"\" class=\"wp-image-16027\" srcset=\"https:\/\/entrenotasyacordes.com\/wp-content\/uploads\/2025\/06\/1750710181505-FEED-LA-PLATA-YA-A-LA-VENTA.jpeg 1080w, https:\/\/entrenotasyacordes.com\/wp-content\/uploads\/2025\/06\/1750710181505-FEED-LA-PLATA-YA-A-LA-VENTA-300x300.jpeg 300w, https:\/\/entrenotasyacordes.com\/wp-content\/uploads\/2025\/06\/1750710181505-FEED-LA-PLATA-YA-A-LA-VENTA-1024x1024.jpeg 1024w, https:\/\/entrenotasyacordes.com\/wp-content\/uploads\/2025\/06\/1750710181505-FEED-LA-PLATA-YA-A-LA-VENTA-150x150.jpeg 150w, https:\/\/entrenotasyacordes.com\/wp-content\/uploads\/2025\/06\/1750710181505-FEED-LA-PLATA-YA-A-LA-VENTA-768x768.jpeg 768w, https:\/\/entrenotasyacordes.com\/wp-content\/uploads\/2025\/06\/1750710181505-FEED-LA-PLATA-YA-A-LA-VENTA-50x50.jpeg 50w\" sizes=\"auto, (max-width: 1080px) 100vw, 1080px\" \/><\/figure>\n<\/div>\n\n\n<p class=\"has-text-align-left\">Esta primavera, el aire se llena de guitarras el\u00e9ctricas, estribillos coreables y energ\u00eda en vivo.\u00a0<strong>Un Verano y THE FAM<\/strong>, dos de las propuestas m\u00e1s s\u00f3lidas y en expansi\u00f3n del nuevo pop rock en espa\u00f1ol, unen fuerzas para ofrecer una experiencia compartida que promete intensidad, emoci\u00f3n y canciones que ya est\u00e1n marcando una generaci\u00f3n.<\/p>\n\n\n\n<p class=\"has-text-align-left\">Con identidades diferentes pero una misma sensibilidad musical, ambas bandas encuentran en este encuentro la excusa perfecta para celebrar con su p\u00fablico un presente de crecimiento, lanzamientos y nuevas etapas. La cita ser\u00e1 el&nbsp;<strong>viernes 18 de septiembre, en Ciudad de Gatos (La Plata)<\/strong><\/p>\n\n\n\n<p><strong>Entradas a la venta por sistema&nbsp;<a href=\"https:\/\/livepass.com.ar\/?utm_source=perfit&amp;utm_medium=email\" rel=\"noreferrer noopener\" target=\"_blank\">Livepass<\/a><\/strong><\/p>\n\n\n\n<p class=\"has-text-align-left\"><strong>Comprando tus entradas con tarjetas Visa y MasterCard del Banco Provincia tenes 4 cuotas sin inter\u00e9s<\/strong><\/p>\n\n\n\n<figure class=\"wp-block-embed is-type-video is-provider-youtube wp-block-embed-youtube wp-embed-aspect-16-9 wp-has-aspect-ratio\"><div class=\"wp-block-embed__wrapper\">\n<div class=\"epyt-video-wrapper\"><iframe loading=\"lazy\"  id=\"_ytid_32372\"  width=\"640\" height=\"360\"  data-origwidth=\"640\" data-origheight=\"360\" src=\"https:\/\/www.youtube.com\/embed\/17SW1IgPOd8?enablejsapi=1&#038;autoplay=0&#038;cc_load_policy=0&#038;cc_lang_pref=&#038;iv_load_policy=1&#038;loop=0&#038;rel=1&#038;fs=1&#038;playsinline=0&#038;autohide=2&#038;theme=dark&#038;color=white&#038;controls=1&#038;\" class=\"__youtube_prefs__  epyt-is-override  no-lazyload\" data-vol=\"50\"  title=\"YouTube player\"  allow=\"fullscreen; accelerometer; autoplay; clipboard-write; encrypted-media; gyroscope; picture-in-picture; web-share\" referrerpolicy=\"strict-origin-when-cross-origin\" allowfullscreen data-no-lazy=\"1\" data-skipgform_ajax_framebjll=\"\"><\/iframe><\/div>\n<\/div><\/figure>\n\n\n\n<p><strong>UN VERANO<\/strong><\/p>\n\n\n\n<p>Por un lado, Un Verano acaba de inaugurar una nueva etapa con el lanzamiento de \u201cMenos Diez\u201d, su primer single junto al nuevo vocalista Alejo Zurita, y llega con dos nominaciones a los Premios Gardel 2025, consolid\u00e1ndose como una banda que representa el presente y futuro del pop rock argentino. Su sonido se nutre del indie, la tradici\u00f3n del rock nacional y el pulso emocional del pop, logrando una propuesta potente, honesta y profundamente conectada con el aqu\u00ed y ahora.<\/p>\n\n\n\n<p>Con nuevo single y nuevo cantante, Un Verano abri\u00f3 otro cap\u00edtulo en su historia con \u201cMenos Diez\u201d, una canci\u00f3n que condensa la tensi\u00f3n de los comienzos y finales abruptos, esos instantes donde todo cambia antes de siquiera haber empezado.<\/p>\n\n\n\n<p>La banda reinicia su historia con un sonido m\u00e1s visceral, directo y emocional, reafirmando su lugar como uno de los proyectos m\u00e1s s\u00f3lidos del nuevo pop rock latino.<br>\u201cMenos Diez\u201d no es solo una canci\u00f3n: es una toma de posici\u00f3n. Una muestra clara de hacia d\u00f3nde va Un Verano: m\u00e1s emociones, m\u00e1s energ\u00eda, m\u00e1s identidad.<\/p>\n\n\n<div class=\"wp-block-image\">\n<figure class=\"aligncenter size-full\"><img loading=\"lazy\" decoding=\"async\" width=\"592\" height=\"498\" src=\"https:\/\/entrenotasyacordes.com\/wp-content\/uploads\/2025\/06\/1750710425060-Captura-de-pantalla-669.png\" alt=\"\" class=\"wp-image-16028\" srcset=\"https:\/\/entrenotasyacordes.com\/wp-content\/uploads\/2025\/06\/1750710425060-Captura-de-pantalla-669.png 592w, https:\/\/entrenotasyacordes.com\/wp-content\/uploads\/2025\/06\/1750710425060-Captura-de-pantalla-669-300x252.png 300w\" sizes=\"auto, (max-width: 592px) 100vw, 592px\" \/><\/figure>\n<\/div>\n\n\n<p><strong>THE FAM<\/strong><\/p>\n\n\n\n<p>Luego de una exitosa gira que culmin\u00f3 con un Teatro Astros completamente agotado, THE FAM entra en una nueva etapa creativa. Con una propuesta cada vez m\u00e1s madura y una identidad sonora en evoluci\u00f3n, la banda ya se encuentra trabajando en su tercer \u00e1lbum de estudio, apostando por un nuevo sonido que marca un giro audaz en su carrera. Con una base s\u00f3lida de fans, una est\u00e9tica visual reconocible y una discograf\u00eda que no para de crecer, la banda contin\u00faa consolid\u00e1ndose como una de las bandas j\u00f3venes con mayor proyecci\u00f3n regional, combinando frescura, ambici\u00f3n y autenticidad en cada paso.<\/p>\n\n\n\n<p>En esta nueva era y con el primer single de su nuevo trabajo de estudio, \u201cSiempre Lo Mismo\u201d, THE FAM se enfoca en lo esencial: canciones que dicen algo y suenan con peso. Composiciones que funcionan tanto en formato el\u00e9ctrico como ac\u00fastico, construidas con una l\u00f3gica clara y sin adornos. Una b\u00fasqueda honesta por hacer m\u00fasica que conecte desde lo real, con intenci\u00f3n y car\u00e1cter.<\/p>\n\n\n\n<figure class=\"wp-block-embed is-type-video is-provider-youtube wp-block-embed-youtube wp-embed-aspect-16-9 wp-has-aspect-ratio\"><div class=\"wp-block-embed__wrapper\">\n<div class=\"epyt-video-wrapper\"><iframe loading=\"lazy\"  id=\"_ytid_42059\"  width=\"640\" height=\"360\"  data-origwidth=\"640\" data-origheight=\"360\" src=\"https:\/\/www.youtube.com\/embed\/N1VrkJN0830?enablejsapi=1&#038;autoplay=0&#038;cc_load_policy=0&#038;cc_lang_pref=&#038;iv_load_policy=1&#038;loop=0&#038;rel=1&#038;fs=1&#038;playsinline=0&#038;autohide=2&#038;theme=dark&#038;color=white&#038;controls=1&#038;\" class=\"__youtube_prefs__  epyt-is-override  no-lazyload\" data-vol=\"50\"  title=\"YouTube player\"  allow=\"fullscreen; accelerometer; autoplay; clipboard-write; encrypted-media; gyroscope; picture-in-picture; web-share\" referrerpolicy=\"strict-origin-when-cross-origin\" allowfullscreen data-no-lazy=\"1\" data-skipgform_ajax_framebjll=\"\"><\/iframe><\/div>\n<\/div><\/figure>\n\n\n\n<p class=\"has-text-align-center\">Juntos, en una misma noche,<br>Un Verano y The FAM<br>proponen una experiencia poderosa y cat\u00e1rtica.<br>Un show donde la melancol\u00eda se mezcla con la fiesta,<br>las letras pegan hondo y el sonido en vivo<br>invita a cantar, saltar y emocionarse.<\/p>\n","protected":false},"excerpt":{"rendered":"","protected":false},"author":5,"featured_media":16027,"comment_status":"closed","ping_status":"open","sticky":false,"template":"","format":"standard","meta":{"om_disable_all_campaigns":false,"_uf_show_specific_survey":0,"_uf_disable_surveys":false,"footnotes":""},"categories":[36],"tags":[],"class_list":["post-16026","post","type-post","status-publish","format-standard","has-post-thumbnail","hentry","category-conciertos"],"_links":{"self":[{"href":"https:\/\/entrenotasyacordes.com\/index.php?rest_route=\/wp\/v2\/posts\/16026","targetHints":{"allow":["GET"]}}],"collection":[{"href":"https:\/\/entrenotasyacordes.com\/index.php?rest_route=\/wp\/v2\/posts"}],"about":[{"href":"https:\/\/entrenotasyacordes.com\/index.php?rest_route=\/wp\/v2\/types\/post"}],"author":[{"embeddable":true,"href":"https:\/\/entrenotasyacordes.com\/index.php?rest_route=\/wp\/v2\/users\/5"}],"replies":[{"embeddable":true,"href":"https:\/\/entrenotasyacordes.com\/index.php?rest_route=%2Fwp%2Fv2%2Fcomments&post=16026"}],"version-history":[{"count":1,"href":"https:\/\/entrenotasyacordes.com\/index.php?rest_route=\/wp\/v2\/posts\/16026\/revisions"}],"predecessor-version":[{"id":16029,"href":"https:\/\/entrenotasyacordes.com\/index.php?rest_route=\/wp\/v2\/posts\/16026\/revisions\/16029"}],"wp:featuredmedia":[{"embeddable":true,"href":"https:\/\/entrenotasyacordes.com\/index.php?rest_route=\/wp\/v2\/media\/16027"}],"wp:attachment":[{"href":"https:\/\/entrenotasyacordes.com\/index.php?rest_route=%2Fwp%2Fv2%2Fmedia&parent=16026"}],"wp:term":[{"taxonomy":"category","embeddable":true,"href":"https:\/\/entrenotasyacordes.com\/index.php?rest_route=%2Fwp%2Fv2%2Fcategories&post=16026"},{"taxonomy":"post_tag","embeddable":true,"href":"https:\/\/entrenotasyacordes.com\/index.php?rest_route=%2Fwp%2Fv2%2Ftags&post=16026"}],"curies":[{"name":"wp","href":"https:\/\/api.w.org\/{rel}","templated":true}]}}