{"id":16043,"date":"2025-07-01T08:31:00","date_gmt":"2025-07-01T08:31:00","guid":{"rendered":"https:\/\/entrenotasyacordes.com\/?p=16043"},"modified":"2025-12-08T14:55:02","modified_gmt":"2025-12-08T14:55:02","slug":"agus-bernasconi-presenta-la-ultima-cancion-junto-a-emanero","status":"publish","type":"post","link":"https:\/\/entrenotasyacordes.com\/?p=16043","title":{"rendered":"AGUS BERNASCONI Presenta La \u00faltima canci\u00f3n Junto a EMANERO"},"content":{"rendered":"\n<!--more-->\n\n\n<div class=\"wp-block-image\">\n<figure class=\"aligncenter size-full is-resized\"><img loading=\"lazy\" decoding=\"async\" width=\"940\" height=\"940\" src=\"https:\/\/entrenotasyacordes.com\/wp-content\/uploads\/2025\/07\/8aaa.jpg\" alt=\"\" class=\"wp-image-16044\" style=\"width:654px;height:auto\" srcset=\"https:\/\/entrenotasyacordes.com\/wp-content\/uploads\/2025\/07\/8aaa.jpg 940w, https:\/\/entrenotasyacordes.com\/wp-content\/uploads\/2025\/07\/8aaa-300x300.jpg 300w, https:\/\/entrenotasyacordes.com\/wp-content\/uploads\/2025\/07\/8aaa-150x150.jpg 150w, https:\/\/entrenotasyacordes.com\/wp-content\/uploads\/2025\/07\/8aaa-768x768.jpg 768w, https:\/\/entrenotasyacordes.com\/wp-content\/uploads\/2025\/07\/8aaa-50x50.jpg 50w\" sizes=\"auto, (max-width: 940px) 100vw, 940px\" \/><\/figure>\n<\/div>\n\n\n<p class=\"has-text-align-left\">Agus Bernasconi vuelve a sorprender, y esta vez junto a la compa\u00f1\u00eda de Emanero, para presentar \u201cLa \u00faltima canci\u00f3n\u201d.<\/p>\n\n\n\n<p>Luego del primer lanzamiento en su etapa solista con, <a href=\"https:\/\/open.spotify.com\/intl-es\/album\/6jYEnahntCeKNuKHD1r9am?si=pxl9gH3SSEei8tcRAjcNvA\">\u00abQu\u00e9 hice mal\u00bb<\/a>, Agus se sigue renovando con una propuesta que promete sorprender al p\u00fablico en colaboraci\u00f3n con uno de los artistas del momento.<\/p>\n\n\n\n<p>Se trata de un tema con <em>\u201caire de vals\u201d,<\/em> como el propio Agus define<em>: \u201cNecesitaba una canci\u00f3n que me devuelva un poco a mis ra\u00edces folcl\u00f3ricas. Se trata de una canci\u00f3n aut\u00e9ntica que naci\u00f3 sin pretender nada y se convirti\u00f3 enseguida en algo muy especial. De pronto escuchando la primera maqueta se me vino a la cabeza la voz de Fede, (Emanero) y desde ah\u00ed no par\u00e9 de imaginarlo en la canci\u00f3n. Me tom\u00e9 el atrevimiento de envi\u00e1rsela para que la escuche y enseguida me dijo que le encantaba, que la sent\u00eda una canci\u00f3n diferente. Coordinamos para meternos al estudio y ah\u00ed terminamos de darle forma, creo que cuando \u00e9l se sum\u00f3 al tema, lo puso en otro lugar, lo hizo crecer much\u00edsimo. Espero puedan disfrutar de esta canci\u00f3n tanto como nosotros\u201d.<\/em><\/p>\n\n\n\n<p>La producci\u00f3n es del mismo Agus Bernasconi junto a Nico Valdi y el videoclip fue dirigido por Bel\u00e9n Asad, quien presenta una pieza audiovisual super est\u00e9tica, que trae una atmosfera especial e inmersiva que eleva la canci\u00f3n a un nivel emocional y sensible que armoniza perfectamente con el sonido y la dulzura del tema.<\/p>\n\n\n\n<figure class=\"wp-block-embed is-type-video is-provider-youtube wp-block-embed-youtube wp-embed-aspect-16-9 wp-has-aspect-ratio\"><div class=\"wp-block-embed__wrapper\">\n<div class=\"epyt-video-wrapper\"><iframe loading=\"lazy\"  id=\"_ytid_73723\"  width=\"640\" height=\"360\"  data-origwidth=\"640\" data-origheight=\"360\" src=\"https:\/\/www.youtube.com\/embed\/DrRjLFlUYFk?enablejsapi=1&#038;autoplay=0&#038;cc_load_policy=0&#038;cc_lang_pref=&#038;iv_load_policy=1&#038;loop=0&#038;rel=1&#038;fs=1&#038;playsinline=0&#038;autohide=2&#038;theme=dark&#038;color=white&#038;controls=1&#038;\" class=\"__youtube_prefs__  epyt-is-override  no-lazyload\" data-vol=\"50\"  title=\"YouTube player\"  allow=\"fullscreen; accelerometer; autoplay; clipboard-write; encrypted-media; gyroscope; picture-in-picture; web-share\" referrerpolicy=\"strict-origin-when-cross-origin\" allowfullscreen data-no-lazy=\"1\" data-skipgform_ajax_framebjll=\"\"><\/iframe><\/div>\n<\/div><\/figure>\n\n\n\n<p>Cantautor, m\u00fasico y actor, Agus Bernasconi, naci\u00f3 el 15 de octubre de 1996 en la Provincia de C\u00f3rdoba, Argentina.<\/p>\n\n\n\n<p>Comenz\u00f3 su carrera desde muy chico, en el programa de televisi\u00f3n de competencia musical \u00abSo\u00f1ando Por Cantar\u00bb, donde mostr\u00f3 por primera vez su histrionismo y talento vocal. Luego obtuvo un enorme reconocimiento por su papel en la exitosa serie \u00abAliados\u00bb, creada por Cris Morena, y en 2015, fue seleccionado para formar parte del elenco de la telenovela de Disney \u00abSoy Luna\u00bb, lo que le otorg\u00f3 fama y prestigio internacional.<\/p>\n\n\n\n<p>Su carrera musical dio un salto cuando form\u00f3 el d\u00fao MYA, junto a Maxi Espindola, consolid\u00e1ndose como referente del Pop Latino, de Argentina para el mundo, contando con colaboraciones de artistas de la talla de Tini, Duki, Manuel Turizo, Emilia, Pedro Cap\u00f3, Feid, Dvicio, Leslie Grace, Rombai, Mau y Ricky, Abel Pintos, Soledad, La K&#8217;onga, Dread Mar I, Ulises Bueno y R\u00e1faga, entre muchos otros.<\/p>\n\n\n\n<p>El 2025 lo encuentra comenzando una nueva etapa en la que relanza su carrera musical como solista, en un mar de emociones en los que navegar\u00e1 por diversos g\u00e9neros y estilos, fieles a su talento y frescura, dando comienzo a un viaje personal \u00fanico y abrazado por todos sus fans.&nbsp;<\/p>\n","protected":false},"excerpt":{"rendered":"","protected":false},"author":5,"featured_media":16044,"comment_status":"closed","ping_status":"open","sticky":false,"template":"","format":"standard","meta":{"om_disable_all_campaigns":false,"_uf_show_specific_survey":0,"_uf_disable_surveys":false,"footnotes":""},"categories":[4],"tags":[],"class_list":["post-16043","post","type-post","status-publish","format-standard","has-post-thumbnail","hentry","category-musica"],"_links":{"self":[{"href":"https:\/\/entrenotasyacordes.com\/index.php?rest_route=\/wp\/v2\/posts\/16043","targetHints":{"allow":["GET"]}}],"collection":[{"href":"https:\/\/entrenotasyacordes.com\/index.php?rest_route=\/wp\/v2\/posts"}],"about":[{"href":"https:\/\/entrenotasyacordes.com\/index.php?rest_route=\/wp\/v2\/types\/post"}],"author":[{"embeddable":true,"href":"https:\/\/entrenotasyacordes.com\/index.php?rest_route=\/wp\/v2\/users\/5"}],"replies":[{"embeddable":true,"href":"https:\/\/entrenotasyacordes.com\/index.php?rest_route=%2Fwp%2Fv2%2Fcomments&post=16043"}],"version-history":[{"count":1,"href":"https:\/\/entrenotasyacordes.com\/index.php?rest_route=\/wp\/v2\/posts\/16043\/revisions"}],"predecessor-version":[{"id":16045,"href":"https:\/\/entrenotasyacordes.com\/index.php?rest_route=\/wp\/v2\/posts\/16043\/revisions\/16045"}],"wp:featuredmedia":[{"embeddable":true,"href":"https:\/\/entrenotasyacordes.com\/index.php?rest_route=\/wp\/v2\/media\/16044"}],"wp:attachment":[{"href":"https:\/\/entrenotasyacordes.com\/index.php?rest_route=%2Fwp%2Fv2%2Fmedia&parent=16043"}],"wp:term":[{"taxonomy":"category","embeddable":true,"href":"https:\/\/entrenotasyacordes.com\/index.php?rest_route=%2Fwp%2Fv2%2Fcategories&post=16043"},{"taxonomy":"post_tag","embeddable":true,"href":"https:\/\/entrenotasyacordes.com\/index.php?rest_route=%2Fwp%2Fv2%2Ftags&post=16043"}],"curies":[{"name":"wp","href":"https:\/\/api.w.org\/{rel}","templated":true}]}}