{"id":16066,"date":"2025-07-01T09:19:42","date_gmt":"2025-07-01T09:19:42","guid":{"rendered":"https:\/\/entrenotasyacordes.com\/?p=16066"},"modified":"2025-12-08T14:55:02","modified_gmt":"2025-12-08T14:55:02","slug":"myke-towers-presenta-expectativas-y-adelanta-lo-que-sera-su-proximo-album-de-estudio","status":"publish","type":"post","link":"https:\/\/entrenotasyacordes.com\/?p=16066","title":{"rendered":"MYKE TOWERS PRESENTA \u201cEXPECTATIVAS\u201d Y ADELANTA LO QUE SER\u00c1 SU PR\u00d3XIMO \u00c1LBUM DE ESTUDIO"},"content":{"rendered":"\n<!--more-->\n\n\n\n<p class=\"has-text-align-center\"><strong><em>El<\/em><\/strong> <strong><em>puertorrique\u00f1o refleja el enfoque creativo que definir\u00e1 su nueva producci\u00f3n discogr\u00e1fica<\/em><\/strong><\/p>\n\n\n<div class=\"wp-block-image\">\n<figure class=\"aligncenter size-full is-resized\"><img loading=\"lazy\" decoding=\"async\" width=\"2048\" height=\"2048\" src=\"https:\/\/entrenotasyacordes.com\/wp-content\/uploads\/2025\/07\/8ccc.jpg\" alt=\"\" class=\"wp-image-16067\" style=\"width:654px;height:auto\" srcset=\"https:\/\/entrenotasyacordes.com\/wp-content\/uploads\/2025\/07\/8ccc.jpg 2048w, https:\/\/entrenotasyacordes.com\/wp-content\/uploads\/2025\/07\/8ccc-300x300.jpg 300w, https:\/\/entrenotasyacordes.com\/wp-content\/uploads\/2025\/07\/8ccc-1024x1024.jpg 1024w, https:\/\/entrenotasyacordes.com\/wp-content\/uploads\/2025\/07\/8ccc-150x150.jpg 150w, https:\/\/entrenotasyacordes.com\/wp-content\/uploads\/2025\/07\/8ccc-768x768.jpg 768w, https:\/\/entrenotasyacordes.com\/wp-content\/uploads\/2025\/07\/8ccc-1536x1536.jpg 1536w, https:\/\/entrenotasyacordes.com\/wp-content\/uploads\/2025\/07\/8ccc-50x50.jpg 50w\" sizes=\"auto, (max-width: 2048px) 100vw, 2048px\" \/><\/figure>\n<\/div>\n\n\n<p>Luego del impacto radial y digital de \u201c<strong>Soleao<\/strong>\u201d, su colaboraci\u00f3n con <strong>Quevedo <\/strong>que esta semana alcanz\u00f3 el puesto <strong>#4 en Billboard Latin Pop Airplay <\/strong>y <strong>Latin Rhythm Airplay<\/strong>, adem\u00e1s del <strong>#19 en Latin Airplay<\/strong>, <strong>Myke Towers <\/strong>vuelve a la conversaci\u00f3n musical con \u201c<strong>Expectativas<\/strong>\u201d, un nuevo sencillo que revela otra faceta de su universo sonoro actual.<\/p>\n\n\n\n<p>Producida por <strong>Daramola <\/strong>y <strong>Moon Willis<\/strong>, \u201c<strong>Expectativas<\/strong>\u201d transita sobre una base de Afrobeat donde el flow de <strong>Myke <\/strong>se funde con una energ\u00eda emocional m\u00e1s introspectiva. La canci\u00f3n<\/p>\n\n\n\n<p>explora el terreno de las emociones complejas \u2014deseo, duda, vulnerabilidad\u2014 con una madurez art\u00edstica que confirma el momento creativo que atraviesa el artista puertorrique\u00f1o.<\/p>\n\n\n\n<p>El videoclip, filmado en Puerto Rico, muestra a <strong>Myke <\/strong>en la playa, entrelazado con escenas reales de la vida cotidiana en la isla: miradas, gestos y paisajes que construyen una narrativa aut\u00e9ntica, desde el coraz\u00f3n del Caribe. Es una representaci\u00f3n clara del esp\u00edritu que atraviesa esta nueva<\/p>\n\n\n\n<p>etapa de su carrera: una exploraci\u00f3n profunda de sus ra\u00edces, sus contrastes y su evoluci\u00f3n, en sinton\u00eda con el universo est\u00e9tico y conceptual de su pr\u00f3ximo proyecto, <strong><em>Island Boyz<\/em><\/strong>.<\/p>\n\n\n\n<p>Mientras \u201c<strong>Soleao<\/strong>\u201d sigue consolidando su presencia en la radio \u2014actualmente en el puesto <strong>#5 <\/strong>del <strong>Mediabase PR Market Chart<\/strong>\u2014 y cerr\u00f3 su paso por Europa con un sold out en Ushua\u00efa Ibiza, \u201c<strong>Expectativas<\/strong>\u201d marca un giro m\u00e1s \u00edntimo y sereno, sin perder el sello de contundencia y frescura que ha definido sus grandes \u00e9xitos.<\/p>\n\n\n\n<p><strong>Myke Towers<\/strong>, quien recientemente fue reconocido con dos premios en los <strong>Premios Tu M\u00fasica Urbano <\/strong>\u2014<em>Canci\u00f3n del A\u00f1o D\u00fao o Grupo <\/em>por \u201c<strong>La Ranger<\/strong>\u201d y <em>Canci\u00f3n Pop <\/em>por \u201c<strong>Degenere<\/strong>\u201d\u2014 demuestra que est\u00e1 navegando una etapa de total claridad creativa<\/p>\n\n\n\n<p>Adem\u00e1s, esta semana se confirm\u00f3 la participaci\u00f3n de <strong>Myke Towers <\/strong>en la pr\u00f3xima edici\u00f3n de<\/p>\n\n\n\n<p><strong>Billboard Latin Music Week<\/strong>, que se llevar\u00e1 a cabo del 20 al 25 de octubre en Miami Beach. \u201c<strong>Expectativas<\/strong>\u201d ya est\u00e1 disponible en todas las plataformas digitales<\/p>\n","protected":false},"excerpt":{"rendered":"","protected":false},"author":5,"featured_media":16067,"comment_status":"closed","ping_status":"open","sticky":false,"template":"","format":"standard","meta":{"om_disable_all_campaigns":false,"_uf_show_specific_survey":0,"_uf_disable_surveys":false,"footnotes":""},"categories":[4],"tags":[],"class_list":["post-16066","post","type-post","status-publish","format-standard","has-post-thumbnail","hentry","category-musica"],"_links":{"self":[{"href":"https:\/\/entrenotasyacordes.com\/index.php?rest_route=\/wp\/v2\/posts\/16066","targetHints":{"allow":["GET"]}}],"collection":[{"href":"https:\/\/entrenotasyacordes.com\/index.php?rest_route=\/wp\/v2\/posts"}],"about":[{"href":"https:\/\/entrenotasyacordes.com\/index.php?rest_route=\/wp\/v2\/types\/post"}],"author":[{"embeddable":true,"href":"https:\/\/entrenotasyacordes.com\/index.php?rest_route=\/wp\/v2\/users\/5"}],"replies":[{"embeddable":true,"href":"https:\/\/entrenotasyacordes.com\/index.php?rest_route=%2Fwp%2Fv2%2Fcomments&post=16066"}],"version-history":[{"count":1,"href":"https:\/\/entrenotasyacordes.com\/index.php?rest_route=\/wp\/v2\/posts\/16066\/revisions"}],"predecessor-version":[{"id":16068,"href":"https:\/\/entrenotasyacordes.com\/index.php?rest_route=\/wp\/v2\/posts\/16066\/revisions\/16068"}],"wp:featuredmedia":[{"embeddable":true,"href":"https:\/\/entrenotasyacordes.com\/index.php?rest_route=\/wp\/v2\/media\/16067"}],"wp:attachment":[{"href":"https:\/\/entrenotasyacordes.com\/index.php?rest_route=%2Fwp%2Fv2%2Fmedia&parent=16066"}],"wp:term":[{"taxonomy":"category","embeddable":true,"href":"https:\/\/entrenotasyacordes.com\/index.php?rest_route=%2Fwp%2Fv2%2Fcategories&post=16066"},{"taxonomy":"post_tag","embeddable":true,"href":"https:\/\/entrenotasyacordes.com\/index.php?rest_route=%2Fwp%2Fv2%2Ftags&post=16066"}],"curies":[{"name":"wp","href":"https:\/\/api.w.org\/{rel}","templated":true}]}}