{"id":16075,"date":"2025-07-01T09:35:37","date_gmt":"2025-07-01T09:35:37","guid":{"rendered":"https:\/\/entrenotasyacordes.com\/?p=16075"},"modified":"2025-12-08T14:55:02","modified_gmt":"2025-12-08T14:55:02","slug":"ave-fenix-se-presenta-el-12-de-julio-en-la-trastienda","status":"publish","type":"post","link":"https:\/\/entrenotasyacordes.com\/?p=16075","title":{"rendered":"\u00abAve Fenix\u00bb se presenta el 12 de julio en La Trastienda"},"content":{"rendered":"\n<!--more-->\n\n\n\n<p class=\"has-text-align-center\"><strong>EL CUARTETO DE CUERDAS QUE\u00a0ROMPE CON TODOS LOS ESTEREOTIPOS<br>CON LA DIRECCI\u00d3N MUSICAL DE MANUEL WIRZT<br>VIERNES 12 DE JULIO A LAS 20:30 HORAS\u00a0<br>LA TRASTIENDA<\/strong><\/p>\n\n\n<div class=\"wp-block-image\">\n<figure class=\"aligncenter size-full\"><img loading=\"lazy\" decoding=\"async\" width=\"1280\" height=\"1600\" src=\"https:\/\/entrenotasyacordes.com\/wp-content\/uploads\/2025\/07\/qHxperKcM1vWLBNkexQraJYgkmdRFs1tP80Bf0kX.webp\" alt=\"\" class=\"wp-image-16076\" srcset=\"https:\/\/entrenotasyacordes.com\/wp-content\/uploads\/2025\/07\/qHxperKcM1vWLBNkexQraJYgkmdRFs1tP80Bf0kX.webp 1280w, https:\/\/entrenotasyacordes.com\/wp-content\/uploads\/2025\/07\/qHxperKcM1vWLBNkexQraJYgkmdRFs1tP80Bf0kX-240x300.webp 240w, https:\/\/entrenotasyacordes.com\/wp-content\/uploads\/2025\/07\/qHxperKcM1vWLBNkexQraJYgkmdRFs1tP80Bf0kX-819x1024.webp 819w, https:\/\/entrenotasyacordes.com\/wp-content\/uploads\/2025\/07\/qHxperKcM1vWLBNkexQraJYgkmdRFs1tP80Bf0kX-768x960.webp 768w, https:\/\/entrenotasyacordes.com\/wp-content\/uploads\/2025\/07\/qHxperKcM1vWLBNkexQraJYgkmdRFs1tP80Bf0kX-1229x1536.webp 1229w, https:\/\/entrenotasyacordes.com\/wp-content\/uploads\/2025\/07\/qHxperKcM1vWLBNkexQraJYgkmdRFs1tP80Bf0kX-1024x1280.webp 1024w\" sizes=\"auto, (max-width: 1280px) 100vw, 1280px\" \/><\/figure>\n<\/div>\n\n\n<p><strong>AVE F\u00c9NIX<\/strong>&nbsp;es un cuarteto de cuerdas argentino de nivel internacional que desaf\u00eda todos los estereotipos en la interpretaci\u00f3n instrumental. Con un enfoque innovador y la direcci\u00f3n musical de&nbsp;<strong>Manuel Wirtz<\/strong>, el grupo aborda g\u00e9neros como el&nbsp;<strong>pop, rock, m\u00fasica electr\u00f3nica, de cine y cl\u00e1sicos universales<\/strong>, con una potencia esc\u00e9nica poco com\u00fan en formaciones tradicionales.<\/p>\n\n\n\n<p>El primer gran concierto del a\u00f1o ser\u00e1 el&nbsp;<strong>viernes 12 de julio a las 20:30 horas en La Trastienda<\/strong>&nbsp;(Balcarce 460, CABA). Las entradas est\u00e1n disponibles a trav\u00e9s de&nbsp;<strong><a href=\"https:\/\/tuentrada.com\/\">TuEntrada.com<\/a><\/strong>&nbsp;o en la boleter\u00eda del teatro.<\/p>\n\n\n\n<p><strong>Integrantes:<\/strong><br>1er Viol\u00edn: Valter Izzo<br>2do Viol\u00edn: Javier Kase<br>Viola: Pablo Raffo<br>Cello: Nicol\u00e1s Mu\u00f1oz<\/p>\n\n\n\n<p><strong>Arreglos musicales:<\/strong>\u00a0Pablo Raffo<\/p>\n\n\n\n<p>Una experiencia \u00fanica donde la excelencia acad\u00e9mica se encuentra con la energ\u00eda de los grandes shows populares.<\/p>\n\n\n<div class=\"wp-block-image\">\n<figure class=\"aligncenter size-full\"><img loading=\"lazy\" decoding=\"async\" width=\"1024\" height=\"1280\" src=\"https:\/\/entrenotasyacordes.com\/wp-content\/uploads\/2025\/07\/ZV1g5ghDms28g6hWmPmReFeTNIHPzCajfWw0KBsU.jpg\" alt=\"\" class=\"wp-image-16077\" srcset=\"https:\/\/entrenotasyacordes.com\/wp-content\/uploads\/2025\/07\/ZV1g5ghDms28g6hWmPmReFeTNIHPzCajfWw0KBsU.jpg 1024w, https:\/\/entrenotasyacordes.com\/wp-content\/uploads\/2025\/07\/ZV1g5ghDms28g6hWmPmReFeTNIHPzCajfWw0KBsU-240x300.jpg 240w, https:\/\/entrenotasyacordes.com\/wp-content\/uploads\/2025\/07\/ZV1g5ghDms28g6hWmPmReFeTNIHPzCajfWw0KBsU-819x1024.jpg 819w, https:\/\/entrenotasyacordes.com\/wp-content\/uploads\/2025\/07\/ZV1g5ghDms28g6hWmPmReFeTNIHPzCajfWw0KBsU-768x960.jpg 768w\" sizes=\"auto, (max-width: 1024px) 100vw, 1024px\" \/><\/figure>\n<\/div>\n\n\n<p><strong>THE FAM<\/strong><\/p>\n\n\n\n<p>Luego de una exitosa gira que culmin\u00f3 con un Teatro Astros completamente agotado, THE FAM entra en una nueva etapa creativa. Con una propuesta cada vez m\u00e1s madura y una identidad sonora en evoluci\u00f3n, la banda ya se encuentra trabajando en su tercer \u00e1lbum de estudio, apostando por un nuevo sonido que marca un giro audaz en su carrera. Con una base s\u00f3lida de fans, una est\u00e9tica visual reconocible y una discograf\u00eda que no para de crecer, la banda contin\u00faa consolid\u00e1ndose como una de las bandas j\u00f3venes con mayor proyecci\u00f3n regional, combinando frescura, ambici\u00f3n y autenticidad en cada paso.<\/p>\n\n\n\n<p>En esta nueva era y con el primer single de su nuevo trabajo de estudio, \u201cSiempre Lo Mismo\u201d, THE FAM se enfoca en lo esencial: canciones que dicen algo y suenan con peso. Composiciones que funcionan tanto en formato el\u00e9ctrico como ac\u00fastico, construidas con una l\u00f3gica clara y sin adornos. Una b\u00fasqueda honesta por hacer m\u00fasica que conecte desde lo real, con intenci\u00f3n y car\u00e1cter.<\/p>\n\n\n\n<figure class=\"wp-block-embed is-type-video is-provider-youtube wp-block-embed-youtube wp-embed-aspect-16-9 wp-has-aspect-ratio\"><div class=\"wp-block-embed__wrapper\">\n<div class=\"epyt-video-wrapper\"><iframe loading=\"lazy\"  id=\"_ytid_22190\"  width=\"640\" height=\"360\"  data-origwidth=\"640\" data-origheight=\"360\" src=\"https:\/\/www.youtube.com\/embed\/N1VrkJN0830?enablejsapi=1&#038;autoplay=0&#038;cc_load_policy=0&#038;cc_lang_pref=&#038;iv_load_policy=1&#038;loop=0&#038;rel=1&#038;fs=1&#038;playsinline=0&#038;autohide=2&#038;theme=dark&#038;color=white&#038;controls=1&#038;\" class=\"__youtube_prefs__  epyt-is-override  no-lazyload\" data-vol=\"50\"  title=\"YouTube player\"  allow=\"fullscreen; accelerometer; autoplay; clipboard-write; encrypted-media; gyroscope; picture-in-picture; web-share\" referrerpolicy=\"strict-origin-when-cross-origin\" allowfullscreen data-no-lazy=\"1\" data-skipgform_ajax_framebjll=\"\"><\/iframe><\/div>\n<\/div><\/figure>\n\n\n\n<p class=\"has-text-align-center\">Juntos, en una misma noche,<br>Un Verano y The FAM<br>proponen una experiencia poderosa y cat\u00e1rtica.<br>Un show donde la melancol\u00eda se mezcla con la fiesta,<br>las letras pegan hondo y el sonido en vivo<br>invita a cantar, saltar y emocionarse.<\/p>\n","protected":false},"excerpt":{"rendered":"","protected":false},"author":5,"featured_media":16077,"comment_status":"closed","ping_status":"open","sticky":false,"template":"","format":"standard","meta":{"om_disable_all_campaigns":false,"_uf_show_specific_survey":0,"_uf_disable_surveys":false,"footnotes":""},"categories":[36],"tags":[],"class_list":["post-16075","post","type-post","status-publish","format-standard","has-post-thumbnail","hentry","category-conciertos"],"_links":{"self":[{"href":"https:\/\/entrenotasyacordes.com\/index.php?rest_route=\/wp\/v2\/posts\/16075","targetHints":{"allow":["GET"]}}],"collection":[{"href":"https:\/\/entrenotasyacordes.com\/index.php?rest_route=\/wp\/v2\/posts"}],"about":[{"href":"https:\/\/entrenotasyacordes.com\/index.php?rest_route=\/wp\/v2\/types\/post"}],"author":[{"embeddable":true,"href":"https:\/\/entrenotasyacordes.com\/index.php?rest_route=\/wp\/v2\/users\/5"}],"replies":[{"embeddable":true,"href":"https:\/\/entrenotasyacordes.com\/index.php?rest_route=%2Fwp%2Fv2%2Fcomments&post=16075"}],"version-history":[{"count":1,"href":"https:\/\/entrenotasyacordes.com\/index.php?rest_route=\/wp\/v2\/posts\/16075\/revisions"}],"predecessor-version":[{"id":16078,"href":"https:\/\/entrenotasyacordes.com\/index.php?rest_route=\/wp\/v2\/posts\/16075\/revisions\/16078"}],"wp:featuredmedia":[{"embeddable":true,"href":"https:\/\/entrenotasyacordes.com\/index.php?rest_route=\/wp\/v2\/media\/16077"}],"wp:attachment":[{"href":"https:\/\/entrenotasyacordes.com\/index.php?rest_route=%2Fwp%2Fv2%2Fmedia&parent=16075"}],"wp:term":[{"taxonomy":"category","embeddable":true,"href":"https:\/\/entrenotasyacordes.com\/index.php?rest_route=%2Fwp%2Fv2%2Fcategories&post=16075"},{"taxonomy":"post_tag","embeddable":true,"href":"https:\/\/entrenotasyacordes.com\/index.php?rest_route=%2Fwp%2Fv2%2Ftags&post=16075"}],"curies":[{"name":"wp","href":"https:\/\/api.w.org\/{rel}","templated":true}]}}