{"id":16125,"date":"2025-07-08T18:58:11","date_gmt":"2025-07-08T18:58:11","guid":{"rendered":"https:\/\/entrenotasyacordes.com\/?p=16125"},"modified":"2025-12-08T14:55:02","modified_gmt":"2025-12-08T14:55:02","slug":"rocio-igarzabal-presenta-volare-el-tema-que-cierra-su-nuevo-ep-con-un-homenaje-muy-especial-a-su-historia","status":"publish","type":"post","link":"https:\/\/entrenotasyacordes.com\/?p=16125","title":{"rendered":"ROCIO IGARZABAL PRESENTA \u00abVOLARE\u00bb, EL TEMA QUE CIERRA SU NUEVO EP, CON UN HOMENAJE MUY ESPECIAL A SU HISTORIA"},"content":{"rendered":"\n<!--more-->\n\n\n<div class=\"wp-block-image\">\n<figure class=\"aligncenter size-full is-resized\"><img loading=\"lazy\" decoding=\"async\" width=\"1080\" height=\"1080\" src=\"https:\/\/entrenotasyacordes.com\/wp-content\/uploads\/2025\/07\/1751384146720-1751382696696-PORTADA-VOLARE.jpeg\" alt=\"\" class=\"wp-image-16126\" style=\"width:654px;height:auto\" srcset=\"https:\/\/entrenotasyacordes.com\/wp-content\/uploads\/2025\/07\/1751384146720-1751382696696-PORTADA-VOLARE.jpeg 1080w, https:\/\/entrenotasyacordes.com\/wp-content\/uploads\/2025\/07\/1751384146720-1751382696696-PORTADA-VOLARE-300x300.jpeg 300w, https:\/\/entrenotasyacordes.com\/wp-content\/uploads\/2025\/07\/1751384146720-1751382696696-PORTADA-VOLARE-1024x1024.jpeg 1024w, https:\/\/entrenotasyacordes.com\/wp-content\/uploads\/2025\/07\/1751384146720-1751382696696-PORTADA-VOLARE-150x150.jpeg 150w, https:\/\/entrenotasyacordes.com\/wp-content\/uploads\/2025\/07\/1751384146720-1751382696696-PORTADA-VOLARE-768x768.jpeg 768w, https:\/\/entrenotasyacordes.com\/wp-content\/uploads\/2025\/07\/1751384146720-1751382696696-PORTADA-VOLARE-50x50.jpeg 50w\" sizes=\"auto, (max-width: 1080px) 100vw, 1080px\" \/><\/figure>\n<\/div>\n\n\n<p class=\"has-text-align-left\">Roc\u00edo Igarz\u00e1bal lanza \u00abVolare\u00bb, el \u00faltimo adelanto de su nuevo EP y el que le da nombre. Se trata de una reversi\u00f3n luminosa y festiva del cl\u00e1sico \u201cVolare (Nel blu dipinto di blu)\u201d de Dom\u00e9nico Modugno, que en esta oportunidad cuenta con la participaci\u00f3n de Alex Ferreira.<\/p>\n\n\n\n<p>El EP Volare est\u00e1 compuesto por cuatro canciones, todas en colaboraci\u00f3n con artistas invitados: \u201c<em>Amor Libre<\/em>\u201d junto a&nbsp;<strong>Lola Parda<\/strong>, \u201c&nbsp;<em>Hacia el Sur<\/em>\u201d ft&nbsp;<strong>Sof\u00eda Campos<\/strong>&nbsp;y \u201c<em>Amor, Perd\u00f3n<\/em>\u201d con&nbsp;<strong>Zen\u00f3n Pereyra<\/strong>. Cada uno de estos temas despliega matices emocionales y sonoros \u00fanicos, pero el cierre con \u00ab<em>Volare\u00bb<\/em>&nbsp;funciona como una s\u00edntesis sensible de todo el recorrido.<\/p>\n\n\n\n<p>La elecci\u00f3n de esta canci\u00f3n tiene un significado muy especial para Roc\u00edo. Como siempre, el vuelo, el cielo, los viajes y los p\u00e1jaros est\u00e1n presentes como parte de la identidad creativa y esencial de Rochi y en este \u00faltimo lanzamiento se entrelazan tambi\u00e9n con su historia con sus abuelos, logrando una uni\u00f3n muy especial entre lo \u00edntimo, lo emotivo y lo colectivo. Emocionante pero tambi\u00e9n muy alegre, esta versi\u00f3n de Volare nos invita a todos a sumarnos a cantar.<\/p>\n\n\n\n<p class=\"has-text-align-left\">\u201c<em>El t\u00edtulo Volare tiene mucho significado para mi. Se relaciona con recuerdos lindos de mi infancia, con una esencia que me caracteriza: mi amor por los viajes, por la curiosidad de salir al mundo, de cantar siempre lo que siento. Me siento un poco p\u00e1jaro y esta palabra me significa todo eso y m\u00e1s<\/em>.\u201d&nbsp;<\/p>\n\n\n<div class=\"wp-block-image\">\n<figure class=\"aligncenter size-full is-resized\"><img loading=\"lazy\" decoding=\"async\" width=\"568\" height=\"782\" src=\"https:\/\/entrenotasyacordes.com\/wp-content\/uploads\/2025\/07\/1751402636265-RI.png\" alt=\"\" class=\"wp-image-16127\" style=\"width:654px;height:auto\" srcset=\"https:\/\/entrenotasyacordes.com\/wp-content\/uploads\/2025\/07\/1751402636265-RI.png 568w, https:\/\/entrenotasyacordes.com\/wp-content\/uploads\/2025\/07\/1751402636265-RI-218x300.png 218w\" sizes=\"auto, (max-width: 568px) 100vw, 568px\" \/><\/figure>\n<\/div>\n\n\n<p>Fiel a su estilo pero siempre en evoluci\u00f3n, Roc\u00edo contin\u00faa expandiendo su universo musical. Este nuevo EP marca una etapa de transici\u00f3n entre sus ra\u00edces en los sonidos latinos y una exploraci\u00f3n m\u00e1s moderna, sin perder calidez ni autenticidad.<\/p>\n\n\n\n<p>\u201c<em>&nbsp;Este disco es una transici\u00f3n. Cada canci\u00f3n contiene un momento de decisiones muy personales que van marcando un camino nuevo a nivel sonoro e interpretativo. La canci\u00f3n que dice, que habla, que te lleva a un lugar \u00edntimo de conversaci\u00f3n. Que sea agradable y que sorprenda al o\u00eddo. Creo que es un EP \u00abPUENTE\u00bb que le da lugar a las canciones nuevas que vendr\u00e1n en un disco no muy lejano. Explorando nuevos estilos<\/em>.\u201d<\/p>\n\n\n\n<p>Actualmente, Roc\u00edo ya se encuentra trabajando en su pr\u00f3ximo disco junto al productor Mat\u00edas Cella, consolidando as\u00ed una nueva etapa art\u00edstica y b\u00fasqueda personal.<\/p>\n\n\n\n<p>En paralelo al lanzamiento, Roc\u00edo sorprendi\u00f3 en redes sociales con una divertida acci\u00f3n: una camisa intervenida con la palabra VOLARE fue apareciendo en diferentes rincones de la ciudad, despertando la curiosidad de sus seguidores. Esta camisa, que form\u00f3 parte de los vestuarios de esta etapa, tambi\u00e9n tiene un rol clave en el videoclip oficial de la canci\u00f3n.<\/p>\n\n\n<div class=\"wp-block-image\">\n<figure class=\"aligncenter size-full is-resized\"><img loading=\"lazy\" decoding=\"async\" width=\"568\" height=\"758\" src=\"https:\/\/entrenotasyacordes.com\/wp-content\/uploads\/2025\/07\/1751402747363-RI2.png\" alt=\"\" class=\"wp-image-16128\" style=\"width:654px;height:auto\" srcset=\"https:\/\/entrenotasyacordes.com\/wp-content\/uploads\/2025\/07\/1751402747363-RI2.png 568w, https:\/\/entrenotasyacordes.com\/wp-content\/uploads\/2025\/07\/1751402747363-RI2-225x300.png 225w\" sizes=\"auto, (max-width: 568px) 100vw, 568px\" \/><\/figure>\n<\/div>\n\n\n<p><strong>SOBRE ROC\u00cdO IGARZABAL<\/strong>:<\/p>\n\n\n\n<p><strong>Rocio Igarzabal<\/strong>&nbsp;es una artista multifac\u00e9tica. Supo destacarse en \u00e9xitos televisivos, cinematogr\u00e1ficos y teatrales como actriz y cantante (<strong>Casi Angeles, Dulce amor, Taxxi, El Desaf\u00edo, El violinista en el tejado<\/strong>, etc.) pero sin duda donde m\u00e1s se refleja su esencia y su autenticidad es en su carrera musical. Luego de recorrer el mundo haciendo shows con el grupo&nbsp;<strong>Teen Angels<\/strong>&nbsp;, hizo un gira 360\u00b0 y renunciando a todo, se fue a M\u00e9xico para conectarse con sus verdaderas ra\u00edces.<br>&nbsp;<br>All\u00ed comenz\u00f3 su carrera como solista cantando en bares sus canciones y recorriendo varios estados como Quintana Roo donde hizo el opening del show de Los Aut\u00e9nticos Decadentes en Canc\u00fan.<br>Un a\u00f1o m\u00e1s tarde, en 2017 la m\u00fasica regres\u00f3 a Argentina para lanzar su primer disco \u201c<em>Entre Los \u00c1rboles<\/em>\u201d (producido por&nbsp;<strong>Emmanuel Cauvet<\/strong>, m\u00fasico de S<strong>tanley Clarke, Gustavo Cerati, Fito Paez, Shakira,<\/strong>&nbsp;etc.) el cual le permiti\u00f3 con una extensa gira presentarse en numerosos escenarios del pa\u00eds y del exterior (<strong>Teatro Col\u00f3n<\/strong>&nbsp;como artista telonera de&nbsp;<strong>Caf\u00e9 Tacvba<\/strong>,&nbsp;<strong>La Trastienda Montevideo<\/strong>,&nbsp;<strong>CCSI, CCR<\/strong>&nbsp;, entre otros) y volvi\u00f3 a concentrar su energ\u00edas en el estudio para seguir profundizando una identidad musical que la conecta con sus ra\u00edces latinoamericanas.<br>Gracias a esto, en 2018 lanz\u00f3 \u201cVuelve\u201d, y en 2019 una versi\u00f3n abolerada del cl\u00e1sico&nbsp;<em>\u201cEl d\u00eda que me quieras<\/em>\u201d de&nbsp;<strong>Carlos Gardel&nbsp;<\/strong>y \u201c<em>Sin tu querer<\/em>\u201d con un interesante y elaborado videoclip y paralelamente fue convocada para colaborar en discos y shows de grandes artistas&nbsp;<strong>Muerdo<\/strong>&nbsp;(ES),&nbsp;<strong>Siete<\/strong>&nbsp;(Puerto Rico),<strong>&nbsp;Bahiano, Matias Zapata, Lara Pedrosa, Monsieur Perine, Silvina Moreno<\/strong>).<br>En el 2022, la cantautora present\u00f3 su segundo trabajo discogr\u00e1fico \u00abQue Me Hablen De Amor\u00bb que incluy\u00f3 colaboraciones con Mel Mu\u00f1iz, POTRA y Santiago Prieto Sarabia (de Monsieur Perin\u00e9).<br>&nbsp;<br>Recientemente, lanz\u00f3 la versi\u00f3n deluxe \u00ab<em>Que Me Hablen De Amor<\/em>\u00bb (Edici\u00f3n Lujo) que incluye dos canciones in\u00e9ditas.<br>Complementando su lado musical,&nbsp;<strong>Roc\u00edo<\/strong>&nbsp;es imparable: fue host junto a&nbsp;<strong>Marley<\/strong>&nbsp;de La&nbsp;<strong>Voz Argentina<\/strong>&nbsp;(2022) y en septiembre viaj\u00f3 a Israel como invitada estrella del show del cantante israel\u00ed&nbsp;<strong>Chen Aharoni<\/strong>&nbsp;junto a&nbsp;<strong>Florencia Bertotti&nbsp;<\/strong>y&nbsp;<strong>Felipe Colombo<\/strong>, particip\u00f3 a fines del a\u00f1o pasado en el disco homenaje a&nbsp;<strong>Gilda<\/strong>&nbsp;(producido por&nbsp;<strong>Lito Vitale<\/strong>, 2021), fue rol protag\u00f3nico en la pel\u00edcula \u00abEncontrados\u00bb (2020) y particip\u00f3 en el nuevo disco de&nbsp;<strong>Bahiano<\/strong>&nbsp;(2019).<br>&nbsp;<br>En el 2023 form\u00f3 parte del rodaje de \u201cLa Luz de las Bengalas\u201d con el rol protag\u00f3nico junto a&nbsp;<strong>Mirta Busnelli , Luis Machin, Fabian Arenillas, Vico D\u2019 Alessandro y Tony Gelaber<\/strong>t.<br>&nbsp;<br>En el 2024 realiz\u00f3 temporada de verano en&nbsp;<strong>Paseo La Plaza&nbsp;<\/strong>con la comedia \u201c<em>Permitidos<\/em>\u201d dirigida por&nbsp;<strong>Peto Menahem<\/strong>.<br>&nbsp;<br>En 2025 particip\u00f3 en la serie sobre la vida de Yiya Murano, que pr\u00f3ximamente se estrenar\u00e1 en plataformas.<\/p>\n\n\n\n<figure class=\"wp-block-embed is-type-video is-provider-youtube wp-block-embed-youtube wp-embed-aspect-16-9 wp-has-aspect-ratio\"><div class=\"wp-block-embed__wrapper\">\n<div class=\"epyt-video-wrapper\"><iframe loading=\"lazy\"  id=\"_ytid_48677\"  width=\"640\" height=\"360\"  data-origwidth=\"640\" data-origheight=\"360\" src=\"https:\/\/www.youtube.com\/embed\/uwJMziDrVb0?enablejsapi=1&#038;autoplay=0&#038;cc_load_policy=0&#038;cc_lang_pref=&#038;iv_load_policy=1&#038;loop=0&#038;rel=1&#038;fs=1&#038;playsinline=0&#038;autohide=2&#038;theme=dark&#038;color=white&#038;controls=1&#038;\" class=\"__youtube_prefs__  epyt-is-override  no-lazyload\" data-vol=\"50\"  title=\"YouTube player\"  allow=\"fullscreen; accelerometer; autoplay; clipboard-write; encrypted-media; gyroscope; picture-in-picture; web-share\" referrerpolicy=\"strict-origin-when-cross-origin\" allowfullscreen data-no-lazy=\"1\" data-skipgform_ajax_framebjll=\"\"><\/iframe><\/div>\n<\/div><\/figure>\n","protected":false},"excerpt":{"rendered":"","protected":false},"author":5,"featured_media":16126,"comment_status":"closed","ping_status":"open","sticky":false,"template":"","format":"standard","meta":{"om_disable_all_campaigns":false,"_uf_show_specific_survey":0,"_uf_disable_surveys":false,"footnotes":""},"categories":[4],"tags":[],"class_list":["post-16125","post","type-post","status-publish","format-standard","has-post-thumbnail","hentry","category-musica"],"_links":{"self":[{"href":"https:\/\/entrenotasyacordes.com\/index.php?rest_route=\/wp\/v2\/posts\/16125","targetHints":{"allow":["GET"]}}],"collection":[{"href":"https:\/\/entrenotasyacordes.com\/index.php?rest_route=\/wp\/v2\/posts"}],"about":[{"href":"https:\/\/entrenotasyacordes.com\/index.php?rest_route=\/wp\/v2\/types\/post"}],"author":[{"embeddable":true,"href":"https:\/\/entrenotasyacordes.com\/index.php?rest_route=\/wp\/v2\/users\/5"}],"replies":[{"embeddable":true,"href":"https:\/\/entrenotasyacordes.com\/index.php?rest_route=%2Fwp%2Fv2%2Fcomments&post=16125"}],"version-history":[{"count":1,"href":"https:\/\/entrenotasyacordes.com\/index.php?rest_route=\/wp\/v2\/posts\/16125\/revisions"}],"predecessor-version":[{"id":16129,"href":"https:\/\/entrenotasyacordes.com\/index.php?rest_route=\/wp\/v2\/posts\/16125\/revisions\/16129"}],"wp:featuredmedia":[{"embeddable":true,"href":"https:\/\/entrenotasyacordes.com\/index.php?rest_route=\/wp\/v2\/media\/16126"}],"wp:attachment":[{"href":"https:\/\/entrenotasyacordes.com\/index.php?rest_route=%2Fwp%2Fv2%2Fmedia&parent=16125"}],"wp:term":[{"taxonomy":"category","embeddable":true,"href":"https:\/\/entrenotasyacordes.com\/index.php?rest_route=%2Fwp%2Fv2%2Fcategories&post=16125"},{"taxonomy":"post_tag","embeddable":true,"href":"https:\/\/entrenotasyacordes.com\/index.php?rest_route=%2Fwp%2Fv2%2Ftags&post=16125"}],"curies":[{"name":"wp","href":"https:\/\/api.w.org\/{rel}","templated":true}]}}