{"id":16130,"date":"2025-07-08T19:11:03","date_gmt":"2025-07-08T19:11:03","guid":{"rendered":"https:\/\/entrenotasyacordes.com\/?p=16130"},"modified":"2025-12-08T14:54:44","modified_gmt":"2025-12-08T14:54:44","slug":"tony-di-marco-presenta-ella-no-vino","status":"publish","type":"post","link":"https:\/\/entrenotasyacordes.com\/?p=16130","title":{"rendered":"TONY DI MARCO PRESENTA \u201cELLA NO VINO\u201d"},"content":{"rendered":"\n<!--more-->\n\n\n<div class=\"wp-block-image\">\n<figure class=\"aligncenter size-full is-resized\"><img loading=\"lazy\" decoding=\"async\" width=\"1280\" height=\"1280\" src=\"https:\/\/entrenotasyacordes.com\/wp-content\/uploads\/2025\/07\/8d.jpg\" alt=\"\" class=\"wp-image-16131\" style=\"width:654px;height:auto\" srcset=\"https:\/\/entrenotasyacordes.com\/wp-content\/uploads\/2025\/07\/8d.jpg 1280w, https:\/\/entrenotasyacordes.com\/wp-content\/uploads\/2025\/07\/8d-300x300.jpg 300w, https:\/\/entrenotasyacordes.com\/wp-content\/uploads\/2025\/07\/8d-1024x1024.jpg 1024w, https:\/\/entrenotasyacordes.com\/wp-content\/uploads\/2025\/07\/8d-150x150.jpg 150w, https:\/\/entrenotasyacordes.com\/wp-content\/uploads\/2025\/07\/8d-768x768.jpg 768w, https:\/\/entrenotasyacordes.com\/wp-content\/uploads\/2025\/07\/8d-50x50.jpg 50w\" sizes=\"auto, (max-width: 1280px) 100vw, 1280px\" \/><\/figure>\n<\/div>\n\n\n<p class=\"has-text-align-center\"><em><strong>Cumbia rom\u00e1ntica, fresca y con humor, ideal para los que alguna vez se quedaron esperando (s\u00ed, vos tambi\u00e9n).<\/strong><\/em><\/p>\n\n\n\n<p>El cantante y compositor <strong>Tony Di Marco<\/strong>, artista emergente de la escena tropical argentina, estrena su nuevo sencillo <strong>\u201cElla no vino\u201d<\/strong>, una cumbia moderna, pegadiza y emocional que mezcla sabor popular con una historia que nos toc\u00f3 a todos: cuando organizas todo para un encuentro\u2026 y no aparece.<\/p>\n\n\n\n<figure class=\"wp-block-embed is-type-video is-provider-youtube wp-block-embed-youtube wp-embed-aspect-16-9 wp-has-aspect-ratio\"><div class=\"wp-block-embed__wrapper\">\n<div class=\"epyt-video-wrapper\"><iframe loading=\"lazy\"  id=\"_ytid_85998\"  width=\"640\" height=\"360\"  data-origwidth=\"640\" data-origheight=\"360\" src=\"https:\/\/www.youtube.com\/embed\/q1pxegZ0ZMs?enablejsapi=1&#038;autoplay=0&#038;cc_load_policy=0&#038;cc_lang_pref=&#038;iv_load_policy=1&#038;loop=0&#038;rel=1&#038;fs=1&#038;playsinline=0&#038;autohide=2&#038;theme=dark&#038;color=white&#038;controls=1&#038;\" class=\"__youtube_prefs__  epyt-is-override  no-lazyload\" data-vol=\"50\"  title=\"YouTube player\"  allow=\"fullscreen; accelerometer; autoplay; clipboard-write; encrypted-media; gyroscope; picture-in-picture; web-share\" referrerpolicy=\"strict-origin-when-cross-origin\" allowfullscreen data-no-lazy=\"1\" data-skipgform_ajax_framebjll=\"\"><\/iframe><\/div>\n<\/div><\/figure>\n\n\n\n<p>Con producci\u00f3n actual y ritmo contagioso, \u201cElla no vino\u201d trae letra con picard\u00eda, melod\u00eda para corear desde la primera escucha y una est\u00e9tica muy visual que hace que te imagines la escena entera: cena rom\u00e1ntica lista, velas encendidas, el vino destapado\u2026 y \u00e9l solo, mirando la ventana.<\/p>\n\n\n\n<p>\u201cEste tema naci\u00f3 de una historia muy real. No quer\u00eda hacer drama, quer\u00eda contarla como es, con m\u00fasica que te haga bailar aunque te hayan dejado plantado. Esa mezcla me define mucho\u201d, cuenta Tony.<\/p>\n\n\n\n<p><strong>SOBRE TONY DI MARCO<\/strong><\/p>\n\n\n\n<p>Argentino, nacido en La Plata, <strong>Tony Di Marco<\/strong> es un artista en desarrollo que ya ha explorado distintos g\u00e9neros como la balada y la ranchera con gran respuesta del p\u00fablico en plataformas. Con \u201cElla no vino\u201d da un salto hacia la m\u00fasica tropical, sin perder su marca personal: canciones sinceras, populares y cantables.<\/p>\n\n\n\n<p>Tiene una voz c\u00e1lida, compone sus propios temas y apuesta a consolidar una identidad dentro de la m\u00fasica latina local con proyecci\u00f3n internacional.<\/p>\n","protected":false},"excerpt":{"rendered":"","protected":false},"author":5,"featured_media":16131,"comment_status":"closed","ping_status":"open","sticky":false,"template":"","format":"standard","meta":{"om_disable_all_campaigns":false,"_uf_show_specific_survey":0,"_uf_disable_surveys":false,"footnotes":""},"categories":[4],"tags":[],"class_list":["post-16130","post","type-post","status-publish","format-standard","has-post-thumbnail","hentry","category-musica"],"_links":{"self":[{"href":"https:\/\/entrenotasyacordes.com\/index.php?rest_route=\/wp\/v2\/posts\/16130","targetHints":{"allow":["GET"]}}],"collection":[{"href":"https:\/\/entrenotasyacordes.com\/index.php?rest_route=\/wp\/v2\/posts"}],"about":[{"href":"https:\/\/entrenotasyacordes.com\/index.php?rest_route=\/wp\/v2\/types\/post"}],"author":[{"embeddable":true,"href":"https:\/\/entrenotasyacordes.com\/index.php?rest_route=\/wp\/v2\/users\/5"}],"replies":[{"embeddable":true,"href":"https:\/\/entrenotasyacordes.com\/index.php?rest_route=%2Fwp%2Fv2%2Fcomments&post=16130"}],"version-history":[{"count":1,"href":"https:\/\/entrenotasyacordes.com\/index.php?rest_route=\/wp\/v2\/posts\/16130\/revisions"}],"predecessor-version":[{"id":16132,"href":"https:\/\/entrenotasyacordes.com\/index.php?rest_route=\/wp\/v2\/posts\/16130\/revisions\/16132"}],"wp:featuredmedia":[{"embeddable":true,"href":"https:\/\/entrenotasyacordes.com\/index.php?rest_route=\/wp\/v2\/media\/16131"}],"wp:attachment":[{"href":"https:\/\/entrenotasyacordes.com\/index.php?rest_route=%2Fwp%2Fv2%2Fmedia&parent=16130"}],"wp:term":[{"taxonomy":"category","embeddable":true,"href":"https:\/\/entrenotasyacordes.com\/index.php?rest_route=%2Fwp%2Fv2%2Fcategories&post=16130"},{"taxonomy":"post_tag","embeddable":true,"href":"https:\/\/entrenotasyacordes.com\/index.php?rest_route=%2Fwp%2Fv2%2Ftags&post=16130"}],"curies":[{"name":"wp","href":"https:\/\/api.w.org\/{rel}","templated":true}]}}