{"id":16346,"date":"2025-07-23T16:11:59","date_gmt":"2025-07-23T16:11:59","guid":{"rendered":"https:\/\/entrenotasyacordes.com\/?p=16346"},"modified":"2025-07-23T16:12:00","modified_gmt":"2025-07-23T16:12:00","slug":"bronceador-el-nuevo-himno-sensual-de-maluma-que-te-pondra-caliente-este-verano","status":"publish","type":"post","link":"https:\/\/entrenotasyacordes.com\/?p=16346","title":{"rendered":"\u201cBRONCEADOR\u201d EL NUEVO HIMNO SENSUAL DE MALUMA QUE TE PONDR\u00c1 CALIENTE ESTE VERANO"},"content":{"rendered":"\n<!--more-->\n\n\n<div class=\"wp-block-image\">\n<figure class=\"aligncenter size-full is-resized\"><img loading=\"lazy\" decoding=\"async\" width=\"612\" height=\"611\" src=\"https:\/\/entrenotasyacordes.com\/wp-content\/uploads\/2025\/07\/9dddd.jpg\" alt=\"\" class=\"wp-image-16347\" style=\"width:654px;height:auto\" srcset=\"https:\/\/entrenotasyacordes.com\/wp-content\/uploads\/2025\/07\/9dddd.jpg 612w, https:\/\/entrenotasyacordes.com\/wp-content\/uploads\/2025\/07\/9dddd-300x300.jpg 300w, https:\/\/entrenotasyacordes.com\/wp-content\/uploads\/2025\/07\/9dddd-150x150.jpg 150w, https:\/\/entrenotasyacordes.com\/wp-content\/uploads\/2025\/07\/9dddd-50x50.jpg 50w\" sizes=\"auto, (max-width: 612px) 100vw, 612px\" \/><\/figure>\n<\/div>\n\n\n<p class=\"has-text-align-left\"><strong>Maluma<\/strong>, el aclamado \u00edcono de la m\u00fasica latina, lanza \u201c<strong>Bronceador<\/strong>\u201d, una canci\u00f3n destinada a convertirse en la banda sonora oficial del verano. Este sencillo, que evoca la frescura y seducci\u00f3n de sus grandes \u00e9xitos como \u201c<strong>La Temperatura<\/strong>\u201d, \u201c<strong>Carnaval<\/strong>\u201d y \u201c<strong>Coco Loco<\/strong>\u201d, es una oda a la alegr\u00eda y la calidez caribe\u00f1a de los latinos.<\/p>\n\n\n\n<p class=\"has-text-align-left\">Producida por MadMusick, Majestik, Ily Wonder y Los Jaycobz, \u201c<strong>Bronceador<\/strong>\u201d es una explosi\u00f3n de ritmo, calor y romance. La canci\u00f3n narra un coqueteo veraniego donde Maluma intenta conquistar a una chica en medio de la vibrante energ\u00eda de Cartagena, con un sonido contagioso que invita a bailar desde el primer beat.<\/p>\n\n\n<div class=\"wp-block-image\">\n<figure class=\"aligncenter size-full is-resized\"><img loading=\"lazy\" decoding=\"async\" width=\"2048\" height=\"1365\" src=\"https:\/\/entrenotasyacordes.com\/wp-content\/uploads\/2025\/07\/9ddddd.jpg\" alt=\"\" class=\"wp-image-16348\" style=\"width:654px;height:auto\" srcset=\"https:\/\/entrenotasyacordes.com\/wp-content\/uploads\/2025\/07\/9ddddd.jpg 2048w, https:\/\/entrenotasyacordes.com\/wp-content\/uploads\/2025\/07\/9ddddd-300x200.jpg 300w, https:\/\/entrenotasyacordes.com\/wp-content\/uploads\/2025\/07\/9ddddd-1024x683.jpg 1024w, https:\/\/entrenotasyacordes.com\/wp-content\/uploads\/2025\/07\/9ddddd-768x512.jpg 768w, https:\/\/entrenotasyacordes.com\/wp-content\/uploads\/2025\/07\/9ddddd-1536x1024.jpg 1536w\" sizes=\"auto, (max-width: 2048px) 100vw, 2048px\" \/><figcaption class=\"wp-element-caption\">Fot\u00f3grafo: David Bernal<\/figcaption><\/figure>\n<\/div>\n\n\n<p class=\"has-text-align-left\">El videoclip, protagonizado por la top model <strong>Ariadna Guti\u00e9rrez <\/strong>y la participaci\u00f3n de las creadoras de contenido Tammy Parra y Daniela Dur\u00e1n, fue dirigido por Cesar Pimienta \u201cTes\u201d, grabado en las coloridas calles de Cartagena; se estrena este <strong>17 de julio de 2025<\/strong>.<\/p>\n\n\n\n<p>Esta pieza visual, llena de vida y sabor caribe\u00f1o, muestra un recorrido que culmina con Maluma conquistando a la ex Miss Colombia, quien interpreta a la misteriosa protagonista de este romance tropical, en medio de atardeceres dorados y una multitudinaria fiesta.<\/p>\n\n\n\n<p>Con \u201cBronceador\u201d, Maluma no solo reafirma su talento para crear himnos de temporada, sino que tambi\u00e9n rinde homenaje a la alegr\u00eda y calidez de su tierra.<\/p>\n\n\n\n<p><strong>Escucha \u201cBronceador\u201d y d\u00e9jate llevar por el ritmo del verano<\/strong><\/p>\n\n\n\n<p><strong><u>Pr\u00f3ximas presentaciones + Pretty + Dirty Word Tour 2025<\/u><\/strong><br>6 de agosto: Ciudad de M\u00e9xico<br>8 de agosto: Ciudad de M\u00e8xico<br>9 de agosto: Ciudad de M\u00e9xico <br>13 de agosto: Monterrey<br>15 de agosto: Guadalajara<br>16 de agosto: Guadalajara <br>23 de agosto: San Salvador, El Salvador<\/p>\n\n\n\n<p><\/p>\n","protected":false},"excerpt":{"rendered":"","protected":false},"author":5,"featured_media":16347,"comment_status":"open","ping_status":"open","sticky":false,"template":"","format":"standard","meta":{"om_disable_all_campaigns":false,"_uf_show_specific_survey":0,"_uf_disable_surveys":false,"footnotes":""},"categories":[4],"tags":[],"class_list":["post-16346","post","type-post","status-publish","format-standard","has-post-thumbnail","hentry","category-musica"],"_links":{"self":[{"href":"https:\/\/entrenotasyacordes.com\/index.php?rest_route=\/wp\/v2\/posts\/16346","targetHints":{"allow":["GET"]}}],"collection":[{"href":"https:\/\/entrenotasyacordes.com\/index.php?rest_route=\/wp\/v2\/posts"}],"about":[{"href":"https:\/\/entrenotasyacordes.com\/index.php?rest_route=\/wp\/v2\/types\/post"}],"author":[{"embeddable":true,"href":"https:\/\/entrenotasyacordes.com\/index.php?rest_route=\/wp\/v2\/users\/5"}],"replies":[{"embeddable":true,"href":"https:\/\/entrenotasyacordes.com\/index.php?rest_route=%2Fwp%2Fv2%2Fcomments&post=16346"}],"version-history":[{"count":1,"href":"https:\/\/entrenotasyacordes.com\/index.php?rest_route=\/wp\/v2\/posts\/16346\/revisions"}],"predecessor-version":[{"id":16349,"href":"https:\/\/entrenotasyacordes.com\/index.php?rest_route=\/wp\/v2\/posts\/16346\/revisions\/16349"}],"wp:featuredmedia":[{"embeddable":true,"href":"https:\/\/entrenotasyacordes.com\/index.php?rest_route=\/wp\/v2\/media\/16347"}],"wp:attachment":[{"href":"https:\/\/entrenotasyacordes.com\/index.php?rest_route=%2Fwp%2Fv2%2Fmedia&parent=16346"}],"wp:term":[{"taxonomy":"category","embeddable":true,"href":"https:\/\/entrenotasyacordes.com\/index.php?rest_route=%2Fwp%2Fv2%2Fcategories&post=16346"},{"taxonomy":"post_tag","embeddable":true,"href":"https:\/\/entrenotasyacordes.com\/index.php?rest_route=%2Fwp%2Fv2%2Ftags&post=16346"}],"curies":[{"name":"wp","href":"https:\/\/api.w.org\/{rel}","templated":true}]}}