{"id":16381,"date":"2025-07-25T14:04:22","date_gmt":"2025-07-25T14:04:22","guid":{"rendered":"https:\/\/entrenotasyacordes.com\/?p=16381"},"modified":"2025-07-25T14:04:23","modified_gmt":"2025-07-25T14:04:23","slug":"mau-y-ricky-descargan-toda-su-energia-con-voltaje-junto-a-boza","status":"publish","type":"post","link":"https:\/\/entrenotasyacordes.com\/?p=16381","title":{"rendered":"MAU Y RICKY descargan toda su energ\u00eda con \u201cvoltaje\u201d junto a BOZA"},"content":{"rendered":"\n<!--more-->\n\n\n\n<p class=\"has-text-align-center\"><em>Nuevo adelanto de su pr\u00f3ximo EP \u201cLA LLAVE\u201d<\/em><br><em>(Lanzamiento 28 de agosto)<\/em><\/p>\n\n\n<div class=\"wp-block-image\">\n<figure class=\"aligncenter size-full is-resized\"><img loading=\"lazy\" decoding=\"async\" width=\"1247\" height=\"579\" src=\"https:\/\/entrenotasyacordes.com\/wp-content\/uploads\/2025\/07\/9ff.jpg\" alt=\"\" class=\"wp-image-16382\" style=\"width:654px;height:auto\" srcset=\"https:\/\/entrenotasyacordes.com\/wp-content\/uploads\/2025\/07\/9ff.jpg 1247w, https:\/\/entrenotasyacordes.com\/wp-content\/uploads\/2025\/07\/9ff-300x139.jpg 300w, https:\/\/entrenotasyacordes.com\/wp-content\/uploads\/2025\/07\/9ff-1024x475.jpg 1024w, https:\/\/entrenotasyacordes.com\/wp-content\/uploads\/2025\/07\/9ff-768x357.jpg 768w\" sizes=\"auto, (max-width: 1247px) 100vw, 1247px\" \/><\/figure>\n<\/div>\n\n\n<p class=\"has-text-align-left\">Luego de posicionarse como uno de los d\u00faos m\u00e1s audaces del pop latino, <strong>Mau y Ricky <\/strong>presentan <strong>\u201cVoltaje\u201d, <\/strong>su nuevo single junto a <strong>Boza<\/strong>, cuarto adelanto de su pr\u00f3ximo <strong>EP LA LLAVE. <\/strong>La canci\u00f3n, que ya se encuentra disponible en todas las plataformas, marca el inicio oficial del conteo global hacia el estreno del EP completo que ver\u00e1 la luz el 28 de agosto.<\/p>\n\n\n\n<p class=\"has-text-align-left\">Con sus lanzamientos anteriores <strong><em><u>\u201clib\u00e9lulas\u201d<\/u><\/em>, <em><u>\u201cnoche de luna<\/u><\/em><\/strong><em><u>\u201d<\/u> <\/em>y el \u00e9xito global <strong><u>\u201csaman\u00e1\u201d<\/u> <\/strong>junto a <strong>Danny Ocean <\/strong>y <strong>Yorghaki<\/strong>\u2014 <strong>LA LLAVE <\/strong>ya est\u00e1 generando una expectativa masiva entre fans y medios por igual.<\/p>\n\n\n\n<p class=\"has-text-align-left\"><strong>\u201cvoltaje\u201d: ELECTRICIDAD ENTRE DOS ALMAS<\/strong><\/p>\n\n\n\n<p>Profunda y sensual, <strong><em><u>\u201cvoltaje\u201d<\/u> <\/em><\/strong>explora la tensi\u00f3n emocional entre dos personas que, aunque distantes en palabras, siguen conectadas por una energ\u00eda f\u00edsica innegable. Es una canci\u00f3n sobre lo no dicho, lo sentido, lo inevitable.<\/p>\n\n\n\n<p class=\"has-text-align-center\"><em>\u201cT\u00fa eres eterna en mi mente <\/em><br><em>Mi instinto nunca se equivoca <\/em><br><em>Hoy me la jug\u00f3 diferente<\/em><br><em>Porque a\u00fan tienes puesta la ropa\u2026\u201d<\/em><\/p>\n\n\n\n<p><em>\u201cEs esa electricidad entre dos personas que no logran soltarse\u201d, <\/em><strong>explican Mau y Ricky. <\/strong><em>\u201cQuer\u00edamos que la canci\u00f3n tuviera poes\u00eda, tensi\u00f3n y ese momento en el que sabes que algo va a explotar\u2026 <strong>Boza <\/strong>trajo justo el toque que faltaba\u201d.<\/em><em><\/em><\/p>\n\n\n\n<p class=\"has-text-align-left\">El aporte de <strong>Boza<\/strong>, con su estilo suave y seductor, potencia el dramatismo de la canci\u00f3n y le da una dimensi\u00f3n emocional m\u00e1s profunda.<\/p>\n\n\n\n<p class=\"has-text-align-left\"><strong><u>\u00c9XITO GLOBAL: \u201csaman\u00e1\u201d<\/u><\/strong> <strong>TELEVISI\u00d3N NACIONAL Y GIRA SOLD OUT<\/strong><\/p>\n\n\n\n<p><strong><em><u>\u201cvoltaje\u201d<\/u> <\/em><\/strong>llega justo despu\u00e9s del \u00e9xito global <strong><em><u>\u201csaman\u00e1\u201d<\/u><\/em><\/strong>, una colaboraci\u00f3n con <strong>Danny Ocean <\/strong>y <strong>Yorghaki <\/strong>que se convirti\u00f3 en himno del verano (y por qu\u00e9 no, del invierno) en m\u00faltiples territorios. Su fusi\u00f3n caribe\u00f1a y vibra costera captur\u00f3 la atenci\u00f3n de oyentes en Am\u00e9rica Latina, Espa\u00f1a y Estados Unidos e incluso lleg\u00f3 a colarse entre los \u00e9xitos de las radios en Francia.<\/p>\n\n\n\n<p class=\"has-text-align-left\">Adem\u00e1s, <strong>Mau y Ricky <\/strong>cerraron recientemente su primera gira por Estados Unidos de la mano de Live Nation, con entradas agotadas en varias ciudades. Tambi\u00e9n se presentaron con fuerza en la televisi\u00f3n nacional estadounidense, actuando en programas como <strong><em>Live with Kelly and Mark <\/em><\/strong>y <strong><em>The Kelly Clarkson Show<\/em><\/strong>, consolidando su posicionamiento en el mercado anglo.<\/p>\n\n\n\n<p class=\"has-text-align-left\"><strong>MAU Y RICKY: REDEFINIENDO EL POP LATINO<\/strong><\/p>\n\n\n\n<p>Con m\u00e1s de 2 mil millones de streams, <strong>13 certificaciones Diamante <\/strong>y <strong>5 nominaciones al Latin GRAMMY<\/strong>, <strong>Mau y Ricky <\/strong>siguen siendo una fuerza transformadora dentro del panorama latino.<\/p>\n\n\n\n<p>Su \u00e1lbum anterior, <strong><u>\u201cHotel Caracas\u201d<\/u><\/strong>, fue aclamado por su narrativa visual y emocional. Ahora, con <strong><u>\u201cLA LLAVE\u201d<\/u><\/strong>, se abren nuevas puertas, musicales y emocionales, para una audiencia que ha crecido con ellos.<\/p>\n\n\n\n<p class=\"has-text-align-left\">El <strong>EP LA LLAVE <\/strong>saldr\u00e1 oficialmente el pr\u00f3ximo 28 de agosto, y <strong><em><u>\u201cvoltaje\u201d<\/u> <\/em><\/strong>es la \u00faltima pieza del rompecabezas antes de la gran revelaci\u00f3n. Todo comienza con la salida de este single, cuando se activa el countdown mundial.<\/p>\n\n\n<div class=\"wp-block-image\">\n<figure class=\"aligncenter size-full is-resized\"><img loading=\"lazy\" decoding=\"async\" width=\"548\" height=\"548\" src=\"https:\/\/entrenotasyacordes.com\/wp-content\/uploads\/2025\/07\/9fff.jpg\" alt=\"\" class=\"wp-image-16383\" style=\"width:654px;height:auto\" srcset=\"https:\/\/entrenotasyacordes.com\/wp-content\/uploads\/2025\/07\/9fff.jpg 548w, https:\/\/entrenotasyacordes.com\/wp-content\/uploads\/2025\/07\/9fff-300x300.jpg 300w, https:\/\/entrenotasyacordes.com\/wp-content\/uploads\/2025\/07\/9fff-150x150.jpg 150w, https:\/\/entrenotasyacordes.com\/wp-content\/uploads\/2025\/07\/9fff-50x50.jpg 50w\" sizes=\"auto, (max-width: 548px) 100vw, 548px\" \/><\/figure>\n<\/div>\n\n\n<p class=\"has-text-align-left\"><\/p>\n","protected":false},"excerpt":{"rendered":"","protected":false},"author":5,"featured_media":16382,"comment_status":"open","ping_status":"open","sticky":false,"template":"","format":"standard","meta":{"om_disable_all_campaigns":false,"_uf_show_specific_survey":0,"_uf_disable_surveys":false,"footnotes":""},"categories":[4],"tags":[],"class_list":["post-16381","post","type-post","status-publish","format-standard","has-post-thumbnail","hentry","category-musica"],"_links":{"self":[{"href":"https:\/\/entrenotasyacordes.com\/index.php?rest_route=\/wp\/v2\/posts\/16381","targetHints":{"allow":["GET"]}}],"collection":[{"href":"https:\/\/entrenotasyacordes.com\/index.php?rest_route=\/wp\/v2\/posts"}],"about":[{"href":"https:\/\/entrenotasyacordes.com\/index.php?rest_route=\/wp\/v2\/types\/post"}],"author":[{"embeddable":true,"href":"https:\/\/entrenotasyacordes.com\/index.php?rest_route=\/wp\/v2\/users\/5"}],"replies":[{"embeddable":true,"href":"https:\/\/entrenotasyacordes.com\/index.php?rest_route=%2Fwp%2Fv2%2Fcomments&post=16381"}],"version-history":[{"count":1,"href":"https:\/\/entrenotasyacordes.com\/index.php?rest_route=\/wp\/v2\/posts\/16381\/revisions"}],"predecessor-version":[{"id":16384,"href":"https:\/\/entrenotasyacordes.com\/index.php?rest_route=\/wp\/v2\/posts\/16381\/revisions\/16384"}],"wp:featuredmedia":[{"embeddable":true,"href":"https:\/\/entrenotasyacordes.com\/index.php?rest_route=\/wp\/v2\/media\/16382"}],"wp:attachment":[{"href":"https:\/\/entrenotasyacordes.com\/index.php?rest_route=%2Fwp%2Fv2%2Fmedia&parent=16381"}],"wp:term":[{"taxonomy":"category","embeddable":true,"href":"https:\/\/entrenotasyacordes.com\/index.php?rest_route=%2Fwp%2Fv2%2Fcategories&post=16381"},{"taxonomy":"post_tag","embeddable":true,"href":"https:\/\/entrenotasyacordes.com\/index.php?rest_route=%2Fwp%2Fv2%2Ftags&post=16381"}],"curies":[{"name":"wp","href":"https:\/\/api.w.org\/{rel}","templated":true}]}}