{"id":16385,"date":"2025-07-25T14:13:49","date_gmt":"2025-07-25T14:13:49","guid":{"rendered":"https:\/\/entrenotasyacordes.com\/?p=16385"},"modified":"2025-07-25T14:13:51","modified_gmt":"2025-07-25T14:13:51","slug":"conociendo-rusia-y-mon-laferte-nos-traen-esto-es-amor","status":"publish","type":"post","link":"https:\/\/entrenotasyacordes.com\/?p=16385","title":{"rendered":"CONOCIENDO RUSIA Y MON LAFERTE NOS TRAEN \u00abESTO ES AMOR\u00bb"},"content":{"rendered":"\n<!--more-->\n\n\n\n<p class=\"has-text-align-center\"><strong>Mientras se prepara para su 5to MOVISTAR ARENA, Mateo Sujatovich fue invitado a participar del nuevo trabajo de la reconocida artista chilena.<\/strong><\/p>\n\n\n<div class=\"wp-block-image\">\n<figure class=\"aligncenter size-full is-resized\"><img loading=\"lazy\" decoding=\"async\" width=\"884\" height=\"884\" src=\"https:\/\/entrenotasyacordes.com\/wp-content\/uploads\/2025\/07\/9fffff-1.jpg\" alt=\"\" class=\"wp-image-16388\" style=\"width:654px;height:auto\" srcset=\"https:\/\/entrenotasyacordes.com\/wp-content\/uploads\/2025\/07\/9fffff-1.jpg 884w, https:\/\/entrenotasyacordes.com\/wp-content\/uploads\/2025\/07\/9fffff-1-300x300.jpg 300w, https:\/\/entrenotasyacordes.com\/wp-content\/uploads\/2025\/07\/9fffff-1-150x150.jpg 150w, https:\/\/entrenotasyacordes.com\/wp-content\/uploads\/2025\/07\/9fffff-1-768x768.jpg 768w, https:\/\/entrenotasyacordes.com\/wp-content\/uploads\/2025\/07\/9fffff-1-50x50.jpg 50w\" sizes=\"auto, (max-width: 884px) 100vw, 884px\" \/><\/figure>\n<\/div>\n\n\n<p class=\"has-text-align-left\">La cantante y compositora <strong>Mon Laferte<\/strong> presenta su nuevo sencillo <em>\u201cEsto Es Amor\u201d<\/em>, en una incre\u00edble colaboraci\u00f3n con <strong>Conociendo Rusia <\/strong>(<strong>Mateo Sujatovich<\/strong>), uno de los nombres m\u00e1s destacados de la nueva generaci\u00f3n de la m\u00fasica argentina.<\/p>\n\n\n\n<p class=\"has-text-align-left\">Se trata de una canci\u00f3n construida sobre una base de soul con una producci\u00f3n elegante, enmarcada dentro del pop alternativo. Grabada y producida por <strong>Mon Laferte <\/strong>y <strong>Manu Jalil<\/strong>, el sonido remite a referentes como <strong>Roberta Flack <\/strong>y<strong> Bill Withers<\/strong>, con un enfoque centrado en el lenguaje corporal del groove, con una est\u00e9tica que prioriza lo anal\u00f3gico.<\/p>\n\n\n\n<figure class=\"wp-block-embed is-type-video is-provider-youtube wp-block-embed-youtube wp-embed-aspect-4-3 wp-has-aspect-ratio\"><div class=\"wp-block-embed__wrapper\">\n<div class=\"epyt-video-wrapper\"><iframe loading=\"lazy\"  id=\"_ytid_59113\"  width=\"640\" height=\"360\"  data-origwidth=\"640\" data-origheight=\"360\" src=\"https:\/\/www.youtube.com\/embed\/f1ExcuCf7HI?enablejsapi=1&#038;autoplay=0&#038;cc_load_policy=0&#038;cc_lang_pref=&#038;iv_load_policy=1&#038;loop=0&#038;rel=1&#038;fs=1&#038;playsinline=0&#038;autohide=2&#038;theme=dark&#038;color=white&#038;controls=1&#038;\" class=\"__youtube_prefs__  epyt-is-override  no-lazyload\" data-vol=\"50\"  title=\"YouTube player\"  allow=\"fullscreen; accelerometer; autoplay; clipboard-write; encrypted-media; gyroscope; picture-in-picture; web-share\" referrerpolicy=\"strict-origin-when-cross-origin\" allowfullscreen data-no-lazy=\"1\" data-skipgform_ajax_framebjll=\"\"><\/iframe><\/div>\n<\/div><\/figure>\n\n\n\n<p class=\"has-text-align-left\">El saxof\u00f3n, como recurso sonoro, destaca por lo ex\u00f3tico de su timbre y funciona como un<\/p>\n\n\n\n<p>contrapunto f\u00edsico a lo sexual de la pluma afilada de Laferte en la letra la cual aborda el deseo desde un lugar expl\u00edcito y contempor\u00e1neo.<\/p>\n\n\n\n<p><em>\u201cBaby, comerte los labios es religi\u00f3n. Entre tus piernas voy a rezar.\u201d<\/em><\/p>\n\n\n\n<p><br>El videoclip que acompa\u00f1a el lanzamiento, dirigido por la cineasta chilena <strong>Camila Grandi <\/strong>y producido por el colectivo <strong>Buena Noche<\/strong>, est\u00e1 ambientado en una oficina de los a\u00f1os 90. La est\u00e9tica visual complementa el sonido del track con referencias claras al cine y la cultura pop con fuerte carga er\u00f3tica. Es un video que se inspira en el lenguaje del soft porn de \u00e9poca, su est\u00e9tica, tensi\u00f3n y simbolismo que nos invita a fantasear.<\/p>\n\n\n\n<p>Como protagonistas, Mon Laferte y Mateo interpretan a dos compa\u00f1eros de oficina que se van llamando la atenci\u00f3n mutuamente hasta llegar a un encuentro \u00edntimo.<\/p>\n\n\n\n<p class=\"has-text-align-left\">La est\u00e9tica visual complementa el sonido del track con referencias claras al cine y la cultura pop, con fuerte carga er\u00f3tica. Es un video que se inspira en el lenguaje del soft porn,de \u00e9poca, su est\u00e9tica, tensi\u00f3n y simbolismo que nos invita a fantasear.<\/p>\n\n\n<div class=\"wp-block-image\">\n<figure class=\"aligncenter size-full is-resized\"><img loading=\"lazy\" decoding=\"async\" width=\"1024\" height=\"512\" src=\"https:\/\/entrenotasyacordes.com\/wp-content\/uploads\/2025\/07\/9ffffff-1.png\" alt=\"\" class=\"wp-image-16389\" style=\"width:654px;height:auto\" srcset=\"https:\/\/entrenotasyacordes.com\/wp-content\/uploads\/2025\/07\/9ffffff-1.png 1024w, https:\/\/entrenotasyacordes.com\/wp-content\/uploads\/2025\/07\/9ffffff-1-300x150.png 300w, https:\/\/entrenotasyacordes.com\/wp-content\/uploads\/2025\/07\/9ffffff-1-768x384.png 768w\" sizes=\"auto, (max-width: 1024px) 100vw, 1024px\" \/><\/figure>\n<\/div>\n\n\n<p><strong>Conociendo Rusia<\/strong> se prepara para un show imperdible en Buenos Aires: el pr\u00f3ximo 25 de octubre, <strong>Mateo Sujatovich<\/strong> y su banda se presentar\u00e1n en el <strong>Movistar Arena<\/strong> para ofrecer una noche inolvidable.<\/p>\n\n\n\n<p>Luego de una extensa gira por Argentina, Latinoam\u00e9rica y Europa, y a pedido del p\u00fablico, <strong>Mateo<\/strong> vuelve a casa para compartir junto a sus fans una noche muy especial, en la que har\u00e1 un recorrido por todas las canciones que ya ocupan un lugar fundamental entre los grandes del cancionero argentino.<\/p>\n\n\n\n<p>Conociendo Rusia comenz\u00f3 en 2018 como alter ego del cantautor y guitarrista argentino Mateo Sujatovich. Su primer \u00e1lbum con nombre hom\u00f3nimo fue recibido con entusiasmo, logrando refundar la canci\u00f3n cl\u00e1sica argentina. Cabildo y Juramento [2019], su segundo disco, obtuvo siete nominaciones a los Premios Gardel y tres a los Latin Grammys. La Direcci\u00f3n fue premiado a Mejor \u00c1lbum de Rock en los Premios Gardel y obtuvo nuevamente nominaciones a los Latin Grammys. Hacia el final del 2022, Conociendo Rusia celebr\u00f3 con dos sold outs en el Movistar Arena de Buenos Aires.<\/p>\n\n\n\n<p>Durante 2023 present\u00f3 una propuesta nueva: el Solo Tour, que lo llev\u00f3 de gira por veinte ciudades y seis pa\u00edses, adem\u00e1s de agotar cinco teatros Gran Rex. Acompa\u00f1ado de un piano y su guitarra, con una puesta esc\u00e9nica donde el relato toma protagonismo, Mateo inicia un recorrido por sus tres \u00e1lbumes de estudio, conectando con el espectador desde la intimidad.<\/p>\n\n\n\n<p>Los \u00faltimos a\u00f1os el proyecto recorri\u00f3 Argentina, Chile, Per\u00fa, Uruguay, M\u00e9xico, Colombia, Ecuador, Brasil, Estados Unidos y Espa\u00f1a.<\/p>\n\n\n\n<p>En 2024, Conociendo Rusia, consagrado como el representante del pop rock argentino, present\u00f3 su nuevo disco \u201cJet Love\u201d con el que recorri\u00f3 Argentina, Uruguay, Chile, Per\u00fa, Colombia, M\u00e9xico y Espa\u00f1a.<\/p>\n","protected":false},"excerpt":{"rendered":"","protected":false},"author":5,"featured_media":16388,"comment_status":"open","ping_status":"open","sticky":false,"template":"","format":"standard","meta":{"om_disable_all_campaigns":false,"_uf_show_specific_survey":0,"_uf_disable_surveys":false,"footnotes":""},"categories":[4],"tags":[],"class_list":["post-16385","post","type-post","status-publish","format-standard","has-post-thumbnail","hentry","category-musica"],"_links":{"self":[{"href":"https:\/\/entrenotasyacordes.com\/index.php?rest_route=\/wp\/v2\/posts\/16385","targetHints":{"allow":["GET"]}}],"collection":[{"href":"https:\/\/entrenotasyacordes.com\/index.php?rest_route=\/wp\/v2\/posts"}],"about":[{"href":"https:\/\/entrenotasyacordes.com\/index.php?rest_route=\/wp\/v2\/types\/post"}],"author":[{"embeddable":true,"href":"https:\/\/entrenotasyacordes.com\/index.php?rest_route=\/wp\/v2\/users\/5"}],"replies":[{"embeddable":true,"href":"https:\/\/entrenotasyacordes.com\/index.php?rest_route=%2Fwp%2Fv2%2Fcomments&post=16385"}],"version-history":[{"count":1,"href":"https:\/\/entrenotasyacordes.com\/index.php?rest_route=\/wp\/v2\/posts\/16385\/revisions"}],"predecessor-version":[{"id":16390,"href":"https:\/\/entrenotasyacordes.com\/index.php?rest_route=\/wp\/v2\/posts\/16385\/revisions\/16390"}],"wp:featuredmedia":[{"embeddable":true,"href":"https:\/\/entrenotasyacordes.com\/index.php?rest_route=\/wp\/v2\/media\/16388"}],"wp:attachment":[{"href":"https:\/\/entrenotasyacordes.com\/index.php?rest_route=%2Fwp%2Fv2%2Fmedia&parent=16385"}],"wp:term":[{"taxonomy":"category","embeddable":true,"href":"https:\/\/entrenotasyacordes.com\/index.php?rest_route=%2Fwp%2Fv2%2Fcategories&post=16385"},{"taxonomy":"post_tag","embeddable":true,"href":"https:\/\/entrenotasyacordes.com\/index.php?rest_route=%2Fwp%2Fv2%2Ftags&post=16385"}],"curies":[{"name":"wp","href":"https:\/\/api.w.org\/{rel}","templated":true}]}}