{"id":16391,"date":"2025-07-25T14:20:53","date_gmt":"2025-07-25T14:20:53","guid":{"rendered":"https:\/\/entrenotasyacordes.com\/?p=16391"},"modified":"2025-07-25T14:20:54","modified_gmt":"2025-07-25T14:20:54","slug":"este-verano-no-fui-a-la-playa-presenta-mar-del-platasu-nuevo-single","status":"publish","type":"post","link":"https:\/\/entrenotasyacordes.com\/?p=16391","title":{"rendered":"ESTE VERANO NO FUI A LA PLAYA PRESENTA \u00abMAR DEL PLATA\u00bb,SU NUEVO SINGLE"},"content":{"rendered":"\n<!--more-->\n\n\n<div class=\"wp-block-image\">\n<figure class=\"aligncenter size-full is-resized\"><img loading=\"lazy\" decoding=\"async\" width=\"2560\" height=\"2560\" src=\"https:\/\/entrenotasyacordes.com\/wp-content\/uploads\/2025\/07\/1752700278313-PORTADA-Mar-del-Plata-x-sardinadg-1-1-scaled.jpg\" alt=\"\" class=\"wp-image-16392\" style=\"width:654px;height:auto\" srcset=\"https:\/\/entrenotasyacordes.com\/wp-content\/uploads\/2025\/07\/1752700278313-PORTADA-Mar-del-Plata-x-sardinadg-1-1-scaled.jpg 2560w, https:\/\/entrenotasyacordes.com\/wp-content\/uploads\/2025\/07\/1752700278313-PORTADA-Mar-del-Plata-x-sardinadg-1-1-300x300.jpg 300w, https:\/\/entrenotasyacordes.com\/wp-content\/uploads\/2025\/07\/1752700278313-PORTADA-Mar-del-Plata-x-sardinadg-1-1-1024x1024.jpg 1024w, https:\/\/entrenotasyacordes.com\/wp-content\/uploads\/2025\/07\/1752700278313-PORTADA-Mar-del-Plata-x-sardinadg-1-1-150x150.jpg 150w, https:\/\/entrenotasyacordes.com\/wp-content\/uploads\/2025\/07\/1752700278313-PORTADA-Mar-del-Plata-x-sardinadg-1-1-768x768.jpg 768w, https:\/\/entrenotasyacordes.com\/wp-content\/uploads\/2025\/07\/1752700278313-PORTADA-Mar-del-Plata-x-sardinadg-1-1-1536x1536.jpg 1536w, https:\/\/entrenotasyacordes.com\/wp-content\/uploads\/2025\/07\/1752700278313-PORTADA-Mar-del-Plata-x-sardinadg-1-1-2048x2048.jpg 2048w, https:\/\/entrenotasyacordes.com\/wp-content\/uploads\/2025\/07\/1752700278313-PORTADA-Mar-del-Plata-x-sardinadg-1-1-50x50.jpg 50w\" sizes=\"auto, (max-width: 2560px) 100vw, 2560px\" \/><\/figure>\n<\/div>\n\n\n<p class=\"has-text-align-left\">La banda de la ciudad costera presenta \u2018\u2018Mar Del Plata\u201d, el primer adelanto de su pr\u00f3ximo \u00e1lbum producido, grabado y masterizado por Estanislao L\u00f3pez y mezclado por Agust\u00edn Alecha y Estanislao L\u00f3pez en La Casita (MDP), a metros de la playa.<\/p>\n\n\n\n<p class=\"has-text-align-left\">En esta nueva canci\u00f3n, Este Verano No Fui A La Playa nos invita a un viaje por la costa: las guitarras y las melod\u00edas playeras nos transportan de una ma\u00f1ana soleada a una tarde gris, donde la nostalgia del verano se encuentra con el fr\u00edo del invierno. \u00a0<\/p>\n\n\n\n<figure class=\"wp-block-embed is-type-video is-provider-youtube wp-block-embed-youtube wp-embed-aspect-16-9 wp-has-aspect-ratio\"><div class=\"wp-block-embed__wrapper\">\n<div class=\"epyt-video-wrapper\"><iframe loading=\"lazy\"  id=\"_ytid_20004\"  width=\"640\" height=\"360\"  data-origwidth=\"640\" data-origheight=\"360\" src=\"https:\/\/www.youtube.com\/embed\/PpN6rcYdID8?enablejsapi=1&#038;autoplay=0&#038;cc_load_policy=0&#038;cc_lang_pref=&#038;iv_load_policy=1&#038;loop=0&#038;rel=1&#038;fs=1&#038;playsinline=0&#038;autohide=2&#038;theme=dark&#038;color=white&#038;controls=1&#038;\" class=\"__youtube_prefs__  epyt-is-override  no-lazyload\" data-vol=\"50\"  title=\"YouTube player\"  allow=\"fullscreen; accelerometer; autoplay; clipboard-write; encrypted-media; gyroscope; picture-in-picture; web-share\" referrerpolicy=\"strict-origin-when-cross-origin\" allowfullscreen data-no-lazy=\"1\" data-skipgform_ajax_framebjll=\"\"><\/iframe><\/div>\n<\/div><\/figure>\n\n\n\n<p class=\"has-text-align-left\"><strong>SOBRE ESTE VERANO NO FUI A LA PLAYA:\u00a0<\/strong><\/p>\n\n\n\n<p>Este Verano No Fui A La Playa es una banda de indie pop y surf rock, conformada por Mauro Tom\u00e1s Piccione (guitarra r\u00edtmica y voz), Facundo Hern\u00e1ndez (guitarra y coros), Joaqu\u00edn Morel (bajo), Am\u00e9rico Moscuzza (bater\u00eda) y Agust\u00edn Triboulard (piano). Oriundos de la ciudad costera de Mar Del Plata, sus canciones relatan la vida cerca de la playa y las historias de un invierno fr\u00edo marplatense.<\/p>\n\n\n\n<p>En 2018 lanzaron su \u00e1lbum debut&nbsp;<em>\u201cAmor, Verano y Otras Drogas\u201d<\/em>&nbsp;con una excelente recepci\u00f3n que los llev\u00f3 a presentarse en distintos escenarios de la costa argentina durante el mismo a\u00f1o y 2019. Tras una pausa debido a la pandemia, en 2023 la banda regres\u00f3 al estudio y lanz\u00f3 tres sencillos \u201cComplicada\u201d, \u201cNo Te Mereces Mis Datos\u201d y \u201cEn La Playa\u201d, que fueron presentados en el festival DEVOCI\u00d3N S\u00d3NICA de Mar del Plata.<\/p>\n\n\n\n<p>En 2024, Este Verano No Fui A La Playa lanz\u00f3 los sencillos \u201cPorte\u00f1os Hablando del Mar\u201d y \u201cTuris\u201d que fueron presentados por su formaci\u00f3n actual en el FESTIVAL ATL\u00c1NTICO, donde tambi\u00e9n compartieron escenario con referentes como Juana La Loca, Buenos Vampiros y Mujer Cebra, entre otros.<\/p>\n\n\n\n<p class=\"has-text-align-left\">Este 2025 viene siendo un gran a\u00f1o para el grupo. Con su debut en el festival MAR DEL POP y su primera fecha ante el p\u00fablico de Capital Federal, est\u00e1n trabajando en su pr\u00f3ximo \u00e1lbum producido, grabado y masterizado por Estanislao L\u00f3pez, mezclado por Agust\u00edn Alecha y Estanislao L\u00f3pez y editado por Casa del Puente Discos.<\/p>\n\n\n<div class=\"wp-block-image\">\n<figure class=\"aligncenter size-full is-resized\"><img loading=\"lazy\" decoding=\"async\" width=\"1366\" height=\"1024\" src=\"https:\/\/entrenotasyacordes.com\/wp-content\/uploads\/2025\/07\/1752791998646-168081.jpg\" alt=\"\" class=\"wp-image-16393\" style=\"width:654px;height:auto\" srcset=\"https:\/\/entrenotasyacordes.com\/wp-content\/uploads\/2025\/07\/1752791998646-168081.jpg 1366w, https:\/\/entrenotasyacordes.com\/wp-content\/uploads\/2025\/07\/1752791998646-168081-300x225.jpg 300w, https:\/\/entrenotasyacordes.com\/wp-content\/uploads\/2025\/07\/1752791998646-168081-1024x768.jpg 1024w, https:\/\/entrenotasyacordes.com\/wp-content\/uploads\/2025\/07\/1752791998646-168081-768x576.jpg 768w\" sizes=\"auto, (max-width: 1366px) 100vw, 1366px\" \/><\/figure>\n<\/div>","protected":false},"excerpt":{"rendered":"","protected":false},"author":5,"featured_media":16392,"comment_status":"open","ping_status":"open","sticky":false,"template":"","format":"standard","meta":{"om_disable_all_campaigns":false,"_uf_show_specific_survey":0,"_uf_disable_surveys":false,"footnotes":""},"categories":[4],"tags":[],"class_list":["post-16391","post","type-post","status-publish","format-standard","has-post-thumbnail","hentry","category-musica"],"_links":{"self":[{"href":"https:\/\/entrenotasyacordes.com\/index.php?rest_route=\/wp\/v2\/posts\/16391","targetHints":{"allow":["GET"]}}],"collection":[{"href":"https:\/\/entrenotasyacordes.com\/index.php?rest_route=\/wp\/v2\/posts"}],"about":[{"href":"https:\/\/entrenotasyacordes.com\/index.php?rest_route=\/wp\/v2\/types\/post"}],"author":[{"embeddable":true,"href":"https:\/\/entrenotasyacordes.com\/index.php?rest_route=\/wp\/v2\/users\/5"}],"replies":[{"embeddable":true,"href":"https:\/\/entrenotasyacordes.com\/index.php?rest_route=%2Fwp%2Fv2%2Fcomments&post=16391"}],"version-history":[{"count":1,"href":"https:\/\/entrenotasyacordes.com\/index.php?rest_route=\/wp\/v2\/posts\/16391\/revisions"}],"predecessor-version":[{"id":16394,"href":"https:\/\/entrenotasyacordes.com\/index.php?rest_route=\/wp\/v2\/posts\/16391\/revisions\/16394"}],"wp:featuredmedia":[{"embeddable":true,"href":"https:\/\/entrenotasyacordes.com\/index.php?rest_route=\/wp\/v2\/media\/16392"}],"wp:attachment":[{"href":"https:\/\/entrenotasyacordes.com\/index.php?rest_route=%2Fwp%2Fv2%2Fmedia&parent=16391"}],"wp:term":[{"taxonomy":"category","embeddable":true,"href":"https:\/\/entrenotasyacordes.com\/index.php?rest_route=%2Fwp%2Fv2%2Fcategories&post=16391"},{"taxonomy":"post_tag","embeddable":true,"href":"https:\/\/entrenotasyacordes.com\/index.php?rest_route=%2Fwp%2Fv2%2Ftags&post=16391"}],"curies":[{"name":"wp","href":"https:\/\/api.w.org\/{rel}","templated":true}]}}