{"id":16395,"date":"2025-07-25T14:26:30","date_gmt":"2025-07-25T14:26:30","guid":{"rendered":"https:\/\/entrenotasyacordes.com\/?p=16395"},"modified":"2025-07-25T14:26:31","modified_gmt":"2025-07-25T14:26:31","slug":"ulises-butron-presenta-su-ep-debut-microteatro","status":"publish","type":"post","link":"https:\/\/entrenotasyacordes.com\/?p=16395","title":{"rendered":"Ulises Butr\u00f3n presenta su EP debut \u201cMicroteatro\u201d"},"content":{"rendered":"\n<!--more-->\n\n\n<div class=\"wp-block-image\">\n<figure class=\"aligncenter size-full\"><img loading=\"lazy\" decoding=\"async\" width=\"380\" height=\"380\" src=\"https:\/\/entrenotasyacordes.com\/wp-content\/uploads\/2025\/07\/TAPA20-20BUTRON3.jpg\" alt=\"\" class=\"wp-image-16396\" srcset=\"https:\/\/entrenotasyacordes.com\/wp-content\/uploads\/2025\/07\/TAPA20-20BUTRON3.jpg 380w, https:\/\/entrenotasyacordes.com\/wp-content\/uploads\/2025\/07\/TAPA20-20BUTRON3-300x300.jpg 300w, https:\/\/entrenotasyacordes.com\/wp-content\/uploads\/2025\/07\/TAPA20-20BUTRON3-150x150.jpg 150w, https:\/\/entrenotasyacordes.com\/wp-content\/uploads\/2025\/07\/TAPA20-20BUTRON3-50x50.jpg 50w\" sizes=\"auto, (max-width: 380px) 100vw, 380px\" \/><\/figure>\n<\/div>\n\n\n<p class=\"has-text-align-left\">Ulises Butr\u00f3n (hijo del reconocido m\u00fasico argentino) debuta discogr\u00e1ficamente con \u201cMicroteatro\u201d, un EP conceptual de rock y pop que busca contar una historia, a lo largo de las canciones, sobre un viajero que intenta de alguna manera empezar de cero, luego de haber pasado por distintas p\u00e9rdidas, tratando de seguir adelante y salir de un c\u00edrculo vicioso de malas decisiones.<\/p>\n\n\n\n<p>Las cuatro canciones que conforman el EP abordan temas como la p\u00e9rdida, el amor, el karma y la b\u00fasqueda de uno mismo. Respuesta que se ir\u00e1 encontrando a lo largo del flamante material.<\/p>\n\n\n\n<p class=\"has-text-align-left\">En una noche especial, Ulises Butr\u00f3n junto a toda su banda presentar\u00e1 su primer material discogr\u00e1fico \u201cMicroteatro\u201d el s\u00e1bado 30 de agosto, a las 20, en el Cultural Thames (Thames 1426, CABA).<\/p>\n\n\n\n<figure class=\"wp-block-embed is-type-video is-provider-youtube wp-block-embed-youtube wp-embed-aspect-16-9 wp-has-aspect-ratio\"><div class=\"wp-block-embed__wrapper\">\n<div class=\"epyt-video-wrapper\"><iframe loading=\"lazy\"  id=\"_ytid_20359\"  width=\"640\" height=\"360\"  data-origwidth=\"640\" data-origheight=\"360\" src=\"https:\/\/www.youtube.com\/embed\/Vll9yvWL_A0?enablejsapi=1&#038;autoplay=0&#038;cc_load_policy=0&#038;cc_lang_pref=&#038;iv_load_policy=1&#038;loop=0&#038;rel=1&#038;fs=1&#038;playsinline=0&#038;autohide=2&#038;theme=dark&#038;color=white&#038;controls=1&#038;\" class=\"__youtube_prefs__  epyt-is-override  no-lazyload\" data-vol=\"50\"  title=\"YouTube player\"  allow=\"fullscreen; accelerometer; autoplay; clipboard-write; encrypted-media; gyroscope; picture-in-picture; web-share\" referrerpolicy=\"strict-origin-when-cross-origin\" allowfullscreen data-no-lazy=\"1\" data-skipgform_ajax_framebjll=\"\"><\/iframe><\/div>\n<\/div><\/figure>\n\n\n\n<p><strong><u>Ficha t\u00e9cnica<\/u><\/strong><\/p>\n\n\n\n<p>Ulises Butr\u00f3n (voces, guitarras).<br>Rafael Villaz\u00f3n (Pianos, teclados, sintetizadores).<br>Charlie Desidney (guitarras).<br>Tom\u00e1s S\u00e1nchez (bater\u00eda).<br>Brian Vainberg (bajos).<br>Renata Salatino (voces).<br>Producido por Ulises Butr\u00f3n y Rafael Villaz\u00f3n.<br>Grabado y mezclado por Rafael Villaz\u00f3n y Guillermo Avender.<br>Masterizado por Daniel Ovie.<br>Letras por Ulises Butr\u00f3n.<br>M\u00fasica por Ulises Butr\u00f3n y Rafael Villaz\u00f3n.<br>Foto de tapa y fotos de prensa por Jazm\u00edn Pichot.<\/p>\n\n\n\n<p><strong><u>Pr\u00f3ximos shows<\/u><\/strong><br>S\u00e1bado 30 de agosto: Ulises Butr\u00f3n en Cultural Thames. Thames 1426, CABA. 20 hs. Entradas desde $10.000. En venta en:\u00a0<a href=\"https:\/\/culturalthames.com.ar\/event\/23063?eventDateId=32914\">https:\/\/culturalthames.com.ar\/event\/23063?eventDateId=32914<\/a><\/p>\n\n\n<div class=\"wp-block-image\">\n<figure class=\"aligncenter size-full\"><img loading=\"lazy\" decoding=\"async\" width=\"656\" height=\"438\" src=\"https:\/\/entrenotasyacordes.com\/wp-content\/uploads\/2025\/07\/0420Butron20Foto20Jazmin20Pichot4.jpg\" alt=\"\" class=\"wp-image-16397\" srcset=\"https:\/\/entrenotasyacordes.com\/wp-content\/uploads\/2025\/07\/0420Butron20Foto20Jazmin20Pichot4.jpg 656w, https:\/\/entrenotasyacordes.com\/wp-content\/uploads\/2025\/07\/0420Butron20Foto20Jazmin20Pichot4-300x200.jpg 300w\" sizes=\"auto, (max-width: 656px) 100vw, 656px\" \/><figcaption class=\"wp-element-caption\"><em>Cr\u00e9ditos foto: Jazm\u00edn Pichot<\/em><\/figcaption><\/figure>\n<\/div>\n\n\n<p>Ulises Butr\u00f3n es artista emergente de la Ciudad de Buenos Aires, compositor, instrumentista y cantante. Su m\u00fasica conjuga sutileza mel\u00f3dica, complejidad arm\u00f3nica y variedad r\u00edtmica. Hijo del c\u00e9lebre artista que lleva su mismo nombre, su obra fusiona algunas zonas del rock nacional, mezclado con el R&amp;B.<\/p>\n\n\n\n<p>Con su anterior banda, \u201cOdiseo en Alm\u00edbar\u201d, en la cual era cantante, guitarrista y compositor, lanzaron 2 EPs y se presentaron en lugares como Caf\u00e9 Berl\u00edn, Centro Cultural Moran y Galp\u00f3n B.<\/p>\n\n\n\n<p>Actualmente, Ulises Butr\u00f3n se encuentra presentando su primer material discogr\u00e1fico, \u201cMicroteatro\u201d.<\/p>\n","protected":false},"excerpt":{"rendered":"","protected":false},"author":5,"featured_media":16396,"comment_status":"open","ping_status":"open","sticky":false,"template":"","format":"standard","meta":{"om_disable_all_campaigns":false,"_uf_show_specific_survey":0,"_uf_disable_surveys":false,"footnotes":""},"categories":[36],"tags":[],"class_list":["post-16395","post","type-post","status-publish","format-standard","has-post-thumbnail","hentry","category-conciertos"],"_links":{"self":[{"href":"https:\/\/entrenotasyacordes.com\/index.php?rest_route=\/wp\/v2\/posts\/16395","targetHints":{"allow":["GET"]}}],"collection":[{"href":"https:\/\/entrenotasyacordes.com\/index.php?rest_route=\/wp\/v2\/posts"}],"about":[{"href":"https:\/\/entrenotasyacordes.com\/index.php?rest_route=\/wp\/v2\/types\/post"}],"author":[{"embeddable":true,"href":"https:\/\/entrenotasyacordes.com\/index.php?rest_route=\/wp\/v2\/users\/5"}],"replies":[{"embeddable":true,"href":"https:\/\/entrenotasyacordes.com\/index.php?rest_route=%2Fwp%2Fv2%2Fcomments&post=16395"}],"version-history":[{"count":1,"href":"https:\/\/entrenotasyacordes.com\/index.php?rest_route=\/wp\/v2\/posts\/16395\/revisions"}],"predecessor-version":[{"id":16398,"href":"https:\/\/entrenotasyacordes.com\/index.php?rest_route=\/wp\/v2\/posts\/16395\/revisions\/16398"}],"wp:featuredmedia":[{"embeddable":true,"href":"https:\/\/entrenotasyacordes.com\/index.php?rest_route=\/wp\/v2\/media\/16396"}],"wp:attachment":[{"href":"https:\/\/entrenotasyacordes.com\/index.php?rest_route=%2Fwp%2Fv2%2Fmedia&parent=16395"}],"wp:term":[{"taxonomy":"category","embeddable":true,"href":"https:\/\/entrenotasyacordes.com\/index.php?rest_route=%2Fwp%2Fv2%2Fcategories&post=16395"},{"taxonomy":"post_tag","embeddable":true,"href":"https:\/\/entrenotasyacordes.com\/index.php?rest_route=%2Fwp%2Fv2%2Ftags&post=16395"}],"curies":[{"name":"wp","href":"https:\/\/api.w.org\/{rel}","templated":true}]}}