{"id":16399,"date":"2025-07-25T14:36:22","date_gmt":"2025-07-25T14:36:22","guid":{"rendered":"https:\/\/entrenotasyacordes.com\/?p=16399"},"modified":"2025-07-25T14:36:23","modified_gmt":"2025-07-25T14:36:23","slug":"airbag-llega-a-mar-del-plata-con-tres-funciones","status":"publish","type":"post","link":"https:\/\/entrenotasyacordes.com\/?p=16399","title":{"rendered":"AIRBAG LLEGA A MAR DEL PLATA CON TRES FUNCIONES"},"content":{"rendered":"\n<!--more-->\n\n\n\n<p class=\"has-text-align-center\"><strong>LA BANDA PRESENTAR\u00c1 SU NUEVO \u00c1LBUM \u201cEL CLUB<br>DE LA PELEA &#8211; I\u201d EN EL POLIDEPORTIVO<\/strong><\/p>\n\n\n<div class=\"wp-block-image\">\n<figure class=\"aligncenter size-full\"><img loading=\"lazy\" decoding=\"async\" width=\"1080\" height=\"1080\" src=\"https:\/\/entrenotasyacordes.com\/wp-content\/uploads\/2025\/07\/1751293699054-1080x1080-3.jpg\" alt=\"\" class=\"wp-image-16400\" srcset=\"https:\/\/entrenotasyacordes.com\/wp-content\/uploads\/2025\/07\/1751293699054-1080x1080-3.jpg 1080w, https:\/\/entrenotasyacordes.com\/wp-content\/uploads\/2025\/07\/1751293699054-1080x1080-3-300x300.jpg 300w, https:\/\/entrenotasyacordes.com\/wp-content\/uploads\/2025\/07\/1751293699054-1080x1080-3-1024x1024.jpg 1024w, https:\/\/entrenotasyacordes.com\/wp-content\/uploads\/2025\/07\/1751293699054-1080x1080-3-150x150.jpg 150w, https:\/\/entrenotasyacordes.com\/wp-content\/uploads\/2025\/07\/1751293699054-1080x1080-3-768x768.jpg 768w, https:\/\/entrenotasyacordes.com\/wp-content\/uploads\/2025\/07\/1751293699054-1080x1080-3-50x50.jpg 50w\" sizes=\"auto, (max-width: 1080px) 100vw, 1080px\" \/><\/figure>\n<\/div>\n\n\n<p>Luego de agotar las localidades de dos estadios River Plate, Rosario, Montevideo, tres funciones en C\u00f3rdoba, y batir records de venta en Mar del Plata en dos funciones<strong>, Airbag&nbsp; sum\u00f3 una tercera fecha en el Polideportivo Islas Malvinas el domingo 17 de agosto.<\/strong><\/p>\n\n\n\n<p><strong>Las entradas estan a la venta a trav\u00e9s de sistema\u00a0<a href=\"https:\/\/livepass.com.ar\/?utm_source=perfit&amp;utm_medium=email\" target=\"_blank\" rel=\"noreferrer noopener\">Livepass<\/a><\/strong><br><strong>Comprando tus entradas con tarjetas Visa y MasterCard del Banco Franc\u00e9s tenes 6 cuotas sin inter\u00e9s<\/strong><\/p>\n\n\n<div class=\"wp-block-image\">\n<figure class=\"aligncenter size-full\"><img loading=\"lazy\" decoding=\"async\" width=\"2560\" height=\"1707\" src=\"https:\/\/entrenotasyacordes.com\/wp-content\/uploads\/2025\/07\/1750783624792-Airbag-1-x-_irishsuarez-033-scaled.jpg\" alt=\"\" class=\"wp-image-16401\" srcset=\"https:\/\/entrenotasyacordes.com\/wp-content\/uploads\/2025\/07\/1750783624792-Airbag-1-x-_irishsuarez-033-scaled.jpg 2560w, https:\/\/entrenotasyacordes.com\/wp-content\/uploads\/2025\/07\/1750783624792-Airbag-1-x-_irishsuarez-033-300x200.jpg 300w, https:\/\/entrenotasyacordes.com\/wp-content\/uploads\/2025\/07\/1750783624792-Airbag-1-x-_irishsuarez-033-1024x683.jpg 1024w, https:\/\/entrenotasyacordes.com\/wp-content\/uploads\/2025\/07\/1750783624792-Airbag-1-x-_irishsuarez-033-768x512.jpg 768w, https:\/\/entrenotasyacordes.com\/wp-content\/uploads\/2025\/07\/1750783624792-Airbag-1-x-_irishsuarez-033-1536x1024.jpg 1536w, https:\/\/entrenotasyacordes.com\/wp-content\/uploads\/2025\/07\/1750783624792-Airbag-1-x-_irishsuarez-033-2048x1365.jpg 2048w\" sizes=\"auto, (max-width: 2560px) 100vw, 2560px\" \/><\/figure>\n<\/div>\n\n\n<p>Con m\u00e1s de 200 millones de streams totales de su nuevo \u00e1lbum, la banda contin\u00faa consolid\u00e1ndose como uno de los fen\u00f3menos m\u00e1s poderosos del rock de esta manera\u00a0\u00a0AIRBAG\u00a0arranca el\u00a02025\u00a0en su punto m\u00e1s alto: la primera parte de\u00a0El Club de la Pelea, su octavo \u00e1lbum de estudio, marca el inicio de una nueva etapa art\u00edstica para una de las bandas m\u00e1s convocantes del pa\u00eds.<\/p>\n\n\n<div class=\"wp-block-image\">\n<figure class=\"aligncenter size-full\"><img loading=\"lazy\" decoding=\"async\" width=\"2560\" height=\"1707\" src=\"https:\/\/entrenotasyacordes.com\/wp-content\/uploads\/2025\/07\/1750783637001-Airbag-1-x-_irishsuarez-015-scaled.jpg\" alt=\"\" class=\"wp-image-16402\" srcset=\"https:\/\/entrenotasyacordes.com\/wp-content\/uploads\/2025\/07\/1750783637001-Airbag-1-x-_irishsuarez-015-scaled.jpg 2560w, https:\/\/entrenotasyacordes.com\/wp-content\/uploads\/2025\/07\/1750783637001-Airbag-1-x-_irishsuarez-015-300x200.jpg 300w, https:\/\/entrenotasyacordes.com\/wp-content\/uploads\/2025\/07\/1750783637001-Airbag-1-x-_irishsuarez-015-1024x683.jpg 1024w, https:\/\/entrenotasyacordes.com\/wp-content\/uploads\/2025\/07\/1750783637001-Airbag-1-x-_irishsuarez-015-768x512.jpg 768w, https:\/\/entrenotasyacordes.com\/wp-content\/uploads\/2025\/07\/1750783637001-Airbag-1-x-_irishsuarez-015-1536x1024.jpg 1536w, https:\/\/entrenotasyacordes.com\/wp-content\/uploads\/2025\/07\/1750783637001-Airbag-1-x-_irishsuarez-015-2048x1365.jpg 2048w\" sizes=\"auto, (max-width: 2560px) 100vw, 2560px\" \/><\/figure>\n<\/div>\n\n\n<p>Airbag es una banda sin l\u00edmites, proyectando su m\u00fasica por sobre todo, agitando poderosamente la bandera del rock y no para de marcar hitos en su carrera de manera firme.<\/p>\n\n\n\n<p>Consagrandose en cada paso que avanzan, como una usina musical que no se detiene y fieles a su estilo, hicieron vibrar a sus seguidores en dos noches \u00fanicas en uno de los estadios m\u00e1s importantes e imponentes del mundo: River.<\/p>\n\n\n\n<p>Cada vez que los hermanos Sardelli suben a un escenario, reafirman su lugar como una de las bandas m\u00e1s grandes y respetadas del pa\u00eds. Con su trayectoria en constante ascenso, se convirtieron en referentes indiscutibles del g\u00e9nero marcando un hito en la historia del rock.<\/p>\n","protected":false},"excerpt":{"rendered":"","protected":false},"author":5,"featured_media":16400,"comment_status":"open","ping_status":"open","sticky":false,"template":"","format":"standard","meta":{"om_disable_all_campaigns":false,"_uf_show_specific_survey":0,"_uf_disable_surveys":false,"footnotes":""},"categories":[36],"tags":[],"class_list":["post-16399","post","type-post","status-publish","format-standard","has-post-thumbnail","hentry","category-conciertos"],"_links":{"self":[{"href":"https:\/\/entrenotasyacordes.com\/index.php?rest_route=\/wp\/v2\/posts\/16399","targetHints":{"allow":["GET"]}}],"collection":[{"href":"https:\/\/entrenotasyacordes.com\/index.php?rest_route=\/wp\/v2\/posts"}],"about":[{"href":"https:\/\/entrenotasyacordes.com\/index.php?rest_route=\/wp\/v2\/types\/post"}],"author":[{"embeddable":true,"href":"https:\/\/entrenotasyacordes.com\/index.php?rest_route=\/wp\/v2\/users\/5"}],"replies":[{"embeddable":true,"href":"https:\/\/entrenotasyacordes.com\/index.php?rest_route=%2Fwp%2Fv2%2Fcomments&post=16399"}],"version-history":[{"count":1,"href":"https:\/\/entrenotasyacordes.com\/index.php?rest_route=\/wp\/v2\/posts\/16399\/revisions"}],"predecessor-version":[{"id":16403,"href":"https:\/\/entrenotasyacordes.com\/index.php?rest_route=\/wp\/v2\/posts\/16399\/revisions\/16403"}],"wp:featuredmedia":[{"embeddable":true,"href":"https:\/\/entrenotasyacordes.com\/index.php?rest_route=\/wp\/v2\/media\/16400"}],"wp:attachment":[{"href":"https:\/\/entrenotasyacordes.com\/index.php?rest_route=%2Fwp%2Fv2%2Fmedia&parent=16399"}],"wp:term":[{"taxonomy":"category","embeddable":true,"href":"https:\/\/entrenotasyacordes.com\/index.php?rest_route=%2Fwp%2Fv2%2Fcategories&post=16399"},{"taxonomy":"post_tag","embeddable":true,"href":"https:\/\/entrenotasyacordes.com\/index.php?rest_route=%2Fwp%2Fv2%2Ftags&post=16399"}],"curies":[{"name":"wp","href":"https:\/\/api.w.org\/{rel}","templated":true}]}}