{"id":16404,"date":"2025-07-25T14:41:51","date_gmt":"2025-07-25T14:41:51","guid":{"rendered":"https:\/\/entrenotasyacordes.com\/?p=16404"},"modified":"2025-07-25T14:41:52","modified_gmt":"2025-07-25T14:41:52","slug":"angela-torres-presenta-su-esperado-album-debut-no-me-olvides","status":"publish","type":"post","link":"https:\/\/entrenotasyacordes.com\/?p=16404","title":{"rendered":"ANGELA TORRES PRESENTA SU ESPERADO \u00c1LBUM DEBUT \u201cNO ME OLVIDES\u201d"},"content":{"rendered":"\n<!--more-->\n\n\n<div class=\"wp-block-image\">\n<figure class=\"aligncenter size-full is-resized\"><img loading=\"lazy\" decoding=\"async\" width=\"1999\" height=\"1500\" src=\"https:\/\/entrenotasyacordes.com\/wp-content\/uploads\/2025\/07\/image6.jpg\" alt=\"\" class=\"wp-image-16405\" style=\"width:654px;height:auto\" srcset=\"https:\/\/entrenotasyacordes.com\/wp-content\/uploads\/2025\/07\/image6.jpg 1999w, https:\/\/entrenotasyacordes.com\/wp-content\/uploads\/2025\/07\/image6-300x225.jpg 300w, https:\/\/entrenotasyacordes.com\/wp-content\/uploads\/2025\/07\/image6-1024x768.jpg 1024w, https:\/\/entrenotasyacordes.com\/wp-content\/uploads\/2025\/07\/image6-768x576.jpg 768w, https:\/\/entrenotasyacordes.com\/wp-content\/uploads\/2025\/07\/image6-1536x1153.jpg 1536w\" sizes=\"auto, (max-width: 1999px) 100vw, 1999px\" \/><\/figure>\n<\/div>\n\n\n<p class=\"has-text-align-left\"><strong>\u00c1ngela Torres<\/strong>&nbsp;lanza su primer \u00e1lbum solista,&nbsp;<strong>\u201cNO ME OLVIDES\u201d,<\/strong>&nbsp;una obra visceral que se sumerge en las profundidades de su mundo emocional. A trav\u00e9s de once canciones sin colaboraciones, la artista se anima a narrar su historia con una honestidad cruda, abordando temas como las relaciones t\u00f3xicas, la vulnerabilidad y la exposici\u00f3n que conlleva estar bajo la mirada p\u00fablica.<\/p>\n\n\n\n<p class=\"has-text-align-center\"><strong>Tracklist:<br><\/strong>PLACARD<br>OOPS!<br>LUZ ROJA<br>V\u00c9RTIGO<br>NO ME OLVIDES<br>FAVORITA<br>FRIKI<br>DEMASIADO<br>MAL<br>SUPERH\u00c9ROE<br>DONDEESTANMISAMIGOS<\/p>\n\n\n\n<p>En esta nueva etapa,<strong>&nbsp;\u00c1ngela<\/strong>&nbsp;se entrega por completo a su faceta musical, luego de un recorrido art\u00edstico que la llev\u00f3 por la actuaci\u00f3n y los escenarios.<strong>&nbsp;\u201cNO ME OLVIDES\u201d<\/strong>&nbsp;es su carta de presentaci\u00f3n m\u00e1s sincera, un manifiesto emocional que la muestra sin m\u00e1scaras.<\/p>\n\n\n\n<p>Canciones como<strong>&nbsp;\u201cOOPS!\u201d, \u201cNO ME OLVIDES\u201d y \u201cFAVORITA\u201d&nbsp;<\/strong>abrazan el pop con una energ\u00eda luminosa, aunque sus letras revelan una oscuridad latente, cargadas de confesiones y contrastes.<\/p>\n\n\n\n<p>Por otro lado, temas como&nbsp;<strong>\u201cPLACARD\u201d, \u201cLUZ ROJA\u201d, \u201cMAL\u201d, \u201cDEMASIADO\u201d, \u201cV\u00c9RTIGO\u201d y \u201cSUPERH\u00c9ROE\u201d<\/strong>&nbsp;se sumergen en un clima melanc\u00f3lico, con baladas que exploran el dolor, la nostalgia y la fragilidad emocional.<\/p>\n\n\n\n<p>Finalmente,<strong>&nbsp;\u201cFRIKI\u201d y \u201cDONDEESTANMISAMIGOS\u201d&nbsp;<\/strong>irrumpen con una vibra m\u00e1s electr\u00f3nica y nocturna, ideales para perderse en la pista, pero sin abandonar la introspecci\u00f3n que atraviesa todo el \u00e1lbum.<\/p>\n\n\n\n<p>Producido por&nbsp;<strong>Ferm\u00edn Ugarte,<\/strong>&nbsp;reconocido por trabajar con artistas como&nbsp;<strong>Dillom y Bandalos chinos,<\/strong>&nbsp;el disco despliega una paleta sonora que fusiona pop, electr\u00f3nica y baladas experimentales, construyendo un universo propio donde cada track es una pieza clave de un relato \u00edntimo y poderoso.<\/p>\n\n\n\n<p>Los visualizers, dirigidos por&nbsp;<strong>Juan Manuel Pinz\u00f3n<\/strong>&nbsp;y&nbsp;<strong>Teo Podolsky<\/strong>, combinan teatralidad y realismo, con gui\u00f1os a la comedia musical y a la calle Corrientes, ese lugar que&nbsp;<strong>\u00c1ngela&nbsp;<\/strong>considera su segunda casa. El azul predomina en la est\u00e9tica visual, no solo por ser su segundo nombre, sino tambi\u00e9n como homenaje a la flor<strong>&nbsp;\u201cno me olvides\u201d,<\/strong>&nbsp;s\u00edmbolo de memoria y sensibilidad, que da t\u00edtulo al disco.<\/p>\n\n\n\n<p><em>\u201cEstoy muy emocionada, este disco representa mucho para m\u00ed. Es un proyecto en el que vengo trabajando hace tiempo y que me muestra tal como soy\u201d,<\/em>&nbsp;comparti\u00f3 \u00c1ngela en sus redes, donde sus seguidores esperan con ansias este renacer art\u00edstico.<\/p>\n\n\n\n<p class=\"has-text-align-left\">Con una propuesta est\u00e9tica cuidada, letras propias y una b\u00fasqueda sonora aut\u00e9ntica,&nbsp;<strong>\u00c1ngela Torres&nbsp;<\/strong>se consolida como una de las voces m\u00e1s poderosas del pop actual. \u201cNO ME OLVIDES\u201d no es solo un \u00e1lbum: es un espejo, una herida abierta, una declaraci\u00f3n de identidad.<\/p>\n\n\n<div class=\"wp-block-image\">\n<figure class=\"aligncenter size-full is-resized\"><img loading=\"lazy\" decoding=\"async\" width=\"1999\" height=\"1500\" src=\"https:\/\/entrenotasyacordes.com\/wp-content\/uploads\/2025\/07\/image7.jpg\" alt=\"\" class=\"wp-image-16406\" style=\"width:654px;height:auto\" srcset=\"https:\/\/entrenotasyacordes.com\/wp-content\/uploads\/2025\/07\/image7.jpg 1999w, https:\/\/entrenotasyacordes.com\/wp-content\/uploads\/2025\/07\/image7-300x225.jpg 300w, https:\/\/entrenotasyacordes.com\/wp-content\/uploads\/2025\/07\/image7-1024x768.jpg 1024w, https:\/\/entrenotasyacordes.com\/wp-content\/uploads\/2025\/07\/image7-768x576.jpg 768w, https:\/\/entrenotasyacordes.com\/wp-content\/uploads\/2025\/07\/image7-1536x1153.jpg 1536w\" sizes=\"auto, (max-width: 1999px) 100vw, 1999px\" \/><\/figure>\n<\/div>\n\n\n<p><strong>\u00c1ngela Azul Concepci\u00f3n Caccia Torres,<\/strong>&nbsp;m\u00e1s conocida como&nbsp;<strong>\u00c1ngela Torres,<\/strong>&nbsp;naci\u00f3 el 13 de Agosto de 1998 en la localidad de Avellaneda, Provincia de Buenos Aires. Comenz\u00f3 su carrera de muy peque\u00f1a, estudiando actuaci\u00f3n a los 8 a\u00f1os. A los 13 integr\u00f3 el elenco de la obra Irreal, para luego sumarse a La Novicia Rebelde, junto a Diego Ramos, Extra\u00f1os en la Noche, junto a Diego Torres y la tira televisiva Condicionados.<\/p>\n\n\n\n<p>En 2013 particip\u00f3 de Solamente Vos, la novela protagonizada por Natalia Oreiro y Adrian Suar, y en 2014 se sum\u00f3 al reality show Tu Cara Me Suena, del cual result\u00f3 ganadora. Luego sum\u00f3 participaciones importantes a su carrera, como Esperanza Mia junto a Lali Esposito y Mariano Martinez, Bailando por un Sue\u00f1o (2016), &nbsp;y roles protag\u00f3nicos en \u00e9xitos como Simona, la famosa tira de Pol-ka, y D\u00edas de Gallos, una serie original de HBO Max.&nbsp;&nbsp;&nbsp;&nbsp;&nbsp;&nbsp;&nbsp;&nbsp;&nbsp;&nbsp;&nbsp;&nbsp;&nbsp;&nbsp;&nbsp;&nbsp;&nbsp;&nbsp;&nbsp;&nbsp;&nbsp;&nbsp;&nbsp;&nbsp;&nbsp;&nbsp;&nbsp;&nbsp;&nbsp;&nbsp;&nbsp;&nbsp;&nbsp;&nbsp;&nbsp;&nbsp;&nbsp;&nbsp;&nbsp;&nbsp;&nbsp;&nbsp;&nbsp;&nbsp;&nbsp;&nbsp;&nbsp;&nbsp;<\/p>\n\n\n\n<p>En cuanto a lo musical, lanz\u00f3 su primer sencillo, Vueltas al Reloj en el a\u00f1o 2015. Al a\u00f1o siguiente particip\u00f3 en el \u00e1lbum Buena Vida, de Diego Torres, y grab\u00f3 Solo Dios Sabe, tema incluido en la banda sonora del film Gilda, No Me Arrepiento de Este Amor, donde tambi\u00e9n hizo su participaci\u00f3n actoral.<\/p>\n\n\n\n<p>En 2017 lanza La Vida Rosa, cuyo videoclip alcanz\u00f3 las 12 Millones de visualizaciones. Y luego de un per\u00edodo abocada a su carrera actoral, finalmente volvi\u00f3 a la m\u00fasica en el a\u00f1o 2020, con su sencillo Al\u00f3. A este lanzamiento le siguieron Guapo, su primer EP La Ni\u00f1a de Fuego (2021), conformado por seis canciones. En su \u00faltima faceta musical incursion\u00f3 en el g\u00e9nero urbano sin perder esa esencia que la caracteriza, tan asociada al pop. De esta manera, Angela emprende una b\u00fasqueda que no encasilla su sonido en un solo g\u00e9nero, sino que le permite apropiarse de muchos estilos y fusionarlos para lograr algo muy personal.<\/p>\n\n\n\n<p>Durante el \u00faltimo tiempo, \u00c1ngela, ha colaborado en singles con&nbsp;<strong>Lara 91k, Robleis, Yami Safdie, Sael, Diego Torres, BB Asul y&nbsp;<\/strong>uno de sus grandes \u00e9xitos fue<strong>&nbsp;SINVERG\u00dcENZA<\/strong>&nbsp;junto a&nbsp;<strong>Emanero, Karina y Jmena<\/strong>. Tanto sus singles como sus colaboraciones siguen demostrando las facetas y la versatilidad de la artista.<\/p>\n\n\n\n<p>Hoy en d\u00eda,<strong>&nbsp;\u00c1ngela Torres&nbsp;<\/strong>contin\u00faa trabajando en su carrera musical que no para de crecer. Sin duda, promete mantenernos a la expectativa por mucho tiempo m\u00e1s.<\/p>\n","protected":false},"excerpt":{"rendered":"","protected":false},"author":5,"featured_media":16405,"comment_status":"open","ping_status":"open","sticky":false,"template":"","format":"standard","meta":{"om_disable_all_campaigns":false,"_uf_show_specific_survey":0,"_uf_disable_surveys":false,"footnotes":""},"categories":[4],"tags":[],"class_list":["post-16404","post","type-post","status-publish","format-standard","has-post-thumbnail","hentry","category-musica"],"_links":{"self":[{"href":"https:\/\/entrenotasyacordes.com\/index.php?rest_route=\/wp\/v2\/posts\/16404","targetHints":{"allow":["GET"]}}],"collection":[{"href":"https:\/\/entrenotasyacordes.com\/index.php?rest_route=\/wp\/v2\/posts"}],"about":[{"href":"https:\/\/entrenotasyacordes.com\/index.php?rest_route=\/wp\/v2\/types\/post"}],"author":[{"embeddable":true,"href":"https:\/\/entrenotasyacordes.com\/index.php?rest_route=\/wp\/v2\/users\/5"}],"replies":[{"embeddable":true,"href":"https:\/\/entrenotasyacordes.com\/index.php?rest_route=%2Fwp%2Fv2%2Fcomments&post=16404"}],"version-history":[{"count":1,"href":"https:\/\/entrenotasyacordes.com\/index.php?rest_route=\/wp\/v2\/posts\/16404\/revisions"}],"predecessor-version":[{"id":16407,"href":"https:\/\/entrenotasyacordes.com\/index.php?rest_route=\/wp\/v2\/posts\/16404\/revisions\/16407"}],"wp:featuredmedia":[{"embeddable":true,"href":"https:\/\/entrenotasyacordes.com\/index.php?rest_route=\/wp\/v2\/media\/16405"}],"wp:attachment":[{"href":"https:\/\/entrenotasyacordes.com\/index.php?rest_route=%2Fwp%2Fv2%2Fmedia&parent=16404"}],"wp:term":[{"taxonomy":"category","embeddable":true,"href":"https:\/\/entrenotasyacordes.com\/index.php?rest_route=%2Fwp%2Fv2%2Fcategories&post=16404"},{"taxonomy":"post_tag","embeddable":true,"href":"https:\/\/entrenotasyacordes.com\/index.php?rest_route=%2Fwp%2Fv2%2Ftags&post=16404"}],"curies":[{"name":"wp","href":"https:\/\/api.w.org\/{rel}","templated":true}]}}