{"id":16424,"date":"2025-07-27T18:46:24","date_gmt":"2025-07-27T18:46:24","guid":{"rendered":"https:\/\/entrenotasyacordes.com\/?p=16424"},"modified":"2025-07-27T18:46:30","modified_gmt":"2025-07-27T18:46:30","slug":"de-la-rose-presenta-5-minutos-un-sencillo-seductor-y-honesto","status":"publish","type":"post","link":"https:\/\/entrenotasyacordes.com\/?p=16424","title":{"rendered":"DE LA ROSE PRESENTA \u201c5 MINUTOS\u201d, UN SENCILLO SEDUCTOR Y HONESTO"},"content":{"rendered":"\n<!--more-->\n\n\n<div class=\"wp-block-image\">\n<figure class=\"aligncenter size-full is-resized\"><img loading=\"lazy\" decoding=\"async\" width=\"2048\" height=\"2048\" src=\"https:\/\/entrenotasyacordes.com\/wp-content\/uploads\/2025\/07\/9g.jpg\" alt=\"\" class=\"wp-image-16425\" style=\"width:654px;height:auto\" srcset=\"https:\/\/entrenotasyacordes.com\/wp-content\/uploads\/2025\/07\/9g.jpg 2048w, https:\/\/entrenotasyacordes.com\/wp-content\/uploads\/2025\/07\/9g-300x300.jpg 300w, https:\/\/entrenotasyacordes.com\/wp-content\/uploads\/2025\/07\/9g-1024x1024.jpg 1024w, https:\/\/entrenotasyacordes.com\/wp-content\/uploads\/2025\/07\/9g-150x150.jpg 150w, https:\/\/entrenotasyacordes.com\/wp-content\/uploads\/2025\/07\/9g-768x768.jpg 768w, https:\/\/entrenotasyacordes.com\/wp-content\/uploads\/2025\/07\/9g-1536x1536.jpg 1536w, https:\/\/entrenotasyacordes.com\/wp-content\/uploads\/2025\/07\/9g-50x50.jpg 50w\" sizes=\"auto, (max-width: 2048px) 100vw, 2048px\" \/><\/figure>\n<\/div>\n\n\n<p class=\"has-text-align-left\">Con m\u00e1s de 17 millones de oyentes mensuales y un cat\u00e1logo que fusiona complejidad emocional con una direcci\u00f3n sonora precisa, <strong>De La Rose <\/strong>regresa con \u201c<strong>5 Minutos<\/strong>\u201d, su nuevo lanzamiento bajo <strong>Warner Music Latina<\/strong>, ya disponible en todas las plataformas digitales.<\/p>\n\n\n\n<p>Construida sobre bases de trap latino y una producci\u00f3n minimalista de reggaet\u00f3n, \u201c<strong>5 Minutos<\/strong>\u201d es una exploraci\u00f3n directa e \u00edntima del deseo. Desde el primer verso \u2014\u201c<em>Tic toc, da\u2019 pa\u2019 un quickie antes que entres al work\u2026<\/em>\u201d\u2014 la canci\u00f3n plantea una narrativa clara, sin adornos: se trata de rendirse al presente, sin culpa ni reservas. Es una declaraci\u00f3n de placer y autonom\u00eda desde la mirada de una mujer que controla su voz y su ritmo.<\/p>\n\n\n\n<p>\u201c<em>Esta canci\u00f3n habla de estar presente<\/em>\u201d, comparte <strong>De La Rose<\/strong>. \u201c<em>De no negociar el deseo ni la verdad emocional. Es honesta, sin filtros, y completamente fiel a lo que soy ahora<\/em>\u201d.<\/p>\n\n\n\n<p>La trayectoria de <strong>De La Rose <\/strong>ha estado marcada por una construcci\u00f3n art\u00edstica s\u00f3lida y coherente. Desde sus primeros temas como \u201c<strong>Kyoto<\/strong>\u201d y \u201c<strong>COBRO<\/strong>\u201d, hasta su \u00e9xito viral \u201c<strong>\u00bfQu\u00e9 Vas a Hacer Hoy?<\/strong>\u201d junto a <strong>Omar Courtz <\/strong>(certificado 4\u00d7 Platino y con m\u00e1s de 4 millones de creaciones en TikTok), la artista ha consolidado una propuesta que se mueve con libertad entre el reggaet\u00f3n, el trap y el R&amp;B, sin perder profundidad l\u00edrica ni enfoque narrativo. Su participaci\u00f3n en el remix de \u201c<strong>WYA Red<\/strong>\u201d junto a <strong>Yan Block <\/strong>(m\u00e1s de 193 millones de vistas en YouTube y 150 millones de streams en Spotify) reafirm\u00f3 su lugar en la nueva generaci\u00f3n de voces que est\u00e1n transformando el panorama musical latino.<\/p>\n\n\n\n<p>En el 2024, <strong>De La Rose <\/strong>llev\u00f3 su m\u00fasica a escenarios en Espa\u00f1a y Rep\u00fablica Dominicana, abri\u00f3 la gira de <strong>Jhayco <\/strong>y colabor\u00f3 con figuras como <strong>Sech<\/strong>, <strong>Mora<\/strong>, <strong>Quevedo <\/strong>y <strong>Bad Bunny<\/strong>, con quien apareci\u00f3 en su \u00e1lbum #1 <strong><em>DTMF<\/em><\/strong>. Cada paso ha sido parte de una evoluci\u00f3n estrat\u00e9gica que hoy encuentra en \u201c<strong>5 Minutos<\/strong>\u201d un nuevo punto de partida.<\/p>\n\n\n\n<p class=\"has-text-align-left\">Este lanzamiento marca el inicio de una etapa m\u00e1s introspectiva y poderosa para <strong>De La Rose<\/strong>. No hay artificios ni nostalgia: hay claridad. \u201c<strong>5 Minutos<\/strong>\u201d funciona como declaraci\u00f3n art\u00edstica, como experiencia sensorial y como confirmaci\u00f3n de que <strong>De La Rose <\/strong>no est\u00e1 construyendo una imagen, est\u00e1 construyendo una obra y carrera art\u00edstica.<\/p>\n","protected":false},"excerpt":{"rendered":"","protected":false},"author":5,"featured_media":16425,"comment_status":"open","ping_status":"open","sticky":false,"template":"","format":"standard","meta":{"om_disable_all_campaigns":false,"_uf_show_specific_survey":0,"_uf_disable_surveys":false,"footnotes":""},"categories":[4],"tags":[],"class_list":["post-16424","post","type-post","status-publish","format-standard","has-post-thumbnail","hentry","category-musica"],"_links":{"self":[{"href":"https:\/\/entrenotasyacordes.com\/index.php?rest_route=\/wp\/v2\/posts\/16424","targetHints":{"allow":["GET"]}}],"collection":[{"href":"https:\/\/entrenotasyacordes.com\/index.php?rest_route=\/wp\/v2\/posts"}],"about":[{"href":"https:\/\/entrenotasyacordes.com\/index.php?rest_route=\/wp\/v2\/types\/post"}],"author":[{"embeddable":true,"href":"https:\/\/entrenotasyacordes.com\/index.php?rest_route=\/wp\/v2\/users\/5"}],"replies":[{"embeddable":true,"href":"https:\/\/entrenotasyacordes.com\/index.php?rest_route=%2Fwp%2Fv2%2Fcomments&post=16424"}],"version-history":[{"count":1,"href":"https:\/\/entrenotasyacordes.com\/index.php?rest_route=\/wp\/v2\/posts\/16424\/revisions"}],"predecessor-version":[{"id":16426,"href":"https:\/\/entrenotasyacordes.com\/index.php?rest_route=\/wp\/v2\/posts\/16424\/revisions\/16426"}],"wp:featuredmedia":[{"embeddable":true,"href":"https:\/\/entrenotasyacordes.com\/index.php?rest_route=\/wp\/v2\/media\/16425"}],"wp:attachment":[{"href":"https:\/\/entrenotasyacordes.com\/index.php?rest_route=%2Fwp%2Fv2%2Fmedia&parent=16424"}],"wp:term":[{"taxonomy":"category","embeddable":true,"href":"https:\/\/entrenotasyacordes.com\/index.php?rest_route=%2Fwp%2Fv2%2Fcategories&post=16424"},{"taxonomy":"post_tag","embeddable":true,"href":"https:\/\/entrenotasyacordes.com\/index.php?rest_route=%2Fwp%2Fv2%2Ftags&post=16424"}],"curies":[{"name":"wp","href":"https:\/\/api.w.org\/{rel}","templated":true}]}}