{"id":16427,"date":"2025-07-27T18:50:41","date_gmt":"2025-07-27T18:50:41","guid":{"rendered":"https:\/\/entrenotasyacordes.com\/?p=16427"},"modified":"2025-07-27T18:50:42","modified_gmt":"2025-07-27T18:50:42","slug":"el-artista-revelacion-del-ano-sombr-presenta-su-nuevo-single-12-to-12","status":"publish","type":"post","link":"https:\/\/entrenotasyacordes.com\/?p=16427","title":{"rendered":"EL ARTISTA REVELACI\u00d3N DEL A\u00d1O SOMBR PRESENTA SU NUEVO SINGLE \u201c12 TO 12\u201d"},"content":{"rendered":"\n<!--more-->\n\n\n\n<p class=\"has-text-align-center\"><strong>Y COMPARTE EL VIDEO OFICIAL PROTAGONIZADO POR ADDISON RAE Y DIRIGIDO POR GUS BLACK \u2013 MIRALO <\/strong><a href=\"https:\/\/sombr.lnk.to\/12to12Vid\"><strong>ACA<\/strong><\/a><strong><\/strong><\/p>\n\n\n\n<p class=\"has-text-align-center\"><strong>LAS ENTRADAS PARA LA GIRA POR NORTEAMERICA, AUSTRALIA, NUEVA ZELANDA, EUROPA Y REINO UNIDO SE VENDIERON DE INMEDIATO TRAS EL ANUNCIO<\/strong><\/p>\n\n\n\n<p class=\"has-text-align-center\"><strong>PRIMER SHOW QUE ENCABEZA EN UN ARENA CON ENTRADAS AGOTADAS<\/strong><\/p>\n\n\n\n<p class=\"has-text-align-center\"><strong>\u201cBACK TO FRIENDS\u201d OBTUVO LA CERTIFICACI\u00d3N DE ORO DE LA RIAA Y PERMANECI\u00d3 M\u00c1S DE 5 SEMANAS EN EL PUESTO N\u00b01 DEL CHART DE RADIOS ALTERNATIVAS, SUPERANDO LOS 650 MILLONES DE REPRODUCCIONES<\/strong><\/p>\n\n\n\n<p class=\"has-text-align-center\"><strong>\u201cUNDRESSED\u201d CONTINUA LIDERANDO EL TOP 10 DE LA TOP 40, SUPERANDO LOS 420 MILLONES DE REPRODUCCIONES<\/strong><\/p>\n\n\n\n<p class=\"has-text-align-center\"><strong>INTERPRETO \u201cUNDRESSED\u201d EN EL PROGRAMA <em>JIMMY KIMMEL LIVE! <\/em>&#8211; MIRALO<\/strong> <a href=\"https:\/\/www.youtube.com\/watch?v=rKryg-lyGCA\"><strong>ACA<\/strong><\/a><\/p>\n\n\n<div class=\"wp-block-image\">\n<figure class=\"aligncenter size-full is-resized\"><img loading=\"lazy\" decoding=\"async\" width=\"2048\" height=\"2048\" src=\"https:\/\/entrenotasyacordes.com\/wp-content\/uploads\/2025\/07\/9gg.jpg\" alt=\"\" class=\"wp-image-16428\" style=\"width:654px;height:auto\" srcset=\"https:\/\/entrenotasyacordes.com\/wp-content\/uploads\/2025\/07\/9gg.jpg 2048w, https:\/\/entrenotasyacordes.com\/wp-content\/uploads\/2025\/07\/9gg-300x300.jpg 300w, https:\/\/entrenotasyacordes.com\/wp-content\/uploads\/2025\/07\/9gg-1024x1024.jpg 1024w, https:\/\/entrenotasyacordes.com\/wp-content\/uploads\/2025\/07\/9gg-150x150.jpg 150w, https:\/\/entrenotasyacordes.com\/wp-content\/uploads\/2025\/07\/9gg-768x768.jpg 768w, https:\/\/entrenotasyacordes.com\/wp-content\/uploads\/2025\/07\/9gg-1536x1536.jpg 1536w, https:\/\/entrenotasyacordes.com\/wp-content\/uploads\/2025\/07\/9gg-50x50.jpg 50w\" sizes=\"auto, (max-width: 2048px) 100vw, 2048px\" \/><\/figure>\n<\/div>\n\n\n<p>El artista, productor y compositor revelaci\u00f3n de fama internacional <strong>sombr <\/strong>contin\u00faa su ascenso con una incre\u00edble serie de giras con entradas agotadas para 2025\/26 en Europa, Reino Unido, Australia, Nueva Zelanda y Norteam\u00e9rica, y que incluye su primer show en arenas con entradas que se agotaron inmediatamente despu\u00e9s del anuncio.<\/p>\n\n\n\n<p>Ahora, el fen\u00f3meno del pop alternativo de 20 a\u00f1os, nacido y criado en la ciudad de Nueva York, lanza su nuevo single \u201c<strong>12 to 12\u201d, <\/strong>junto a un video oficial protagonizado por <strong>Addison Rae <\/strong>y dirigido por <a href=\"http:\/\/www.gusblack.com\/\"><strong>Gus Black<\/strong><\/a>.<\/p>\n\n\n\n<p><strong>\u201c12 to 12\u201d <\/strong>contin\u00faa consolidando a <strong>sombr <\/strong>como el artista revelaci\u00f3n de 2025. <strong>sombr <\/strong>compone y co-produce todos sus trabajos y su sonido caracter\u00edstico aclamado por la cr\u00edtica resuena y trasciende generaciones, convirti\u00e9ndose en la banda de sonido del verano boreal para millones de personas.<\/p>\n\n\n\n<p>Su exitoso single <strong>\u201cback to friends\u201d <\/strong>se coron\u00f3 como <strong>la canci\u00f3n m\u00e1s escuchada en todo el mundo <\/strong>en el Global Weekly Chart de Spotify, con <strong>650 millones de reproducciones <\/strong>a la fecha y en ascenso. Tambi\u00e9n permaneci\u00f3 en el primer puesto del chart de radios alternativas durante cinco semanas y lleg\u00f3 a la cima despu\u00e9s de 10 semanas, marcando su primer N\u00b01 y el ascenso m\u00e1s r\u00e1pido en radios alternativas para un m\u00fasico que hace su debut en casi una d\u00e9cada. Mientras tanto, \u201c<strong>undressed\u201d <\/strong>contin\u00faa ascendiendo en las listas, alcanzando <strong>500 millones de reproducciones <\/strong>e ingresando al <strong>Top 10 de la Top 40. sombr <\/strong>interpret\u00f3 <strong>\u201cUndressed\u201d <\/strong>en el programa de ABC <strong><em>Jimmy Kimmel Live! <\/em><\/strong>el martes pasado. Miralo <a href=\"https:\/\/www.youtube.com\/watch?v=rKryg-lyGCA\"><strong>ACA.<\/strong><\/a><strong><\/strong><\/p>\n\n\n\n<p>Despu\u00e9s de agotar las entradas de su gira por Norteam\u00e9rica y Europa, <strong>sombr <\/strong>se presentar\u00e1 en importantes locaciones, como el <strong>Gramercy Theatre <\/strong>y el <strong>Brooklyn Steel <\/strong>de Nueva York y el <strong>El Rey Theatre <\/strong>y el <strong>Fonda Theatre <\/strong>de Los Angeles\u2019 . <strong>sombr <\/strong>partir\u00e1 luego para Australia y Nueva Zelanda en diciembre con m\u00e1s fechas agotadas. M\u00e1s detalles en: <a href=\"http:\/\/www.sombrmusic.com\/\"><u>www.sombrmusic.com<\/u><\/a><\/p>\n\n\n\n<p><strong>sombr<\/strong>\u2014nacido como Shane Boose en la ciudad de Nueva York y criado en el Lower East Side\u2014 comenz\u00f3 creando m\u00fasica en su dormitorio mientras estudiaba m\u00fasica cl\u00e1sica en una prestigiosa escuela p\u00fablica, LaGuardia High School. Su primer \u00e9xito, \u201c<strong>Caroline<\/strong>\u201d (2022), revolucion\u00f3 internet y desde entonces el artista lanz\u00f3 una serie de EP y singles, logrando m\u00e1s de <strong>400 millones de reproducciones mensuales <\/strong>en todas las plataformas. Ahora, con residencia en Los Angeles, <strong>sombr <\/strong>contin\u00faa explorando el romance y las rupturas juveniles a trav\u00e9s de su m\u00fasica, de la que es autor y co-productor y que se conoce a trav\u00e9s de <strong>Warner Records<\/strong>.<\/p>\n\n\n\n<p><\/p>\n","protected":false},"excerpt":{"rendered":"","protected":false},"author":5,"featured_media":16428,"comment_status":"open","ping_status":"open","sticky":false,"template":"","format":"standard","meta":{"om_disable_all_campaigns":false,"_uf_show_specific_survey":0,"_uf_disable_surveys":false,"footnotes":""},"categories":[4],"tags":[],"class_list":["post-16427","post","type-post","status-publish","format-standard","has-post-thumbnail","hentry","category-musica"],"_links":{"self":[{"href":"https:\/\/entrenotasyacordes.com\/index.php?rest_route=\/wp\/v2\/posts\/16427","targetHints":{"allow":["GET"]}}],"collection":[{"href":"https:\/\/entrenotasyacordes.com\/index.php?rest_route=\/wp\/v2\/posts"}],"about":[{"href":"https:\/\/entrenotasyacordes.com\/index.php?rest_route=\/wp\/v2\/types\/post"}],"author":[{"embeddable":true,"href":"https:\/\/entrenotasyacordes.com\/index.php?rest_route=\/wp\/v2\/users\/5"}],"replies":[{"embeddable":true,"href":"https:\/\/entrenotasyacordes.com\/index.php?rest_route=%2Fwp%2Fv2%2Fcomments&post=16427"}],"version-history":[{"count":1,"href":"https:\/\/entrenotasyacordes.com\/index.php?rest_route=\/wp\/v2\/posts\/16427\/revisions"}],"predecessor-version":[{"id":16429,"href":"https:\/\/entrenotasyacordes.com\/index.php?rest_route=\/wp\/v2\/posts\/16427\/revisions\/16429"}],"wp:featuredmedia":[{"embeddable":true,"href":"https:\/\/entrenotasyacordes.com\/index.php?rest_route=\/wp\/v2\/media\/16428"}],"wp:attachment":[{"href":"https:\/\/entrenotasyacordes.com\/index.php?rest_route=%2Fwp%2Fv2%2Fmedia&parent=16427"}],"wp:term":[{"taxonomy":"category","embeddable":true,"href":"https:\/\/entrenotasyacordes.com\/index.php?rest_route=%2Fwp%2Fv2%2Fcategories&post=16427"},{"taxonomy":"post_tag","embeddable":true,"href":"https:\/\/entrenotasyacordes.com\/index.php?rest_route=%2Fwp%2Fv2%2Ftags&post=16427"}],"curies":[{"name":"wp","href":"https:\/\/api.w.org\/{rel}","templated":true}]}}