{"id":16430,"date":"2025-07-27T18:55:55","date_gmt":"2025-07-27T18:55:55","guid":{"rendered":"https:\/\/entrenotasyacordes.com\/?p=16430"},"modified":"2025-07-27T18:55:59","modified_gmt":"2025-07-27T18:55:59","slug":"w-sound-06-ovy-on-the-drums-y-dei-v-rompen-fronteras-con-undercromo","status":"publish","type":"post","link":"https:\/\/entrenotasyacordes.com\/?p=16430","title":{"rendered":"W SOUND 06: OVY ON THE DRUMS Y DEI V ROMPEN FRONTERAS CON \u201cUNDERCROMO\u201d"},"content":{"rendered":"\n<!--more-->\n\n\n\n<p class=\"has-text-align-center\"><strong><em>La sexta entrega del proyecto liderado por Ovy y Westcol une el futuro del trap con el legado de Mozart<\/em><\/strong><\/p>\n\n\n<div class=\"wp-block-image\">\n<figure class=\"aligncenter size-full is-resized\"><img loading=\"lazy\" decoding=\"async\" width=\"2048\" height=\"2048\" src=\"https:\/\/entrenotasyacordes.com\/wp-content\/uploads\/2025\/07\/9ggg.jpg\" alt=\"\" class=\"wp-image-16431\" style=\"width:654px;height:auto\" srcset=\"https:\/\/entrenotasyacordes.com\/wp-content\/uploads\/2025\/07\/9ggg.jpg 2048w, https:\/\/entrenotasyacordes.com\/wp-content\/uploads\/2025\/07\/9ggg-300x300.jpg 300w, https:\/\/entrenotasyacordes.com\/wp-content\/uploads\/2025\/07\/9ggg-1024x1024.jpg 1024w, https:\/\/entrenotasyacordes.com\/wp-content\/uploads\/2025\/07\/9ggg-150x150.jpg 150w, https:\/\/entrenotasyacordes.com\/wp-content\/uploads\/2025\/07\/9ggg-768x768.jpg 768w, https:\/\/entrenotasyacordes.com\/wp-content\/uploads\/2025\/07\/9ggg-1536x1536.jpg 1536w, https:\/\/entrenotasyacordes.com\/wp-content\/uploads\/2025\/07\/9ggg-50x50.jpg 50w\" sizes=\"auto, (max-width: 2048px) 100vw, 2048px\" \/><\/figure>\n<\/div>\n\n\n<p>Luego del \u00e9xito arrollador de \u201cLa Plena\u201d, que se apoder\u00f3 de los charts globales y consolid\u00f3 a <strong><em>W Sound <\/em><\/strong>como un laboratorio musical sin reglas, el productor colombiano <strong>Ovy On The Drums <\/strong>y el streamer n\u00famero uno de latinoam\u00e9rica<strong>, Westcol<\/strong>, unen fuerzas por primera vez en este proyecto con un talento de Puerto Rico: <strong>Dei V<\/strong>, una de las voces m\u00e1s vers\u00e1tiles de la nueva ola urbana.<\/p>\n\n\n\n<p>El resultado es <strong>\u201cUNDERCROMO\u201d<\/strong>, sexta entrega del proyecto, que estar\u00e1 disponible hoy a partir de las 8 p. m. EST en todas las plataformas digitales.<\/p>\n\n\n\n<p>En \u201c<strong>UNDERCROMO<\/strong>\u201d, <strong>Ovy <\/strong>desaf\u00eda las estructuras sonoras tradicionales al mezclar un beat con est\u00e9tica futurista y detalles orquestales inspirados en <strong>Mozart<\/strong>, creando una atm\u00f3sfera de tensi\u00f3n y grandeza. La l\u00edrica, cargada de met\u00e1foras sobre superaci\u00f3n, disciplina y ambici\u00f3n, cobra vida con la voz mel\u00f3dica y el flow agresivo de <strong>Dei V<\/strong>.<\/p>\n\n\n\n<p>Este lanzamiento tambi\u00e9n marca un hito para <strong><em>W Sound<\/em><\/strong>, al sumar por primera vez a un artista puertorrique\u00f1o a su serie de colaboraciones, reflejando la visi\u00f3n pan-latina del proyecto. Concebido por <strong>Ovy On The Drums <\/strong>y el creador de contenido <strong>Westcol<\/strong>, W Sound busca romper barreras entre g\u00e9neros, territorios y generaciones, dando visibilidad a sonidos emergentes desde una \u00f3ptica disruptiva.<\/p>\n\n\n\n<p><strong>Ovy On The Drums:<\/strong><br><em>\u00abEn esta producci\u00f3n me gust\u00f3 demasiado poder utilizar una obra de Mozart \u2014un artista inmortal\u2014. Esta es la canci\u00f3n que me despierta y me motiva, me dan ganas de seguir empujando a nivel personal.\u00bb<\/em><\/p>\n\n\n\n<p><strong>Dei V:<\/strong><br><em>\u00abEsta es una canci\u00f3n personal para todos mis fan\u00e1ticos: para que salgan a trabajar, se levanten motivados y tengan un buen d\u00eda.\u00bb<\/em><\/p>\n\n\n\n<p>W Sound 05 \u2013 <em>\u201cLa Plena\u201d <\/em>rompi\u00f3 r\u00e9cords con m\u00e1s de 750 millones de streams, se posicion\u00f3 como la canci\u00f3n latina mejor rankeada en Spotify Top Global Songs desde el 11 de abril, y alcanz\u00f3 el puesto #11 del Billboard Global 200. Fue destacada por Spotify como una de las canciones del verano 2025.<\/p>\n\n\n\n<p><strong>Ovy On The Drums<\/strong>, con m\u00e1s de <strong>37 millones de oyentes mensuales <\/strong>en Spotify, fue nombrado por <em>El Pa\u00eds <\/em>como \u201c<strong>el productor latino m\u00e1s escuchado del mundo<\/strong>\u201d.<\/p>\n\n\n\n<p><strong>Acerca de los artistas Ovy On The Drums<\/strong><br>Productor, compositor y arreglista colombiano. Ha forjado hits globales para Karol G, Bad Bunny y Shakira; entre sus cr\u00e9ditos figuran \u201cTusa\u201d, \u201cProvenza\u201d y \u201cTQG\u201d, cada uno con m\u00e1s de 1 000 millones de streams. <\/p>\n\n\n\n<p><strong>Dei V<\/strong><br>Nacido en Carolina, Puerto Rico, Dei V suma m\u00e1s de 500 millones de reproducciones y es se\u00f1alado por Billboard como \u201cuno de los pr\u00f3ximos superstars latinos\u201d. Su versatilidad trap-urbana le ha valido elogios de Bad Bunny y colaboraciones con Omar Montes y Karol G.  <\/p>\n\n\n\n<p><strong>W Sound<\/strong><br>Iniciativa creada por Ovy y el streamer colombiano Westcol; cada cap\u00edtulo presenta una fusi\u00f3n in\u00e9dita entre artistas consolidados y talentos emergentes, redefiniendo el formato colaborativo en la m\u00fasica urbana.<\/p>\n","protected":false},"excerpt":{"rendered":"","protected":false},"author":5,"featured_media":16431,"comment_status":"open","ping_status":"open","sticky":false,"template":"","format":"standard","meta":{"om_disable_all_campaigns":false,"_uf_show_specific_survey":0,"_uf_disable_surveys":false,"footnotes":""},"categories":[4],"tags":[],"class_list":["post-16430","post","type-post","status-publish","format-standard","has-post-thumbnail","hentry","category-musica"],"_links":{"self":[{"href":"https:\/\/entrenotasyacordes.com\/index.php?rest_route=\/wp\/v2\/posts\/16430","targetHints":{"allow":["GET"]}}],"collection":[{"href":"https:\/\/entrenotasyacordes.com\/index.php?rest_route=\/wp\/v2\/posts"}],"about":[{"href":"https:\/\/entrenotasyacordes.com\/index.php?rest_route=\/wp\/v2\/types\/post"}],"author":[{"embeddable":true,"href":"https:\/\/entrenotasyacordes.com\/index.php?rest_route=\/wp\/v2\/users\/5"}],"replies":[{"embeddable":true,"href":"https:\/\/entrenotasyacordes.com\/index.php?rest_route=%2Fwp%2Fv2%2Fcomments&post=16430"}],"version-history":[{"count":1,"href":"https:\/\/entrenotasyacordes.com\/index.php?rest_route=\/wp\/v2\/posts\/16430\/revisions"}],"predecessor-version":[{"id":16432,"href":"https:\/\/entrenotasyacordes.com\/index.php?rest_route=\/wp\/v2\/posts\/16430\/revisions\/16432"}],"wp:featuredmedia":[{"embeddable":true,"href":"https:\/\/entrenotasyacordes.com\/index.php?rest_route=\/wp\/v2\/media\/16431"}],"wp:attachment":[{"href":"https:\/\/entrenotasyacordes.com\/index.php?rest_route=%2Fwp%2Fv2%2Fmedia&parent=16430"}],"wp:term":[{"taxonomy":"category","embeddable":true,"href":"https:\/\/entrenotasyacordes.com\/index.php?rest_route=%2Fwp%2Fv2%2Fcategories&post=16430"},{"taxonomy":"post_tag","embeddable":true,"href":"https:\/\/entrenotasyacordes.com\/index.php?rest_route=%2Fwp%2Fv2%2Ftags&post=16430"}],"curies":[{"name":"wp","href":"https:\/\/api.w.org\/{rel}","templated":true}]}}