{"id":16433,"date":"2025-07-27T19:00:45","date_gmt":"2025-07-27T19:00:45","guid":{"rendered":"https:\/\/entrenotasyacordes.com\/?p=16433"},"modified":"2025-07-27T19:00:46","modified_gmt":"2025-07-27T19:00:46","slug":"el-negro-tecla-lanza-su-nuevo-single-la-noche","status":"publish","type":"post","link":"https:\/\/entrenotasyacordes.com\/?p=16433","title":{"rendered":"El Negro Tecla lanza su nuevo single \u201cLa Noche\u201d"},"content":{"rendered":"\n<!--more-->\n\n\n<div class=\"wp-block-image\">\n<figure class=\"aligncenter size-full is-resized\"><img loading=\"lazy\" decoding=\"async\" width=\"2048\" height=\"2045\" src=\"https:\/\/entrenotasyacordes.com\/wp-content\/uploads\/2025\/07\/9gggg.jpg\" alt=\"\" class=\"wp-image-16434\" style=\"width:654px;height:auto\" srcset=\"https:\/\/entrenotasyacordes.com\/wp-content\/uploads\/2025\/07\/9gggg.jpg 2048w, https:\/\/entrenotasyacordes.com\/wp-content\/uploads\/2025\/07\/9gggg-300x300.jpg 300w, https:\/\/entrenotasyacordes.com\/wp-content\/uploads\/2025\/07\/9gggg-1024x1023.jpg 1024w, https:\/\/entrenotasyacordes.com\/wp-content\/uploads\/2025\/07\/9gggg-150x150.jpg 150w, https:\/\/entrenotasyacordes.com\/wp-content\/uploads\/2025\/07\/9gggg-768x767.jpg 768w, https:\/\/entrenotasyacordes.com\/wp-content\/uploads\/2025\/07\/9gggg-1536x1534.jpg 1536w, https:\/\/entrenotasyacordes.com\/wp-content\/uploads\/2025\/07\/9gggg-50x50.jpg 50w\" sizes=\"auto, (max-width: 2048px) 100vw, 2048px\" \/><\/figure>\n<\/div>\n\n\n<p class=\"has-text-align-left\">Siendo uno de los nuevos referentes de la cumbia <strong>El Negro Tecla <\/strong>presenta su nuevo single <strong>\u201cLa Noche\u201d<\/strong>. Disponible en todas las plataformas el <strong>pr\u00f3ximo jueves 24 de julio a las 21:00hs.<\/strong><strong><\/strong><\/p>\n\n\n\n<p class=\"has-text-align-left\">Con la producci\u00f3n de <strong>Phontana<\/strong>, referente de la escena urbana actual, \u201cLa Noche\u201d fusiona los ritmos de la cumbia que tanto caracterizan al artista mendocino. Una propuesta fresca y potente que reafirma la identidad del artista y su lugar en la renovaci\u00f3n del g\u00e9nero.<\/p>\n\n\n\n<p class=\"has-text-align-left\">Con apenas 24 a\u00f1os, <strong>El Negro Tecla <\/strong>se consolida como la nueva cara de la cumbia argentina, con millones de reproducciones, presencia constante en las playlists m\u00e1s populares y un estilo propio que conecta con la calle, la fiesta y la emoci\u00f3n. Este lanzamiento llega en un gran momento para <strong>El Negro Tecla<\/strong>, quien este a\u00f1o recibi\u00f3 una nominaci\u00f3n a los <strong>Premios Gardel 2025 <\/strong>por su hit <strong>\u201cAh\u00ed Ah\u00ed Remix\u201d<\/strong>, y no para de sumar seguidores.<\/p>\n\n\n<div class=\"wp-block-image\">\n<figure class=\"aligncenter size-full is-resized\"><img loading=\"lazy\" decoding=\"async\" width=\"2048\" height=\"1154\" src=\"https:\/\/entrenotasyacordes.com\/wp-content\/uploads\/2025\/07\/9ggggg.jpg\" alt=\"\" class=\"wp-image-16435\" style=\"width:654px;height:auto\" srcset=\"https:\/\/entrenotasyacordes.com\/wp-content\/uploads\/2025\/07\/9ggggg.jpg 2048w, https:\/\/entrenotasyacordes.com\/wp-content\/uploads\/2025\/07\/9ggggg-300x169.jpg 300w, https:\/\/entrenotasyacordes.com\/wp-content\/uploads\/2025\/07\/9ggggg-1024x577.jpg 1024w, https:\/\/entrenotasyacordes.com\/wp-content\/uploads\/2025\/07\/9ggggg-768x433.jpg 768w, https:\/\/entrenotasyacordes.com\/wp-content\/uploads\/2025\/07\/9ggggg-1536x866.jpg 1536w\" sizes=\"auto, (max-width: 2048px) 100vw, 2048px\" \/><\/figure>\n<\/div>\n\n\n<p><\/p>\n","protected":false},"excerpt":{"rendered":"","protected":false},"author":5,"featured_media":16434,"comment_status":"open","ping_status":"open","sticky":false,"template":"","format":"standard","meta":{"om_disable_all_campaigns":false,"_uf_show_specific_survey":0,"_uf_disable_surveys":false,"footnotes":""},"categories":[4],"tags":[],"class_list":["post-16433","post","type-post","status-publish","format-standard","has-post-thumbnail","hentry","category-musica"],"_links":{"self":[{"href":"https:\/\/entrenotasyacordes.com\/index.php?rest_route=\/wp\/v2\/posts\/16433","targetHints":{"allow":["GET"]}}],"collection":[{"href":"https:\/\/entrenotasyacordes.com\/index.php?rest_route=\/wp\/v2\/posts"}],"about":[{"href":"https:\/\/entrenotasyacordes.com\/index.php?rest_route=\/wp\/v2\/types\/post"}],"author":[{"embeddable":true,"href":"https:\/\/entrenotasyacordes.com\/index.php?rest_route=\/wp\/v2\/users\/5"}],"replies":[{"embeddable":true,"href":"https:\/\/entrenotasyacordes.com\/index.php?rest_route=%2Fwp%2Fv2%2Fcomments&post=16433"}],"version-history":[{"count":1,"href":"https:\/\/entrenotasyacordes.com\/index.php?rest_route=\/wp\/v2\/posts\/16433\/revisions"}],"predecessor-version":[{"id":16436,"href":"https:\/\/entrenotasyacordes.com\/index.php?rest_route=\/wp\/v2\/posts\/16433\/revisions\/16436"}],"wp:featuredmedia":[{"embeddable":true,"href":"https:\/\/entrenotasyacordes.com\/index.php?rest_route=\/wp\/v2\/media\/16434"}],"wp:attachment":[{"href":"https:\/\/entrenotasyacordes.com\/index.php?rest_route=%2Fwp%2Fv2%2Fmedia&parent=16433"}],"wp:term":[{"taxonomy":"category","embeddable":true,"href":"https:\/\/entrenotasyacordes.com\/index.php?rest_route=%2Fwp%2Fv2%2Fcategories&post=16433"},{"taxonomy":"post_tag","embeddable":true,"href":"https:\/\/entrenotasyacordes.com\/index.php?rest_route=%2Fwp%2Fv2%2Ftags&post=16433"}],"curies":[{"name":"wp","href":"https:\/\/api.w.org\/{rel}","templated":true}]}}