{"id":16437,"date":"2025-07-27T19:04:35","date_gmt":"2025-07-27T19:04:35","guid":{"rendered":"https:\/\/entrenotasyacordes.com\/?p=16437"},"modified":"2025-07-27T19:04:36","modified_gmt":"2025-07-27T19:04:36","slug":"alma-presenta-quememonos-su-nuevo-single-de-estudio","status":"publish","type":"post","link":"https:\/\/entrenotasyacordes.com\/?p=16437","title":{"rendered":"ALMA PRESENTA \u201cQUEM\u00c9MONOS\u201d, SU NUEVO SINGLE DE ESTUDIO"},"content":{"rendered":"\n<!--more-->\n\n\n\n<p class=\"has-text-align-left\"><strong>La boy band argentina redobla la apuesta con una canci\u00f3n pop, bailable y cargada de armon\u00edas vocales<\/strong><\/p>\n\n\n<div class=\"wp-block-image\">\n<figure class=\"aligncenter size-full is-resized\"><img loading=\"lazy\" decoding=\"async\" width=\"1137\" height=\"1137\" src=\"https:\/\/entrenotasyacordes.com\/wp-content\/uploads\/2025\/07\/9gggggg.jpg\" alt=\"\" class=\"wp-image-16438\" style=\"width:654px;height:auto\" srcset=\"https:\/\/entrenotasyacordes.com\/wp-content\/uploads\/2025\/07\/9gggggg.jpg 1137w, https:\/\/entrenotasyacordes.com\/wp-content\/uploads\/2025\/07\/9gggggg-300x300.jpg 300w, https:\/\/entrenotasyacordes.com\/wp-content\/uploads\/2025\/07\/9gggggg-1024x1024.jpg 1024w, https:\/\/entrenotasyacordes.com\/wp-content\/uploads\/2025\/07\/9gggggg-150x150.jpg 150w, https:\/\/entrenotasyacordes.com\/wp-content\/uploads\/2025\/07\/9gggggg-768x768.jpg 768w, https:\/\/entrenotasyacordes.com\/wp-content\/uploads\/2025\/07\/9gggggg-50x50.jpg 50w\" sizes=\"auto, (max-width: 1137px) 100vw, 1137px\" \/><\/figure>\n<\/div>\n\n\n<p class=\"has-text-align-left\">Luego de un exitoso debut con \u201c<a href=\"https:\/\/www.youtube.com\/watch?v=zyIC3ane7IQ&amp;list=RDzyIC3ane7IQ&amp;start_radio=1\"><u>D\u00edmelo<\/u><\/a>\u201d, Alma, la boy band argentina integrada por <strong>Kiza<\/strong>, <strong>Feli <\/strong>y<\/p>\n\n\n\n<p><strong>Matt<\/strong>, presenta su segundo single: \u201cQuem\u00e9monos\u201d.<\/p>\n\n\n\n<p>La canci\u00f3n profundiza la identidad musical del grupo con una propuesta pop moderna que combina groove, soul y toques disco, apostando a un sonido bailable y energ\u00e9tico. Con una letra que narra un romance, el tema invita al movimiento desde el primer momento.<\/p>\n\n\n\n<p>\u201cQuem\u00e9monos\u201d fue compuesta por los integrantes de Alma junto a Emkier y Krom, con producci\u00f3n musical de Federico Iv\u00e1n y arreglos de Mariano Joaqu\u00edn. Adem\u00e1s, incluye un solo de guitarra grabado por <strong>Kiza<\/strong>, uno de los miembros de la banda, que aporta un sello distintivo al track.<\/p>\n\n\n\n<p>M\u00e1s all\u00e1 de su propuesta sonora, Alma se destaca por sus armon\u00edas vocales trabajadas al detalle, una fuerte identidad visual y coreograf\u00edas propias de las grandes boy bands internacionales, que buscan recuperar esa m\u00edstica del pop adolescente pero con una est\u00e9tica renovada.<\/p>\n\n\n\n<p class=\"has-text-align-left\">Con solo dos singles, Alma ya se posiciona como una de las propuestas emergentes m\u00e1s frescas y prometedoras del nuevo pop argentino.<\/p>\n\n\n<div class=\"wp-block-image\">\n<figure class=\"aligncenter size-full is-resized\"><img loading=\"lazy\" decoding=\"async\" width=\"2048\" height=\"2048\" src=\"https:\/\/entrenotasyacordes.com\/wp-content\/uploads\/2025\/07\/9ggggggg.jpg\" alt=\"\" class=\"wp-image-16439\" style=\"width:654px;height:auto\" srcset=\"https:\/\/entrenotasyacordes.com\/wp-content\/uploads\/2025\/07\/9ggggggg.jpg 2048w, https:\/\/entrenotasyacordes.com\/wp-content\/uploads\/2025\/07\/9ggggggg-300x300.jpg 300w, https:\/\/entrenotasyacordes.com\/wp-content\/uploads\/2025\/07\/9ggggggg-1024x1024.jpg 1024w, https:\/\/entrenotasyacordes.com\/wp-content\/uploads\/2025\/07\/9ggggggg-150x150.jpg 150w, https:\/\/entrenotasyacordes.com\/wp-content\/uploads\/2025\/07\/9ggggggg-768x768.jpg 768w, https:\/\/entrenotasyacordes.com\/wp-content\/uploads\/2025\/07\/9ggggggg-1536x1536.jpg 1536w, https:\/\/entrenotasyacordes.com\/wp-content\/uploads\/2025\/07\/9ggggggg-50x50.jpg 50w\" sizes=\"auto, (max-width: 2048px) 100vw, 2048px\" \/><\/figure>\n<\/div>\n\n\n<p><\/p>\n","protected":false},"excerpt":{"rendered":"","protected":false},"author":5,"featured_media":16438,"comment_status":"open","ping_status":"open","sticky":false,"template":"","format":"standard","meta":{"om_disable_all_campaigns":false,"_uf_show_specific_survey":0,"_uf_disable_surveys":false,"footnotes":""},"categories":[4],"tags":[],"class_list":["post-16437","post","type-post","status-publish","format-standard","has-post-thumbnail","hentry","category-musica"],"_links":{"self":[{"href":"https:\/\/entrenotasyacordes.com\/index.php?rest_route=\/wp\/v2\/posts\/16437","targetHints":{"allow":["GET"]}}],"collection":[{"href":"https:\/\/entrenotasyacordes.com\/index.php?rest_route=\/wp\/v2\/posts"}],"about":[{"href":"https:\/\/entrenotasyacordes.com\/index.php?rest_route=\/wp\/v2\/types\/post"}],"author":[{"embeddable":true,"href":"https:\/\/entrenotasyacordes.com\/index.php?rest_route=\/wp\/v2\/users\/5"}],"replies":[{"embeddable":true,"href":"https:\/\/entrenotasyacordes.com\/index.php?rest_route=%2Fwp%2Fv2%2Fcomments&post=16437"}],"version-history":[{"count":1,"href":"https:\/\/entrenotasyacordes.com\/index.php?rest_route=\/wp\/v2\/posts\/16437\/revisions"}],"predecessor-version":[{"id":16440,"href":"https:\/\/entrenotasyacordes.com\/index.php?rest_route=\/wp\/v2\/posts\/16437\/revisions\/16440"}],"wp:featuredmedia":[{"embeddable":true,"href":"https:\/\/entrenotasyacordes.com\/index.php?rest_route=\/wp\/v2\/media\/16438"}],"wp:attachment":[{"href":"https:\/\/entrenotasyacordes.com\/index.php?rest_route=%2Fwp%2Fv2%2Fmedia&parent=16437"}],"wp:term":[{"taxonomy":"category","embeddable":true,"href":"https:\/\/entrenotasyacordes.com\/index.php?rest_route=%2Fwp%2Fv2%2Fcategories&post=16437"},{"taxonomy":"post_tag","embeddable":true,"href":"https:\/\/entrenotasyacordes.com\/index.php?rest_route=%2Fwp%2Fv2%2Ftags&post=16437"}],"curies":[{"name":"wp","href":"https:\/\/api.w.org\/{rel}","templated":true}]}}