{"id":16441,"date":"2025-07-27T19:07:44","date_gmt":"2025-07-27T19:07:44","guid":{"rendered":"https:\/\/entrenotasyacordes.com\/?p=16441"},"modified":"2025-07-27T19:07:45","modified_gmt":"2025-07-27T19:07:45","slug":"elena-rose-y-justin-quiles-se-unen-en-cosita-linda-un-afrobeat-que-celebra-el-amor","status":"publish","type":"post","link":"https:\/\/entrenotasyacordes.com\/?p=16441","title":{"rendered":"ELENA ROSE Y JUSTIN QUILES SE UNEN EN \u201cCOSITA LINDA\u201d UN AFROBEAT QUE CELEBRA EL AMOR."},"content":{"rendered":"\n<!--more-->\n\n\n<div class=\"wp-block-image\">\n<figure class=\"aligncenter size-full is-resized\"><img loading=\"lazy\" decoding=\"async\" width=\"2048\" height=\"2048\" src=\"https:\/\/entrenotasyacordes.com\/wp-content\/uploads\/2025\/07\/9h.jpg\" alt=\"\" class=\"wp-image-16442\" style=\"width:654px;height:auto\" srcset=\"https:\/\/entrenotasyacordes.com\/wp-content\/uploads\/2025\/07\/9h.jpg 2048w, https:\/\/entrenotasyacordes.com\/wp-content\/uploads\/2025\/07\/9h-300x300.jpg 300w, https:\/\/entrenotasyacordes.com\/wp-content\/uploads\/2025\/07\/9h-1024x1024.jpg 1024w, https:\/\/entrenotasyacordes.com\/wp-content\/uploads\/2025\/07\/9h-150x150.jpg 150w, https:\/\/entrenotasyacordes.com\/wp-content\/uploads\/2025\/07\/9h-768x768.jpg 768w, https:\/\/entrenotasyacordes.com\/wp-content\/uploads\/2025\/07\/9h-1536x1536.jpg 1536w, https:\/\/entrenotasyacordes.com\/wp-content\/uploads\/2025\/07\/9h-50x50.jpg 50w\" sizes=\"auto, (max-width: 2048px) 100vw, 2048px\" \/><\/figure>\n<\/div>\n\n\n<p class=\"has-text-align-left\">La cantautora venezolana <strong>Elena Rose <\/strong>contin\u00faa marcando su camino en la m\u00fasica con una propuesta cada vez m\u00e1s aut\u00e9ntica. Hoy estrena <strong>\u201cCosita Linda\u201d<\/strong>, un pop con <strong>afrobeat <\/strong>en<\/p>\n\n\n\n<p>colaboraci\u00f3n con el reconocido artista urbano <strong>Justin Quiles<\/strong>. Esta inesperada uni\u00f3n da como resultado una canci\u00f3n que celebra el amor real y sin complicaciones.<\/p>\n\n\n\n<p><strong>\u201cCosita Linda\u201d <\/strong>lleva el sello inconfundible de Elena: libre, real y aut\u00e9ntico. Su sonido invita a celebrar el amor desde su esencia. Justin Quiles suma su estilo urbano con naturalidad, haciendo de este dueto una combinaci\u00f3n perfecta para este verano.<\/p>\n\n\n\n<p class=\"has-text-align-left\">Este lanzamiento llega en medio de un gran a\u00f1o para Elena: se present\u00f3 en festivales clave de Am\u00e9rica Latina, agot\u00f3 entradas en el Lunario de Ciudad de M\u00e9xico, protagoniz\u00f3 un dueto viral junto a Ed Sheeran, y acaba de dar inicio a su primera gira europea, <strong>\u201cAlma Tour\u201d<\/strong>, con sus dos primeras paradas <strong>Mil\u00e1n <\/strong>y <strong>Madrid<\/strong>, completamente <strong>sold out<\/strong>. El pasado fin de semana, Elena tuvo una aparici\u00f3n sorpresa en el Reggaet\u00f3n Beach Festival en Madrid, donde interpret\u00f3 \u201cCosita Linda\u201d por primera vez junto a Justin.<\/p>\n\n\n<div class=\"wp-block-image\">\n<figure class=\"aligncenter size-full is-resized\"><img loading=\"lazy\" decoding=\"async\" width=\"2048\" height=\"1152\" src=\"https:\/\/entrenotasyacordes.com\/wp-content\/uploads\/2025\/07\/9hh.jpg\" alt=\"\" class=\"wp-image-16443\" style=\"width:654px;height:auto\" srcset=\"https:\/\/entrenotasyacordes.com\/wp-content\/uploads\/2025\/07\/9hh.jpg 2048w, https:\/\/entrenotasyacordes.com\/wp-content\/uploads\/2025\/07\/9hh-300x169.jpg 300w, https:\/\/entrenotasyacordes.com\/wp-content\/uploads\/2025\/07\/9hh-1024x576.jpg 1024w, https:\/\/entrenotasyacordes.com\/wp-content\/uploads\/2025\/07\/9hh-768x432.jpg 768w, https:\/\/entrenotasyacordes.com\/wp-content\/uploads\/2025\/07\/9hh-1536x864.jpg 1536w\" sizes=\"auto, (max-width: 2048px) 100vw, 2048px\" \/><\/figure>\n<\/div>\n\n\n<p>Con <strong>\u201cCosita Linda\u201d<\/strong>, Elena Rose contin\u00faa su evoluci\u00f3n como artista: m\u00e1s libre, m\u00e1s segura y cada vez m\u00e1s cerca del p\u00fablico que la ha acompa\u00f1ado desde sus inicios.<\/p>\n","protected":false},"excerpt":{"rendered":"","protected":false},"author":5,"featured_media":16442,"comment_status":"open","ping_status":"open","sticky":false,"template":"","format":"standard","meta":{"om_disable_all_campaigns":false,"_uf_show_specific_survey":0,"_uf_disable_surveys":false,"footnotes":""},"categories":[4],"tags":[],"class_list":["post-16441","post","type-post","status-publish","format-standard","has-post-thumbnail","hentry","category-musica"],"_links":{"self":[{"href":"https:\/\/entrenotasyacordes.com\/index.php?rest_route=\/wp\/v2\/posts\/16441","targetHints":{"allow":["GET"]}}],"collection":[{"href":"https:\/\/entrenotasyacordes.com\/index.php?rest_route=\/wp\/v2\/posts"}],"about":[{"href":"https:\/\/entrenotasyacordes.com\/index.php?rest_route=\/wp\/v2\/types\/post"}],"author":[{"embeddable":true,"href":"https:\/\/entrenotasyacordes.com\/index.php?rest_route=\/wp\/v2\/users\/5"}],"replies":[{"embeddable":true,"href":"https:\/\/entrenotasyacordes.com\/index.php?rest_route=%2Fwp%2Fv2%2Fcomments&post=16441"}],"version-history":[{"count":1,"href":"https:\/\/entrenotasyacordes.com\/index.php?rest_route=\/wp\/v2\/posts\/16441\/revisions"}],"predecessor-version":[{"id":16444,"href":"https:\/\/entrenotasyacordes.com\/index.php?rest_route=\/wp\/v2\/posts\/16441\/revisions\/16444"}],"wp:featuredmedia":[{"embeddable":true,"href":"https:\/\/entrenotasyacordes.com\/index.php?rest_route=\/wp\/v2\/media\/16442"}],"wp:attachment":[{"href":"https:\/\/entrenotasyacordes.com\/index.php?rest_route=%2Fwp%2Fv2%2Fmedia&parent=16441"}],"wp:term":[{"taxonomy":"category","embeddable":true,"href":"https:\/\/entrenotasyacordes.com\/index.php?rest_route=%2Fwp%2Fv2%2Fcategories&post=16441"},{"taxonomy":"post_tag","embeddable":true,"href":"https:\/\/entrenotasyacordes.com\/index.php?rest_route=%2Fwp%2Fv2%2Ftags&post=16441"}],"curies":[{"name":"wp","href":"https:\/\/api.w.org\/{rel}","templated":true}]}}