{"id":16445,"date":"2025-07-27T19:42:40","date_gmt":"2025-07-27T19:42:40","guid":{"rendered":"https:\/\/entrenotasyacordes.com\/?p=16445"},"modified":"2025-07-27T19:42:41","modified_gmt":"2025-07-27T19:42:41","slug":"alejandro-sanz-suma-a-carin-leon-con-nueva-version-de-el-vino-de-tu-boca","status":"publish","type":"post","link":"https:\/\/entrenotasyacordes.com\/?p=16445","title":{"rendered":"ALEJANDRO SANZ SUMA A CAR\u00cdN LE\u00d3N CON NUEVA VERSI\u00d3N DE \u201cEL VINO DE TU BOCA\u201d"},"content":{"rendered":"\n<!--more-->\n\n\n<div class=\"wp-block-image\">\n<figure class=\"aligncenter size-full is-resized\"><img loading=\"lazy\" decoding=\"async\" width=\"1600\" height=\"1600\" src=\"https:\/\/entrenotasyacordes.com\/wp-content\/uploads\/2025\/07\/9hhh.jpg\" alt=\"\" class=\"wp-image-16446\" style=\"width:654px;height:auto\" srcset=\"https:\/\/entrenotasyacordes.com\/wp-content\/uploads\/2025\/07\/9hhh.jpg 1600w, https:\/\/entrenotasyacordes.com\/wp-content\/uploads\/2025\/07\/9hhh-300x300.jpg 300w, https:\/\/entrenotasyacordes.com\/wp-content\/uploads\/2025\/07\/9hhh-1024x1024.jpg 1024w, https:\/\/entrenotasyacordes.com\/wp-content\/uploads\/2025\/07\/9hhh-150x150.jpg 150w, https:\/\/entrenotasyacordes.com\/wp-content\/uploads\/2025\/07\/9hhh-768x768.jpg 768w, https:\/\/entrenotasyacordes.com\/wp-content\/uploads\/2025\/07\/9hhh-1536x1536.jpg 1536w, https:\/\/entrenotasyacordes.com\/wp-content\/uploads\/2025\/07\/9hhh-50x50.jpg 50w\" sizes=\"auto, (max-width: 1600px) 100vw, 1600px\" \/><\/figure>\n<\/div>\n\n\n<p class=\"has-text-align-left\">El \u00edcono global de la m\u00fasica, Alejandro Sanz, sorprende a sus fans con una nueva versi\u00f3n de uno de sus temas m\u00e1s recientes, uniendo fuerzas con el fen\u00f3meno del regional mexicano Car\u00edn Le\u00f3n para el <strong>\u201cEl Vino de Tu Boca\u201d.<\/strong><\/p>\n\n\n\n<p>Originalmente lanzada como parte de su \u00e1lbum <strong>\u00bfY Ahora Qu\u00e9?,<\/strong> la versi\u00f3n original de \u201cEl Vino de Tu Boca\u201d fue un absoluto \u00e9xito para sus fans y oyentes, acumulando m\u00e1s de 23 millones de reproducciones y generando m\u00e1s de 160,000 videos en TikTok. Ahora, el tema vuelve a cobrar una segunda vida con la inconfundible voz de Car\u00edn Le\u00f3n, que le aporta una dosis de pasi\u00f3n y un toque regional innegable.<\/p>\n\n\n\n<p><strong>En Palabras de Car\u00edn: \u201c<em>Alejandro Sanz es un referente y una de las personas que m\u00e1s admiro en la industria. Colaborar con \u00e9l en este remix ha sido &#8216;m\u00e1s que una bendici\u00f3n&#8217; \u2013 una satisfacci\u00f3n enorme. Esta canci\u00f3n es indiscutiblemente contagiosa, y formar parte de este proyecto junto al maestro me llena de orgullo. Espero que el p\u00fablico la aprecie tanto como nosotros.\u201d<\/em><\/strong><\/p>\n\n\n\n<p class=\"has-text-align-left\"><strong>Alejandro suma que: \u201c<em>De la m\u00fasica recib\u00ed un gran regalo: ver c\u00f3mo esta canci\u00f3n, que ni siquiera era un sencillo planeado, encontr\u00f3 su lugar de forma tan genuina y la adoptaron los oyentes. \u00a1Son los &#8216;duendes de la m\u00fasica&#8217; actuando! Y ahora, el doble regalo: hacer este remix con mi querido amigo Car\u00edn, un talento incre\u00edble. Siempre he admirado su forma de cantar, c\u00f3mo explora la m\u00fasica, el profundo respeto por la profesi\u00f3n y lo que le aporta a la canci\u00f3n. Creo que es uno de esos d\u00faos que marcan&#8230; \u00a1Espero que lo disfruten!\u201d<\/em><\/strong> Este lanzamiento marca la primera colaboraci\u00f3n entre Alejandro Sanz y Car\u00edn Le\u00f3n, sum\u00e1ndose a la lista de colaboraciones destacadas que Sanz ha presentado este a\u00f1o, entre las que ya figuran Shakira, Manuel Turizo o Grupo Frontera. Esta versi\u00f3n llega tras el estreno de los videos oficiales de \u201cC\u00f3mo Ser\u00eda\u201d y \u201cEl Vino de Tu Boca\u201d, que ya acumulan millones de visitas y consolidan a\u00fan m\u00e1s a Sanz como una de las figuras m\u00e1s influyentes y vers\u00e1tiles de la m\u00fasica latina.<\/p>\n","protected":false},"excerpt":{"rendered":"","protected":false},"author":5,"featured_media":16446,"comment_status":"open","ping_status":"open","sticky":false,"template":"","format":"standard","meta":{"om_disable_all_campaigns":false,"_uf_show_specific_survey":0,"_uf_disable_surveys":false,"footnotes":""},"categories":[4],"tags":[],"class_list":["post-16445","post","type-post","status-publish","format-standard","has-post-thumbnail","hentry","category-musica"],"_links":{"self":[{"href":"https:\/\/entrenotasyacordes.com\/index.php?rest_route=\/wp\/v2\/posts\/16445","targetHints":{"allow":["GET"]}}],"collection":[{"href":"https:\/\/entrenotasyacordes.com\/index.php?rest_route=\/wp\/v2\/posts"}],"about":[{"href":"https:\/\/entrenotasyacordes.com\/index.php?rest_route=\/wp\/v2\/types\/post"}],"author":[{"embeddable":true,"href":"https:\/\/entrenotasyacordes.com\/index.php?rest_route=\/wp\/v2\/users\/5"}],"replies":[{"embeddable":true,"href":"https:\/\/entrenotasyacordes.com\/index.php?rest_route=%2Fwp%2Fv2%2Fcomments&post=16445"}],"version-history":[{"count":1,"href":"https:\/\/entrenotasyacordes.com\/index.php?rest_route=\/wp\/v2\/posts\/16445\/revisions"}],"predecessor-version":[{"id":16447,"href":"https:\/\/entrenotasyacordes.com\/index.php?rest_route=\/wp\/v2\/posts\/16445\/revisions\/16447"}],"wp:featuredmedia":[{"embeddable":true,"href":"https:\/\/entrenotasyacordes.com\/index.php?rest_route=\/wp\/v2\/media\/16446"}],"wp:attachment":[{"href":"https:\/\/entrenotasyacordes.com\/index.php?rest_route=%2Fwp%2Fv2%2Fmedia&parent=16445"}],"wp:term":[{"taxonomy":"category","embeddable":true,"href":"https:\/\/entrenotasyacordes.com\/index.php?rest_route=%2Fwp%2Fv2%2Fcategories&post=16445"},{"taxonomy":"post_tag","embeddable":true,"href":"https:\/\/entrenotasyacordes.com\/index.php?rest_route=%2Fwp%2Fv2%2Ftags&post=16445"}],"curies":[{"name":"wp","href":"https:\/\/api.w.org\/{rel}","templated":true}]}}