{"id":16448,"date":"2025-07-27T20:06:47","date_gmt":"2025-07-27T20:06:47","guid":{"rendered":"https:\/\/entrenotasyacordes.com\/?p=16448"},"modified":"2025-07-27T20:06:48","modified_gmt":"2025-07-27T20:06:48","slug":"roze-presenta-supuestamente-junto-a-desakta2-otro-adelanto-de-su-album-debut-tu-vecino-nos-conoce","status":"publish","type":"post","link":"https:\/\/entrenotasyacordes.com\/?p=16448","title":{"rendered":"ROZE PRESENTA \u00abSUPUESTAMENTE\u00bb JUNTO A DESAKTA2 OTRO ADELANTO DE SU \u00c1LBUM DEBUT \u201cTU VECINO NOS CONOCE\u201d"},"content":{"rendered":"\n<!--more-->\n\n\n<div class=\"wp-block-image\">\n<figure class=\"aligncenter size-full is-resized\"><img loading=\"lazy\" decoding=\"async\" width=\"2048\" height=\"2048\" src=\"https:\/\/entrenotasyacordes.com\/wp-content\/uploads\/2025\/07\/9hhhh.png\" alt=\"\" class=\"wp-image-16450\" style=\"width:654px;height:auto\" srcset=\"https:\/\/entrenotasyacordes.com\/wp-content\/uploads\/2025\/07\/9hhhh.png 2048w, https:\/\/entrenotasyacordes.com\/wp-content\/uploads\/2025\/07\/9hhhh-300x300.png 300w, https:\/\/entrenotasyacordes.com\/wp-content\/uploads\/2025\/07\/9hhhh-1024x1024.png 1024w, https:\/\/entrenotasyacordes.com\/wp-content\/uploads\/2025\/07\/9hhhh-150x150.png 150w, https:\/\/entrenotasyacordes.com\/wp-content\/uploads\/2025\/07\/9hhhh-768x768.png 768w, https:\/\/entrenotasyacordes.com\/wp-content\/uploads\/2025\/07\/9hhhh-1536x1536.png 1536w, https:\/\/entrenotasyacordes.com\/wp-content\/uploads\/2025\/07\/9hhhh-50x50.png 50w\" sizes=\"auto, (max-width: 2048px) 100vw, 2048px\" \/><\/figure>\n<\/div>\n\n\n<p class=\"has-text-align-left\">Tras el rotundo \u00e9xito de <a href=\"https:\/\/lnk.to\/TuJardinConEnanitos\"><strong>\u201cTu Jard\u00edn con Enanitos\u201d<\/strong><\/a> \u2014 que se mantuvo durante m\u00e1s de dos semanas consecutivas en el puesto<strong> #1 del Top 50 de Spotify Argentina<\/strong> y alcanz\u00f3 <strong>el #22 en el ranking global de canciones virales<\/strong>\u2014 el d\u00fao de cumbia<strong> ROZE <\/strong>regresa con un nuevo adelanto de su esperado \u00e1lbum debut \u201cTu vecino nos conoce\u201d. Esta vez presentan <strong>\u201cSupuestamente\u201d, <\/strong>una canci\u00f3n in\u00e9dita que marca un nuevo cap\u00edtulo en su carrera.<\/p>\n\n\n\n<p>En colaboraci\u00f3n con <strong>DesaKta2,<\/strong> el d\u00fao de cuarteto del momento, lanzan este track como un regalo especial para celebrar el <em>D\u00eda del Amigo.<\/em> Producida por<strong> RAMKY EN LOS CONTROLES<\/strong> \u2014referente del cuarteto y creador de reversiones ic\u00f3nicas como <strong><em>\u201cSuavemente\u201d <\/em><\/strong><em>y <strong>\u201cUn siglo sin ti\u201d <\/strong><\/em>junto a <strong>Luck Ra<\/strong>\u2014 <strong>\u201cSupuestamente\u201d <\/strong>se convierte en un cuartetazo fresco y contagioso, ideal para brindar con un fernet y celebrar la amistad. Nacido de la complicidad entre amigos y pensado para acompa\u00f1ar esos momentos compartidos, el tema refleja la buena onda y la qu\u00edmica entre <strong>ROZE y DesaKta2.<\/strong> Alegre, bailable y con el sello caracter\u00edstico del grupo, es una invitaci\u00f3n a disfrutar sin vueltas.<\/p>\n\n\n\n<p>El videoclip, dirigido por <strong>Ezequiel Llanos<\/strong> y filmado en el colorido barrio de La Boca, transmite toda la energ\u00eda vibrante del d\u00fao y potencia el esp\u00edritu festivo del tema.<\/p>\n\n\n\n<p class=\"has-text-align-left\">Adem\u00e1s, <strong>ROZE<\/strong> anunci\u00f3 el primer show en vivo de su carrera: ser\u00e1 el 29 de agosto en el emblem\u00e1tico Teatro \u00d3pera de Buenos Aires. Una noche hist\u00f3rica donde presentar\u00e1n oficialmente <strong>\u201cTu vecino nos conoce\u201d,<\/strong> con invitados sorpresa y un recorrido por sus grandes \u00e9xitos, como <a href=\"https:\/\/lnk.to\/Inocente\"><strong><em>\u201cInocente\u201d<\/em><\/strong><\/a><em> (junto a Peipper)<strong> y \u201cTurreo Session\u201d <\/strong>(con DJ TAO).<\/em><em><\/em><\/p>\n\n\n<div class=\"wp-block-image\">\n<figure class=\"aligncenter size-full is-resized\"><img loading=\"lazy\" decoding=\"async\" width=\"642\" height=\"750\" src=\"https:\/\/entrenotasyacordes.com\/wp-content\/uploads\/2025\/07\/9hhhhh.jpg\" alt=\"\" class=\"wp-image-16449\" style=\"width:654px;height:auto\" srcset=\"https:\/\/entrenotasyacordes.com\/wp-content\/uploads\/2025\/07\/9hhhhh.jpg 642w, https:\/\/entrenotasyacordes.com\/wp-content\/uploads\/2025\/07\/9hhhhh-257x300.jpg 257w\" sizes=\"auto, (max-width: 642px) 100vw, 642px\" \/><\/figure>\n<\/div>\n\n\n<p><strong><u>Acerca de ROZE:<\/u><\/strong><br>En el coraz\u00f3n de la escena musical de Parque Avellaneda, dos j\u00f3venes visionarios emergen como precursores de un nuevo movimiento sonoro: <strong>Rocco Gang y Treze YT,<\/strong> el d\u00fao de m\u00fasica urbana que ha cautivado los corazones de sus seguidores desde 2017.<\/p>\n\n\n\n<p>Con apenas 22 a\u00f1os de edad, Rocco Gang y Treze YT han forjado su camino desde los inexplorados rincones de Parque Avellaneda hasta el centro de la innovaci\u00f3n musical.<\/p>\n\n\n\n<p>Bajo el nombre de Young Team, comenzaron su traves\u00eda art\u00edstica explorando diversos g\u00e9neros musicales antes de descubrir su verdadera pasi\u00f3n en la m\u00fasica urbana y la cumbia.<\/p>\n\n\n\n<p>Este d\u00fao no solo representa la nueva ola de la m\u00fasica urbana, sino que tambi\u00e9n encarna la esencia misma de la juventud creativa. Hasta el momento (y sin mencionar a <strong>Peipper<\/strong>) los Roze tienen colaboraciones con <strong>La Joaqui,<\/strong> <strong>Luck Ra, Marama, <\/strong>&nbsp;<strong>Alan Gomez,<\/strong> <strong>Dj TAO, Perro primo, L-Gante, Salastkbron<\/strong> y otros referentes del g\u00e9nero urbano.<\/p>\n\n\n\n<p>&nbsp;El fen\u00f3meno imparable <strong>ROZE<\/strong>, contin\u00faa marcando al g\u00e9nero: a solo una semana del lanzamiento de su single<strong> INOCENTE<\/strong>, lograron ubicarse entre las canciones m\u00e1s reproducidas, escalando hasta el puesto <strong>#27<\/strong> dentro del <strong>Top 50 de Spotify Argentina.<\/strong> Tanto <strong>INOCENTE<\/strong> como su colaboraci\u00f3n con<strong> DJ TAO<\/strong> en las <strong>TURREO SESSION<\/strong> lograron ubicarse en el<strong> top 10 del Top 50 de Spotify Argentina.<\/strong><\/p>\n\n\n\n<p><strong><u>Acerca de Desakta2:<\/u><\/strong><br><strong>Desakta2<\/strong> es una banda cordobesa (Argentina) de cuarteto compuesta por los vocalistas <strong>Joaqu\u00edn Mart\u00edn y Fernando Olmedo.<\/strong> Tuvieron su debut art\u00edstico en octubre del 2021, en Rosario Chateau (C\u00f3rdoba). Desde ese momento, se presentaron en diferentes boliches y festivales del interior de la provincia y del pa\u00eds, generando una excelente convocatoria. A lo largo de sus 4 a\u00f1os de carrera tuvieron el privilegio de presentarse en Plaza de la M\u00fasica (provincia de C\u00f3rdoba, Argentina), en diferentes ocasiones, logrando Sold Out en cada una de ellas. As\u00ed como tambi\u00e9n estuvieron en Forja eventos (provincia de C\u00f3rdoba, Argentina). Entre sus shows m\u00e1s importantes se destacan festivales como: Cosqu\u00edn Cuarteto, Festival de Pe\u00f1as de Villa, Festival de Jesus Maria y los eventos m\u00e1s importantes del pa\u00eds.<\/p>\n","protected":false},"excerpt":{"rendered":"","protected":false},"author":5,"featured_media":16450,"comment_status":"open","ping_status":"open","sticky":false,"template":"","format":"standard","meta":{"om_disable_all_campaigns":false,"_uf_show_specific_survey":0,"_uf_disable_surveys":false,"footnotes":""},"categories":[4],"tags":[],"class_list":["post-16448","post","type-post","status-publish","format-standard","has-post-thumbnail","hentry","category-musica"],"_links":{"self":[{"href":"https:\/\/entrenotasyacordes.com\/index.php?rest_route=\/wp\/v2\/posts\/16448","targetHints":{"allow":["GET"]}}],"collection":[{"href":"https:\/\/entrenotasyacordes.com\/index.php?rest_route=\/wp\/v2\/posts"}],"about":[{"href":"https:\/\/entrenotasyacordes.com\/index.php?rest_route=\/wp\/v2\/types\/post"}],"author":[{"embeddable":true,"href":"https:\/\/entrenotasyacordes.com\/index.php?rest_route=\/wp\/v2\/users\/5"}],"replies":[{"embeddable":true,"href":"https:\/\/entrenotasyacordes.com\/index.php?rest_route=%2Fwp%2Fv2%2Fcomments&post=16448"}],"version-history":[{"count":1,"href":"https:\/\/entrenotasyacordes.com\/index.php?rest_route=\/wp\/v2\/posts\/16448\/revisions"}],"predecessor-version":[{"id":16451,"href":"https:\/\/entrenotasyacordes.com\/index.php?rest_route=\/wp\/v2\/posts\/16448\/revisions\/16451"}],"wp:featuredmedia":[{"embeddable":true,"href":"https:\/\/entrenotasyacordes.com\/index.php?rest_route=\/wp\/v2\/media\/16450"}],"wp:attachment":[{"href":"https:\/\/entrenotasyacordes.com\/index.php?rest_route=%2Fwp%2Fv2%2Fmedia&parent=16448"}],"wp:term":[{"taxonomy":"category","embeddable":true,"href":"https:\/\/entrenotasyacordes.com\/index.php?rest_route=%2Fwp%2Fv2%2Fcategories&post=16448"},{"taxonomy":"post_tag","embeddable":true,"href":"https:\/\/entrenotasyacordes.com\/index.php?rest_route=%2Fwp%2Fv2%2Ftags&post=16448"}],"curies":[{"name":"wp","href":"https:\/\/api.w.org\/{rel}","templated":true}]}}