{"id":16452,"date":"2025-07-27T20:10:29","date_gmt":"2025-07-27T20:10:29","guid":{"rendered":"https:\/\/entrenotasyacordes.com\/?p=16452"},"modified":"2025-07-27T20:10:29","modified_gmt":"2025-07-27T20:10:29","slug":"jaze-lanza-el-videoclip-de-pense-en-ti-junto-al-artista-mexicano-caloncho","status":"publish","type":"post","link":"https:\/\/entrenotasyacordes.com\/?p=16452","title":{"rendered":"JAZE LANZA EL VIDEOCLIP DE \u201cPENS\u00c9 EN TI\u201d, JUNTO AL ARTISTA MEXICANO CALONCHO."},"content":{"rendered":"\n<!--more-->\n\n\n\n<p class=\"has-text-align-left\"><strong><em>Jaze presenta el videoclip oficial de \u201cpens\u00e9 en ti\u201d tras ser incluida en la lista \u201ceditor\u2019s pick: best songs of the year (so far)\u201d\u00a0de Spotify.<\/em><\/strong><\/p>\n\n\n<div class=\"wp-block-image\">\n<figure class=\"aligncenter size-full is-resized\"><img loading=\"lazy\" decoding=\"async\" width=\"888\" height=\"1333\" src=\"https:\/\/entrenotasyacordes.com\/wp-content\/uploads\/2025\/07\/9hhhhhh.jpg\" alt=\"\" class=\"wp-image-16453\" style=\"width:654px;height:auto\" srcset=\"https:\/\/entrenotasyacordes.com\/wp-content\/uploads\/2025\/07\/9hhhhhh.jpg 888w, https:\/\/entrenotasyacordes.com\/wp-content\/uploads\/2025\/07\/9hhhhhh-200x300.jpg 200w, https:\/\/entrenotasyacordes.com\/wp-content\/uploads\/2025\/07\/9hhhhhh-682x1024.jpg 682w, https:\/\/entrenotasyacordes.com\/wp-content\/uploads\/2025\/07\/9hhhhhh-768x1153.jpg 768w\" sizes=\"auto, (max-width: 888px) 100vw, 888px\" \/><\/figure>\n<\/div>\n\n\n<p>Luego de ser considerada como una de las mejores canciones del 2025 por Spotify,&nbsp;\u201cpens\u00e9 en ti\u201d&nbsp;da un nuevo paso con el lanzamiento de su videoclip oficial. El sencillo, que se volvi\u00f3 viral en los&nbsp;<em>Spotify Charts<\/em>&nbsp;de M\u00e9xico, Per\u00fa y Ecuador, contin\u00faa expandiendo su impacto con esta nueva pieza audiovisual.<\/p>\n\n\n\n<p>El videoclip, dirigido por Zayi Olvera y producido por Supremacy Studios, acompa\u00f1a la energ\u00eda brillante y emotiva de la canci\u00f3n con una propuesta visual delicada y cuidada. A trav\u00e9s de una narrativa sencilla pero poderosa, refuerza el tono introspectivo de \u201cquiz\u00e1 no es para tanto\u201d, el m\u00e1s reciente \u00e1lbum de Jaze bajo el sello Sony Music.<\/p>\n\n\n\n<p>Este lanzamiento llega en un momento clave para el artista tras el inicio de su gira internacional con una exitosa presentaci\u00f3n en el club Niceto de Buenos Aires (8\/7), y con fechas confirmadas en Madrid (11\/9), Barcelona (13\/9), Lima (26\/9),&nbsp;Arequipa (27\/9) y el Festival Bandera en Rosario (01\/11). Adem\u00e1s, Jaze ha sido recientemente incluido en la lista&nbsp;<em>Forbes 30 Under 30 Colombia 2025<\/em>, compartiendo reconocimiento con figuras como&nbsp;Peso Pluma, Christian Nodal&nbsp;y&nbsp;Danna Paola, consolidando su lugar como una de las voces m\u00e1s influyentes de la nueva generaci\u00f3n musical latina.<\/p>\n\n\n\n<p><strong>Cr\u00e9ditos del videoclip \u201cPens\u00e9 en Ti\u201d:<\/strong><br>Direcci\u00f3n: Zayi Olvera | Casa Productora: Supremacy Studios | Direcci\u00f3n Creativa: Elesdex &amp; Zayi Olvera | Cinematograf\u00eda: Zayi Olvera | Handycam y foto fija: Josu\u00e9 Ruso | Correcci\u00f3n de color: Edgar Osaji | Edici\u00f3n: Zayi Olvera | Direcci\u00f3n de arte: Lola Ren | Decoradora: Lizbeth Olea | Producci\u00f3n en l\u00ednea: Edgar Osaji | Locaci\u00f3n: Sonic Garden | Ingenier\u00eda de audio en set: Agust\u00edn y Tom\u00e1s Enciso.<\/p>\n","protected":false},"excerpt":{"rendered":"","protected":false},"author":5,"featured_media":16453,"comment_status":"open","ping_status":"open","sticky":false,"template":"","format":"standard","meta":{"om_disable_all_campaigns":false,"_uf_show_specific_survey":0,"_uf_disable_surveys":false,"footnotes":""},"categories":[4],"tags":[],"class_list":["post-16452","post","type-post","status-publish","format-standard","has-post-thumbnail","hentry","category-musica"],"_links":{"self":[{"href":"https:\/\/entrenotasyacordes.com\/index.php?rest_route=\/wp\/v2\/posts\/16452","targetHints":{"allow":["GET"]}}],"collection":[{"href":"https:\/\/entrenotasyacordes.com\/index.php?rest_route=\/wp\/v2\/posts"}],"about":[{"href":"https:\/\/entrenotasyacordes.com\/index.php?rest_route=\/wp\/v2\/types\/post"}],"author":[{"embeddable":true,"href":"https:\/\/entrenotasyacordes.com\/index.php?rest_route=\/wp\/v2\/users\/5"}],"replies":[{"embeddable":true,"href":"https:\/\/entrenotasyacordes.com\/index.php?rest_route=%2Fwp%2Fv2%2Fcomments&post=16452"}],"version-history":[{"count":1,"href":"https:\/\/entrenotasyacordes.com\/index.php?rest_route=\/wp\/v2\/posts\/16452\/revisions"}],"predecessor-version":[{"id":16454,"href":"https:\/\/entrenotasyacordes.com\/index.php?rest_route=\/wp\/v2\/posts\/16452\/revisions\/16454"}],"wp:featuredmedia":[{"embeddable":true,"href":"https:\/\/entrenotasyacordes.com\/index.php?rest_route=\/wp\/v2\/media\/16453"}],"wp:attachment":[{"href":"https:\/\/entrenotasyacordes.com\/index.php?rest_route=%2Fwp%2Fv2%2Fmedia&parent=16452"}],"wp:term":[{"taxonomy":"category","embeddable":true,"href":"https:\/\/entrenotasyacordes.com\/index.php?rest_route=%2Fwp%2Fv2%2Fcategories&post=16452"},{"taxonomy":"post_tag","embeddable":true,"href":"https:\/\/entrenotasyacordes.com\/index.php?rest_route=%2Fwp%2Fv2%2Ftags&post=16452"}],"curies":[{"name":"wp","href":"https:\/\/api.w.org\/{rel}","templated":true}]}}