{"id":16455,"date":"2025-07-27T20:13:30","date_gmt":"2025-07-27T20:13:30","guid":{"rendered":"https:\/\/entrenotasyacordes.com\/?p=16455"},"modified":"2025-07-27T20:13:31","modified_gmt":"2025-07-27T20:13:31","slug":"christian-nodal-presenta-un-nostalgico-y-profundo-tema-nuevo-sabina","status":"publish","type":"post","link":"https:\/\/entrenotasyacordes.com\/?p=16455","title":{"rendered":"CHRISTIAN NODAL presenta un nost\u00e1lgico y profundo tema nuevo: \u201cSABINA\u201d"},"content":{"rendered":"\n<!--more-->\n\n\n<div class=\"wp-block-image\">\n<figure class=\"aligncenter size-full is-resized\"><img loading=\"lazy\" decoding=\"async\" width=\"858\" height=\"849\" src=\"https:\/\/entrenotasyacordes.com\/wp-content\/uploads\/2025\/07\/9j.png\" alt=\"\" class=\"wp-image-16456\" style=\"width:654px;height:auto\" srcset=\"https:\/\/entrenotasyacordes.com\/wp-content\/uploads\/2025\/07\/9j.png 858w, https:\/\/entrenotasyacordes.com\/wp-content\/uploads\/2025\/07\/9j-300x297.png 300w, https:\/\/entrenotasyacordes.com\/wp-content\/uploads\/2025\/07\/9j-768x760.png 768w, https:\/\/entrenotasyacordes.com\/wp-content\/uploads\/2025\/07\/9j-50x50.png 50w\" sizes=\"auto, (max-width: 858px) 100vw, 858px\" \/><\/figure>\n<\/div>\n\n\n<p class=\"has-text-align-left\"><strong>C<\/strong><strong>ON una autenticidad art\u00edstica inquebrantable,<\/strong> <strong>CHRISTIAN<\/strong> <strong>NODAL<\/strong> se ha posicionado como una de las estrellas latinas m\u00e1s destacadas a nivel global rompiendo r\u00e9cords en plataformas digitales y cruzando las fronteras con sus canciones.<\/p>\n\n\n\n<p>Ahora vuelve a estremecer corazones con el lanzamiento de su nuevo corte llamado <strong><u>\u201cSABINA\u201d<\/u><\/strong>, el cual ya se encuentra disponible en todas las plataformas digitales.<\/p>\n\n\n\n<p>Este tema, que remover\u00e1 las fibras m\u00e1s sensibles del p\u00fablico, fue escrito por <strong>Jos\u00e9 Fernando D\u00e1vila<\/strong>, <strong>Amanda Coronel<\/strong>, <strong>Omar \u00c1ngulo<\/strong> y <strong>Johan Sotelo<\/strong>, el cual habla de una historia de amor inconclusa, en la que una persona sufre por la ausencia del amor de su vida y no hay remedio alguno para dejar de extra\u00f1arla.<\/p>\n\n\n\n<p>Definitivamente el artista sonorense sigue elevando la m\u00fasica mexicana a lo m\u00e1s alto. Con una voz inconfundible y una sensibilidad extraordinaria, <strong>NODAL<\/strong> hace que <strong>\u201cSABINA\u201d<\/strong> sea \u00fanica y seguramente conectar\u00e1 con cada uno de sus fans, que esperaban con ansias poder escuchar la canci\u00f3n completa. Definitivamente el artista sonorense sigue elevando la m\u00fasica regional mexicana a lo m\u00e1s alto.<\/p>\n\n\n\n<p class=\"has-text-align-left\">Por otra parte, <strong>CHRISTIAN<\/strong> <strong>NODAL<\/strong> contin\u00faa con <strong>Pal\u2019Cora 2 Tour<\/strong> y este viernes <strong>25 de julio<\/strong> llegar\u00e1 con todos sus \u00e9xitos al <strong>Palenque de Arandas<\/strong>, <strong>Jalisco<\/strong> y el s\u00e1bado 26 al <strong>Lienzo Charro<\/strong> <strong>Santa Mar\u00eda<\/strong> en <strong>Lagos de Moreno<\/strong>, <strong>Jalisco<\/strong>.<\/p>\n","protected":false},"excerpt":{"rendered":"","protected":false},"author":5,"featured_media":16456,"comment_status":"open","ping_status":"open","sticky":false,"template":"","format":"standard","meta":{"om_disable_all_campaigns":false,"_uf_show_specific_survey":0,"_uf_disable_surveys":false,"footnotes":""},"categories":[4],"tags":[],"class_list":["post-16455","post","type-post","status-publish","format-standard","has-post-thumbnail","hentry","category-musica"],"_links":{"self":[{"href":"https:\/\/entrenotasyacordes.com\/index.php?rest_route=\/wp\/v2\/posts\/16455","targetHints":{"allow":["GET"]}}],"collection":[{"href":"https:\/\/entrenotasyacordes.com\/index.php?rest_route=\/wp\/v2\/posts"}],"about":[{"href":"https:\/\/entrenotasyacordes.com\/index.php?rest_route=\/wp\/v2\/types\/post"}],"author":[{"embeddable":true,"href":"https:\/\/entrenotasyacordes.com\/index.php?rest_route=\/wp\/v2\/users\/5"}],"replies":[{"embeddable":true,"href":"https:\/\/entrenotasyacordes.com\/index.php?rest_route=%2Fwp%2Fv2%2Fcomments&post=16455"}],"version-history":[{"count":1,"href":"https:\/\/entrenotasyacordes.com\/index.php?rest_route=\/wp\/v2\/posts\/16455\/revisions"}],"predecessor-version":[{"id":16457,"href":"https:\/\/entrenotasyacordes.com\/index.php?rest_route=\/wp\/v2\/posts\/16455\/revisions\/16457"}],"wp:featuredmedia":[{"embeddable":true,"href":"https:\/\/entrenotasyacordes.com\/index.php?rest_route=\/wp\/v2\/media\/16456"}],"wp:attachment":[{"href":"https:\/\/entrenotasyacordes.com\/index.php?rest_route=%2Fwp%2Fv2%2Fmedia&parent=16455"}],"wp:term":[{"taxonomy":"category","embeddable":true,"href":"https:\/\/entrenotasyacordes.com\/index.php?rest_route=%2Fwp%2Fv2%2Fcategories&post=16455"},{"taxonomy":"post_tag","embeddable":true,"href":"https:\/\/entrenotasyacordes.com\/index.php?rest_route=%2Fwp%2Fv2%2Ftags&post=16455"}],"curies":[{"name":"wp","href":"https:\/\/api.w.org\/{rel}","templated":true}]}}